{"id":72677,"date":"2026-04-20T14:01:15","date_gmt":"2026-04-20T13:01:15","guid":{"rendered":"https:\/\/www.africanchallenges.com\/?p=72677"},"modified":"2026-04-20T14:01:17","modified_gmt":"2026-04-20T13:01:17","slug":"inde-cooperation-internationale-signature-dun-protocole-entre-le-ministere-des-affaires-minoritaires-et-liit-patna-dans-le-cadre-du-programme-pm-vikas","status":"publish","type":"post","link":"https:\/\/www.africanchallenges.com\/?p=72677","title":{"rendered":"Inde-Coop\u00e9ration internationale : signature d\u2019un protocole entre le minist\u00e8re des Affaires minoritaires et l\u2019IIT Patna dans le cadre du programme PM VIKAS"},"content":{"rendered":"\n<p class=\"wp-block-paragraph\">Marquant une \u00e9tape importante vers une formation adapt\u00e9e \u00e0 l&rsquo;avenir, le minist\u00e8re des Affaires des minorit\u00e9s a sign\u00e9 un protocole d&rsquo;accord avec l&rsquo;Institut indien de technologie (IIT) de Patna dans le cadre du programme PM VIKAS (Pradhan Mantri Virasat Ka Samvardhan).<\/p>\n\n\n\n<p class=\"wp-block-paragraph\">Le protocole d&rsquo;accord a \u00e9t\u00e9 \u00e9chang\u00e9 en pr\u00e9sence de Mme Neha Giri, directrice du minist\u00e8re des Affaires des minorit\u00e9s, du professeur TN Singh, directeur de l&rsquo;IIT Patna, et de hauts responsables des deux institutions.<\/p>\n\n\n\n<p class=\"wp-block-paragraph\">Dans le cadre de cette collaboration strat\u00e9gique, 600 jeunes issus des minorit\u00e9s de l&rsquo;\u00c9tat du Bihar seront form\u00e9s par l&rsquo;IIT Patna aux m\u00e9tiers \u00e9mergents et tr\u00e8s recherch\u00e9s, tels que technicien en intelligence artificielle et responsable de l&rsquo;analyse de donn\u00e9es. Ce programme de formation vise \u00e0 doter les participants de comp\u00e9tences adapt\u00e9es aux besoins du march\u00e9 du travail.<\/p>\n\n\n\n<p class=\"wp-block-paragraph\">Cette initiative vise \u00e0 am\u00e9liorer l&#8217;employabilit\u00e9 et \u00e0 faciliter l&rsquo;insertion professionnelle des jeunes issus des minorit\u00e9s gr\u00e2ce \u00e0 des formations modernes ax\u00e9es sur les technologies. Elle renforce l&rsquo;objectif principal du programme PM VIKAS, qui est de combler le d\u00e9ficit de comp\u00e9tences et de permettre l&rsquo;acc\u00e8s \u00e0 des moyens de subsistance durables gr\u00e2ce \u00e0 des formations contemporaines.<\/p>\n\n\n\n<p class=\"wp-block-paragraph\">En s&rsquo;associant \u00e0 une institution de premier plan comme l&rsquo;IIT Patna, le minist\u00e8re cherche \u00e0 garantir une formation de qualit\u00e9, une immersion dans le secteur industriel et de meilleures perspectives de carri\u00e8re pour les b\u00e9n\u00e9ficiaires, contribuant ainsi \u00e0 une croissance inclusive et \u00e0 l&rsquo;autonomisation.<\/p>\n\n\n\n<p class=\"wp-block-paragraph\">Il convient de souligner que cette collaboration s&rsquo;inscrit dans la continuit\u00e9 des efforts d\u00e9ploy\u00e9s par le minist\u00e8re dans le cadre du programme PM VIKAS. La semaine derni\u00e8re, le minist\u00e8re des Affaires minoritaires a \u00e9galement sign\u00e9 des protocoles d&rsquo;accord avec l&rsquo;Institut indien de technologie de Dharwad, l&rsquo;Institut national de technologie du Manipur, l&rsquo;Institut central de recherche en g\u00e9nie m\u00e9canique du CSIR \u00e0 Durgapur et la Soci\u00e9t\u00e9 foresti\u00e8re de l&rsquo;Arunachal Pradesh, renfor\u00e7ant ainsi son r\u00e9seau d&rsquo;\u00e9tablissements de premier plan pour la mise en \u0153uvre de programmes de perfectionnement des comp\u00e9tences de haute qualit\u00e9, ax\u00e9s sur les besoins de l&rsquo;industrie.<\/p>\n","protected":false},"excerpt":{"rendered":"<p>Marquant une \u00e9tape importante vers une formation adapt\u00e9e \u00e0 l&rsquo;avenir, le minist\u00e8re des Affaires des minorit\u00e9s a sign\u00e9 un protocole d&rsquo;accord avec l&rsquo;Institut indien de technologie (IIT) de Patna dans le cadre du programme PM VIKAS (Pradhan Mantri Virasat Ka Samvardhan). Le protocole d&rsquo;accord a \u00e9t\u00e9 \u00e9chang\u00e9 en pr\u00e9sence de Mme Neha Giri, directrice du [&hellip;]<\/p>\n","protected":false},"author":4,"featured_media":72678,"comment_status":"open","ping_status":"closed","sticky":false,"template":"","format":"standard","meta":{"content-type":"","jnews-multi-image_gallery":[],"jnews_single_post":{"format":"standard"},"jnews_primary_category":[],"jnews_override_bookmark_settings":[],"jnews_review":[],"enable_review":"","type":"","name":"","summary":"","brand":"","sku":"","good":[],"bad":[],"score_override":"","override_value":"","rating":[],"price":[],"jnews_post_split":[],"footnotes":""},"categories":[6],"tags":[244,18267,18266,18268,7539],"class_list":["post-72677","post","type-post","status-publish","format-standard","has-post-thumbnail","hentry","category-world","tag-inde","tag-liit-patna","tag-ministere-des-affaires-minoritaires","tag-pm-vikas","tag-protocole"],"_links":{"self":[{"href":"https:\/\/www.africanchallenges.com\/index.php?rest_route=\/wp\/v2\/posts\/72677","targetHints":{"allow":["GET"]}}],"collection":[{"href":"https:\/\/www.africanchallenges.com\/index.php?rest_route=\/wp\/v2\/posts"}],"about":[{"href":"https:\/\/www.africanchallenges.com\/index.php?rest_route=\/wp\/v2\/types\/post"}],"author":[{"embeddable":true,"href":"https:\/\/www.africanchallenges.com\/index.php?rest_route=\/wp\/v2\/users\/4"}],"replies":[{"embeddable":true,"href":"https:\/\/www.africanchallenges.com\/index.php?rest_route=%2Fwp%2Fv2%2Fcomments&post=72677"}],"version-history":[{"count":1,"href":"https:\/\/www.africanchallenges.com\/index.php?rest_route=\/wp\/v2\/posts\/72677\/revisions"}],"predecessor-version":[{"id":72679,"href":"https:\/\/www.africanchallenges.com\/index.php?rest_route=\/wp\/v2\/posts\/72677\/revisions\/72679"}],"wp:featuredmedia":[{"embeddable":true,"href":"https:\/\/www.africanchallenges.com\/index.php?rest_route=\/wp\/v2\/media\/72678"}],"wp:attachment":[{"href":"https:\/\/www.africanchallenges.com\/index.php?rest_route=%2Fwp%2Fv2%2Fmedia&parent=72677"}],"wp:term":[{"taxonomy":"category","embeddable":true,"href":"https:\/\/www.africanchallenges.com\/index.php?rest_route=%2Fwp%2Fv2%2Fcategories&post=72677"},{"taxonomy":"post_tag","embeddable":true,"href":"https:\/\/www.africanchallenges.com\/index.php?rest_route=%2Fwp%2Fv2%2Ftags&post=72677"}],"curies":[{"name":"wp","href":"https:\/\/api.w.org\/{rel}","templated":true}]}}