{"id":72667,"date":"2026-04-20T12:54:38","date_gmt":"2026-04-20T11:54:38","guid":{"rendered":"https:\/\/www.africanchallenges.com\/?p=72667"},"modified":"2026-04-20T12:54:40","modified_gmt":"2026-04-20T11:54:40","slug":"la-ccitf-presente-son-barometre-economique-2026-des-entreprises-globalement-resilientes-malgre-un-contexte-incertain","status":"publish","type":"post","link":"https:\/\/www.africanchallenges.com\/?p=72667","title":{"rendered":"La CCITF pr\u00e9sente son barom\u00e8tre \u00e9conomique 2026 : des entreprises globalement r\u00e9silientes malgr\u00e9 un contexte incertain"},"content":{"rendered":"\n<p class=\"wp-block-paragraph\">La Chambre de Commerce et d\u2019Industrie Tuniso-Fran\u00e7aise (CCITF) a pr\u00e9sent\u00e9 les r\u00e9sultats de son barom\u00e8tre \u00e9conomique 2026, intitul\u00e9 \u00ab Impact de la conjoncture \u00e9conomique sur les performances des entreprises tuniso-fran\u00e7aises \u00bb, lors d\u2019une conf\u00e9rence de presse tenue le 7 avril 2026 dans ses locaux.<\/p>\n\n\n\n<p class=\"wp-block-paragraph\">L\u2019\u00e9v\u00e9nement a \u00e9t\u00e9 anim\u00e9 par le pr\u00e9sident de la CCITF, M. Khelil Cha\u00efbi, et le secr\u00e9taire g\u00e9n\u00e9ral, M. Mohamed Louzir, qui ont expos\u00e9 une analyse d\u00e9taill\u00e9e des perceptions des chefs d\u2019entreprise membres de la Chambre. L\u2019\u00e9tude s\u2019est int\u00e9ress\u00e9e aux performances \u00e9conomiques, \u00e0 l\u2019\u00e9volution de l\u2019environnement des affaires en Tunisie ainsi qu\u2019aux dynamiques li\u00e9es au d\u00e9veloppement durable, \u00e0 la responsabilit\u00e9 soci\u00e9tale des entreprises (RSE) et \u00e0 la digitalisation.<\/p>\n\n\n\n<p class=\"wp-block-paragraph\">Les r\u00e9sultats font ressortir une r\u00e9silience notable du tissu \u00e9conomique tuniso-fran\u00e7ais. En effet, 80 % des entreprises interrog\u00e9es indiquent une stabilit\u00e9 ou une am\u00e9lioration de leur chiffre d\u2019affaires en 2025. Par ailleurs, 87 % ont maintenu ou augment\u00e9 leurs investissements sur la m\u00eame p\u00e9riode. Les \u00e9changes commerciaux avec la France demeurent \u00e9galement stables pour 79 % des r\u00e9pondants.<\/p>\n\n\n\n<p class=\"wp-block-paragraph\">Concernant le climat des affaires en Tunisie, l\u2019\u00e9tude rel\u00e8ve une am\u00e9lioration progressive des perceptions, avec 56 % d\u2019avis favorables sur le plan \u00e9conomique, 37 % sur le plan social et 43 % sur le plan politique.<\/p>\n\n\n\n<p class=\"wp-block-paragraph\">Sur le plan des engagements extra-financiers, 40 % des entreprises d\u00e9clarent disposer d\u2019une d\u00e9marche RSE structur\u00e9e, tandis que 25 % ont entam\u00e9 une d\u00e9marche de bilan carbone. La transformation digitale appara\u00eet plus avanc\u00e9e, puisque 88 % des entreprises se situent \u00e0 un niveau moyen ou \u00e9lev\u00e9 de digitalisation.<\/p>\n\n\n\n<p class=\"wp-block-paragraph\">\u00c0 travers ce barom\u00e8tre, la CCITF met en lumi\u00e8re les dynamiques de transformation en cours au sein des entreprises tuniso-fran\u00e7aises, entre adaptation aux d\u00e9fis conjoncturels et mont\u00e9e en puissance des enjeux li\u00e9s \u00e0 la durabilit\u00e9 et \u00e0 l\u2019innovation.<\/p>\n","protected":false},"excerpt":{"rendered":"<p>La Chambre de Commerce et d\u2019Industrie Tuniso-Fran\u00e7aise (CCITF) a pr\u00e9sent\u00e9 les r\u00e9sultats de son barom\u00e8tre \u00e9conomique 2026, intitul\u00e9 \u00ab Impact de la conjoncture \u00e9conomique sur les performances des entreprises tuniso-fran\u00e7aises \u00bb, lors d\u2019une conf\u00e9rence de presse tenue le 7 avril 2026 dans ses locaux. L\u2019\u00e9v\u00e9nement a \u00e9t\u00e9 anim\u00e9 par le pr\u00e9sident de la CCITF, M. [&hellip;]<\/p>\n","protected":false},"author":4,"featured_media":72668,"comment_status":"open","ping_status":"closed","sticky":false,"template":"","format":"standard","meta":{"content-type":"","jnews-multi-image_gallery":[],"jnews_single_post":{"format":"standard"},"jnews_primary_category":[],"jnews_override_bookmark_settings":[],"jnews_review":[],"enable_review":"","type":"","name":"","summary":"","brand":"","sku":"","good":[],"bad":[],"score_override":"","override_value":"","rating":[],"price":[],"jnews_post_split":[],"footnotes":""},"categories":[43,73],"tags":[18262,12451],"class_list":["post-72667","post","type-post","status-publish","format-standard","has-post-thumbnail","hentry","category-eco-business","category-eco","tag-barometre-economique","tag-ccitf"],"_links":{"self":[{"href":"https:\/\/www.africanchallenges.com\/index.php?rest_route=\/wp\/v2\/posts\/72667","targetHints":{"allow":["GET"]}}],"collection":[{"href":"https:\/\/www.africanchallenges.com\/index.php?rest_route=\/wp\/v2\/posts"}],"about":[{"href":"https:\/\/www.africanchallenges.com\/index.php?rest_route=\/wp\/v2\/types\/post"}],"author":[{"embeddable":true,"href":"https:\/\/www.africanchallenges.com\/index.php?rest_route=\/wp\/v2\/users\/4"}],"replies":[{"embeddable":true,"href":"https:\/\/www.africanchallenges.com\/index.php?rest_route=%2Fwp%2Fv2%2Fcomments&post=72667"}],"version-history":[{"count":1,"href":"https:\/\/www.africanchallenges.com\/index.php?rest_route=\/wp\/v2\/posts\/72667\/revisions"}],"predecessor-version":[{"id":72669,"href":"https:\/\/www.africanchallenges.com\/index.php?rest_route=\/wp\/v2\/posts\/72667\/revisions\/72669"}],"wp:featuredmedia":[{"embeddable":true,"href":"https:\/\/www.africanchallenges.com\/index.php?rest_route=\/wp\/v2\/media\/72668"}],"wp:attachment":[{"href":"https:\/\/www.africanchallenges.com\/index.php?rest_route=%2Fwp%2Fv2%2Fmedia&parent=72667"}],"wp:term":[{"taxonomy":"category","embeddable":true,"href":"https:\/\/www.africanchallenges.com\/index.php?rest_route=%2Fwp%2Fv2%2Fcategories&post=72667"},{"taxonomy":"post_tag","embeddable":true,"href":"https:\/\/www.africanchallenges.com\/index.php?rest_route=%2Fwp%2Fv2%2Ftags&post=72667"}],"curies":[{"name":"wp","href":"https:\/\/api.w.org\/{rel}","templated":true}]}}