{"id":72658,"date":"2026-04-20T12:17:45","date_gmt":"2026-04-20T11:17:45","guid":{"rendered":"https:\/\/www.africanchallenges.com\/?p=72658"},"modified":"2026-04-20T12:17:46","modified_gmt":"2026-04-20T11:17:46","slug":"la-chambre-de-commerce-et-dindustrie-tunisie-cote-divoire-renforce-sa-visibilite-au-decor-expo-dabidjan","status":"publish","type":"post","link":"https:\/\/www.africanchallenges.com\/?p=72658","title":{"rendered":"La Chambre de Commerce et d\u2019Industrie Tunisie\u2013C\u00f4te d\u2019Ivoire renforce sa visibilit\u00e9 au Decor Expo d\u2019Abidjan"},"content":{"rendered":"\n<p class=\"wp-block-paragraph\">La Chambre de Commerce et d\u2019Industrie Tunisie\u2013C\u00f4te d\u2019Ivoire (CCITCI) a sign\u00e9 une participation remarqu\u00e9e au salon Decor Expo C\u00f4te d\u2019Ivoire, organis\u00e9 du 16 au 18 avril 2026 au Parc des Expositions d\u2019Abidjan, dans le cadre d\u2019un partenariat avec ATLM Expo.<\/p>\n\n\n\n<p class=\"wp-block-paragraph\">Ce rendez-vous a offert \u00e0 la Chambre une plateforme strat\u00e9gique pour mettre en avant ses actions en faveur du rapprochement \u00e9conomique entre la Tunisie et la C\u00f4te d\u2019Ivoire. \u00c0 travers sa pr\u00e9sence, la CCITCI a illustr\u00e9 son r\u00f4le actif dans le d\u00e9veloppement du networking d\u2019affaires et la promotion des \u00e9changes entre op\u00e9rateurs des deux pays.<\/p>\n\n\n\n<p class=\"wp-block-paragraph\">En marge de l\u2019\u00e9v\u00e9nement, plusieurs rencontres ont permis de consolider les liens avec les adh\u00e9rents ainsi qu\u2019avec des partenaires \u00e9conomiques et diplomatiques. Le stand de la Chambre a notamment accueilli l\u2019ambassadrice de la R\u00e9publique de Turquie en C\u00f4te d\u2019Ivoire, Deniz Erdogan Bar\u0131m, accompagn\u00e9e de Musa Ar\u0131, conseiller commercial. Les discussions ont port\u00e9 sur la place croissante qu\u2019occupe la CCITCI malgr\u00e9 sa cr\u00e9ation r\u00e9cente, ainsi que sur les perspectives de coop\u00e9ration avec les services commerciaux turcs.<\/p>\n\n\n\n<p class=\"wp-block-paragraph\">La visite de l\u2019ambassadeur de Tunisie en C\u00f4te d\u2019Ivoire, Zied Saadaoui, est venue \u00e9galement marquer ce temps fort, t\u00e9moignant de son soutien constant aux initiatives port\u00e9es par la Chambre.<\/p>\n\n\n\n<p class=\"wp-block-paragraph\">Par la qualit\u00e9 de son stand et l\u2019engagement de ses \u00e9quipes, la CCITCI a su valoriser son image tout au long du salon, confirmant son positionnement en tant qu\u2019acteur dynamique au service des relations \u00e9conomiques tuniso-ivoiriennes. Cette participation s\u2019inscrit dans une dynamique visant \u00e0 intensifier les \u00e9changes et \u00e0 renforcer l\u2019int\u00e9gration des acteurs \u00e9conomiques au sein de cet espace de coop\u00e9ration.<\/p>\n","protected":false},"excerpt":{"rendered":"<p>La Chambre de Commerce et d\u2019Industrie Tunisie\u2013C\u00f4te d\u2019Ivoire (CCITCI) a sign\u00e9 une participation remarqu\u00e9e au salon Decor Expo C\u00f4te d\u2019Ivoire, organis\u00e9 du 16 au 18 avril 2026 au Parc des Expositions d\u2019Abidjan, dans le cadre d\u2019un partenariat avec ATLM Expo. Ce rendez-vous a offert \u00e0 la Chambre une plateforme strat\u00e9gique pour mettre en avant ses [&hellip;]<\/p>\n","protected":false},"author":4,"featured_media":72659,"comment_status":"open","ping_status":"closed","sticky":false,"template":"","format":"standard","meta":{"content-type":"","jnews-multi-image_gallery":[],"jnews_single_post":{"format":"standard"},"jnews_primary_category":[],"jnews_override_bookmark_settings":[],"jnews_review":[],"enable_review":"","type":"","name":"","summary":"","brand":"","sku":"","good":[],"bad":[],"score_override":"","override_value":"","rating":[],"price":[],"jnews_post_split":[],"footnotes":""},"categories":[43,73],"tags":[202,18260,18259],"class_list":["post-72658","post","type-post","status-publish","format-standard","has-post-thumbnail","hentry","category-eco-business","category-eco","tag-abidjan","tag-chambre-de-commerce-et-dindustrie-tunisie-cote-divoire","tag-decor-expo"],"_links":{"self":[{"href":"https:\/\/www.africanchallenges.com\/index.php?rest_route=\/wp\/v2\/posts\/72658","targetHints":{"allow":["GET"]}}],"collection":[{"href":"https:\/\/www.africanchallenges.com\/index.php?rest_route=\/wp\/v2\/posts"}],"about":[{"href":"https:\/\/www.africanchallenges.com\/index.php?rest_route=\/wp\/v2\/types\/post"}],"author":[{"embeddable":true,"href":"https:\/\/www.africanchallenges.com\/index.php?rest_route=\/wp\/v2\/users\/4"}],"replies":[{"embeddable":true,"href":"https:\/\/www.africanchallenges.com\/index.php?rest_route=%2Fwp%2Fv2%2Fcomments&post=72658"}],"version-history":[{"count":1,"href":"https:\/\/www.africanchallenges.com\/index.php?rest_route=\/wp\/v2\/posts\/72658\/revisions"}],"predecessor-version":[{"id":72660,"href":"https:\/\/www.africanchallenges.com\/index.php?rest_route=\/wp\/v2\/posts\/72658\/revisions\/72660"}],"wp:featuredmedia":[{"embeddable":true,"href":"https:\/\/www.africanchallenges.com\/index.php?rest_route=\/wp\/v2\/media\/72659"}],"wp:attachment":[{"href":"https:\/\/www.africanchallenges.com\/index.php?rest_route=%2Fwp%2Fv2%2Fmedia&parent=72658"}],"wp:term":[{"taxonomy":"category","embeddable":true,"href":"https:\/\/www.africanchallenges.com\/index.php?rest_route=%2Fwp%2Fv2%2Fcategories&post=72658"},{"taxonomy":"post_tag","embeddable":true,"href":"https:\/\/www.africanchallenges.com\/index.php?rest_route=%2Fwp%2Fv2%2Ftags&post=72658"}],"curies":[{"name":"wp","href":"https:\/\/api.w.org\/{rel}","templated":true}]}}