{"id":72635,"date":"2026-04-17T22:24:01","date_gmt":"2026-04-17T21:24:01","guid":{"rendered":"https:\/\/www.africanchallenges.com\/?p=72635"},"modified":"2026-04-17T22:24:04","modified_gmt":"2026-04-17T21:24:04","slug":"70-ans-de-relations-tuniso-suisses-un-ouvrage-met-en-lumiere-une-histoire-partagee","status":"publish","type":"post","link":"https:\/\/www.africanchallenges.com\/?p=72635","title":{"rendered":"70 ans de relations tuniso-suisses : un ouvrage met en lumi\u00e8re une histoire partag\u00e9e"},"content":{"rendered":"\n<p class=\"wp-block-paragraph\">M. Mohamed Ali Nafti, Ministre des Affaires Etrang\u00e8res, de la Migration et des Tunisiens \u00e0 l\u2019Etranger, a pr\u00e9sid\u00e9 une c\u00e9r\u00e9monie organis\u00e9e le jeudi 16 avril 2026 \u00e0 la R\u00e9sidence de l\u2019Ambassadeur de Suisse en Tunisie, \u00e0 l\u2019occasion de la pr\u00e9sentation de l\u2019ouvrage \u00ab Pr\u00e9sence(s) suisse(s) : Les destin\u00e9es helv\u00e9tiques en Tunisie \u00bb de l\u2019ing\u00e9nieur et historien, le docteur Adnen El Ghali. Dans cet ouvrage, il retrace les principales \u00e9tapes du rapprochement tuniso-suisse sur une p\u00e9riode de sept d\u00e9cennies.<\/p>\n\n\n\n<p class=\"wp-block-paragraph\">Cette manifestation culturelle s\u2019inscrit dans le cadre de la c\u00e9l\u00e9bration du 70\u1d49 anniversaire de l\u2019\u00e9tablissement des relations diplomatiques officielles entre les deux pays, le 18 mai 1956.<\/p>\n\n\n\n<p class=\"wp-block-paragraph\">M. le Ministre a soulign\u00e9 la port\u00e9e symbolique de cette occasion, qui constitue une opportunit\u00e9 id\u00e9ale pour \u00e9valuer les r\u00e9alisations accomplies et envisager de nouvelles perspectives de coop\u00e9ration. Il a salu\u00e9 le r\u00f4le historique de la Suisse dans la contribution de la promotion de la Tunisie, rappelant qu\u2019elle fut parmi les premiers Etats \u00e0 reconna\u00eetre l\u2019ind\u00e9pendance de notre pays. Il a \u00e9galement insist\u00e9 sur l\u2019importance de renforcer davantage le partenariat bilat\u00e9ral au service des int\u00e9r\u00eats communs des deux pays dans divers domaines strat\u00e9giques.<\/p>\n\n\n\n<p class=\"wp-block-paragraph\">Il a, par ailleurs, rendu hommage au r\u00f4le important jou\u00e9 par la communaut\u00e9 tunisienne r\u00e9sidant en Suisse dans le renforcement des liens entre les deux peuples, ainsi qu\u2019\u00e0 ses contributions pr\u00e9cieuses au d\u00e9veloppement \u00e9conomique et social en Tunisie et en Suisse.<\/p>\n\n\n\n<p class=\"wp-block-paragraph\">De son c\u00f4t\u00e9, l\u2019Ambassadeur de Suisse a salu\u00e9 la profondeur et la diversit\u00e9 des relations tuniso-suisses, ainsi que l&rsquo;importance de leur h\u00e9ritage historique, enrichi par de nombreuses personnalit\u00e9s suisses ayant choisi de vivre en Tunisie. Il a r\u00e9affirm\u00e9 la volont\u00e9 de son pays de hisser davantage les relations d\u2019amiti\u00e9, de coop\u00e9ration et de partenariat \u00e0 un niveau sup\u00e9rieur et d\u2019en \u00e9largir les horizons au service des int\u00e9r\u00eats des deux peuples.<\/p>\n\n\n\n<p class=\"wp-block-paragraph\">Cette c\u00e9r\u00e9monie a r\u00e9uni plusieurs responsables et membres du corps diplomatique accr\u00e9dit\u00e9s en Tunisie, ainsi qu\u2019un groupe d\u2019universitaires et de chercheurs, en plus d\u2019hommes d\u2019affaires et de personnalit\u00e9s culturelles et m\u00e9diatiques.<\/p>\n","protected":false},"excerpt":{"rendered":"<p>M. Mohamed Ali Nafti, Ministre des Affaires Etrang\u00e8res, de la Migration et des Tunisiens \u00e0 l\u2019Etranger, a pr\u00e9sid\u00e9 une c\u00e9r\u00e9monie organis\u00e9e le jeudi 16 avril 2026 \u00e0 la R\u00e9sidence de l\u2019Ambassadeur de Suisse en Tunisie, \u00e0 l\u2019occasion de la pr\u00e9sentation de l\u2019ouvrage \u00ab Pr\u00e9sence(s) suisse(s) : Les destin\u00e9es helv\u00e9tiques en Tunisie \u00bb de l\u2019ing\u00e9nieur et [&hellip;]<\/p>\n","protected":false},"author":4,"featured_media":72636,"comment_status":"open","ping_status":"closed","sticky":false,"template":"","format":"standard","meta":{"content-type":"","jnews-multi-image_gallery":[],"jnews_single_post":{"format":"standard"},"jnews_primary_category":[],"jnews_override_bookmark_settings":[],"jnews_review":[],"enable_review":"","type":"","name":"","summary":"","brand":"","sku":"","good":[],"bad":[],"score_override":"","override_value":"","rating":[],"price":[],"jnews_post_split":[],"footnotes":""},"categories":[2],"tags":[18248,12907,9366,18252],"class_list":["post-72635","post","type-post","status-publish","format-standard","has-post-thumbnail","hentry","category-news-politique","tag-adnen-el-ghali","tag-mohamed-ali-nafti","tag-ouvrage","tag-relations-tuniso-suisses"],"_links":{"self":[{"href":"https:\/\/www.africanchallenges.com\/index.php?rest_route=\/wp\/v2\/posts\/72635","targetHints":{"allow":["GET"]}}],"collection":[{"href":"https:\/\/www.africanchallenges.com\/index.php?rest_route=\/wp\/v2\/posts"}],"about":[{"href":"https:\/\/www.africanchallenges.com\/index.php?rest_route=\/wp\/v2\/types\/post"}],"author":[{"embeddable":true,"href":"https:\/\/www.africanchallenges.com\/index.php?rest_route=\/wp\/v2\/users\/4"}],"replies":[{"embeddable":true,"href":"https:\/\/www.africanchallenges.com\/index.php?rest_route=%2Fwp%2Fv2%2Fcomments&post=72635"}],"version-history":[{"count":1,"href":"https:\/\/www.africanchallenges.com\/index.php?rest_route=\/wp\/v2\/posts\/72635\/revisions"}],"predecessor-version":[{"id":72637,"href":"https:\/\/www.africanchallenges.com\/index.php?rest_route=\/wp\/v2\/posts\/72635\/revisions\/72637"}],"wp:featuredmedia":[{"embeddable":true,"href":"https:\/\/www.africanchallenges.com\/index.php?rest_route=\/wp\/v2\/media\/72636"}],"wp:attachment":[{"href":"https:\/\/www.africanchallenges.com\/index.php?rest_route=%2Fwp%2Fv2%2Fmedia&parent=72635"}],"wp:term":[{"taxonomy":"category","embeddable":true,"href":"https:\/\/www.africanchallenges.com\/index.php?rest_route=%2Fwp%2Fv2%2Fcategories&post=72635"},{"taxonomy":"post_tag","embeddable":true,"href":"https:\/\/www.africanchallenges.com\/index.php?rest_route=%2Fwp%2Fv2%2Ftags&post=72635"}],"curies":[{"name":"wp","href":"https:\/\/api.w.org\/{rel}","templated":true}]}}