{"id":72604,"date":"2026-04-16T23:00:31","date_gmt":"2026-04-16T22:00:31","guid":{"rendered":"https:\/\/www.africanchallenges.com\/?p=72604"},"modified":"2026-04-17T09:43:11","modified_gmt":"2026-04-17T08:43:11","slug":"tunisie-suisse-70-ans-de-relations-diplomatiques-celebres-par-un-ouvrage-inedit-sur-les-presences-helvetiques","status":"publish","type":"post","link":"https:\/\/www.africanchallenges.com\/?p=72604","title":{"rendered":"Tunisie\u2013Suisse :  Lancement de la comm\u00e9moration du 70\u1d49 anniversaire des relations diplomatiques entre la Tunisie et la Suisse\u00a0\u00bb"},"content":{"rendered":"\n<p class=\"wp-block-paragraph\">L\u2019Ambassade de Suisse en Tunisie a annonc\u00e9, ce jeudi 16 avril 2026 \u00e0 la r\u00e9sidence de l\u2019ambassadeur de Suisse en Tunisie, le lancement officiel des c\u00e9l\u00e9brations marquant les 70 ans de relations diplomatiques entre la Suisse et la Tunisie. L\u2019\u00e9v\u00e9nement s\u2019est d\u00e9roul\u00e9 en pr\u00e9sence du ministre des Affaires \u00e9trang\u00e8res Mohamed Ali Nafti, ainsi que de plusieurs personnalit\u00e9s politiques, acad\u00e9miques et diplomatiques, parmi lesquelles l\u2019ambassadeur de Belgique en Tunisie, Fran\u00e7ois Dumont. Cette c\u00e9l\u00e9bration ouvre une ann\u00e9e plac\u00e9e sous le signe de la m\u00e9moire, du dialogue et du renforcement des partenariats bilat\u00e9raux.<\/p>\n\n\n\n<p class=\"wp-block-paragraph\">\u00c9tablies en 1956, au lendemain de l\u2019ind\u00e9pendance tunisienne, les relations entre les deux pays n\u2019ont cess\u00e9 de se consolider au fil des d\u00e9cennies. Elles reposent sur une coop\u00e9ration diversifi\u00e9e touchant aussi bien les domaines politique et \u00e9conomique que culturel et scientifique. Cette dynamique s\u2019est traduite par de nombreux projets conjoints et un \u00e9change constant d\u2019expertises, contribuant \u00e0 tisser des liens durables entre les institutions et les soci\u00e9t\u00e9s civiles des deux nations.<\/p>\n\n\n\n<figure class=\"wp-block-embed is-type-video is-provider-youtube wp-block-embed-youtube wp-embed-aspect-16-9 wp-has-aspect-ratio\"><div class=\"wp-block-embed__wrapper\">\n<div class=\"jeg_video_container jeg_video_content\"><iframe title=\"Discours M.Mohamed Ali Nafti, ministre tunisien des Affaires \u00e9trang\u00e8res\" width=\"500\" height=\"281\" src=\"https:\/\/www.youtube.com\/embed\/9-A1djadWBs?feature=oembed\" frameborder=\"0\" allow=\"accelerometer; autoplay; clipboard-write; encrypted-media; gyroscope; picture-in-picture; web-share\" referrerpolicy=\"strict-origin-when-cross-origin\" allowfullscreen><\/iframe><\/div>\n<\/div><\/figure>\n\n\n\n<p class=\"wp-block-paragraph\">L\u2019ann\u00e9e comm\u00e9morative se veut ainsi une occasion de valoriser ce parcours commun et de mettre en lumi\u00e8re la richesse des interactions qui ont fa\u00e7onn\u00e9 cette relation. Plusieurs initiatives sont pr\u00e9vues afin de souligner la profondeur de ces liens et d\u2019en explorer les perspectives futures.<\/p>\n\n\n\n<figure class=\"wp-block-image size-full\"><img fetchpriority=\"high\" decoding=\"async\" width=\"615\" height=\"410\" src=\"https:\/\/www.africanchallenges.com\/wp-content\/uploads\/2026\/04\/suisse1.jpg\" alt=\"\" class=\"wp-image-72609\" srcset=\"https:\/\/www.africanchallenges.com\/wp-content\/uploads\/2026\/04\/suisse1.jpg 615w, https:\/\/www.africanchallenges.com\/wp-content\/uploads\/2026\/04\/suisse1-300x200.jpg 300w\" sizes=\"(max-width: 615px) 100vw, 615px\" \/><\/figure>\n\n\n\n<p class=\"wp-block-paragraph\">Parmi les temps forts annonc\u00e9s figure la publication d\u2019un ouvrage in\u00e9dit intitul\u00e9 \u00ab Pr\u00e9sences suisses : les destin\u00e9es helv\u00e8tes en Tunisie \u00bb. Ce livre retrace les diff\u00e9rentes \u00e9tapes de la relation bilat\u00e9rale \u00e0 travers une approche historique et humaine, en mettant l\u2019accent sur les trajectoires de Suisses ayant v\u00e9cu, travaill\u00e9 ou contribu\u00e9 au d\u00e9veloppement de la Tunisie \u00e0 diff\u00e9rentes p\u00e9riodes.<\/p>\n\n\n\n<p class=\"wp-block-paragraph\">R\u00e9dig\u00e9 par Adnen El Ghali, historien, architecte et urbaniste, l\u2019ouvrage s\u2019appuie sur des archives, des t\u00e9moignages et des recherches approfondies pour proposer une lecture incarn\u00e9e de cette pr\u00e9sence helv\u00e9tique. Il met en lumi\u00e8re des parcours souvent m\u00e9connus, qu\u2019il s\u2019agisse d\u2019acteurs \u00e9conomiques, de scientifiques, d\u2019artistes ou encore de figures engag\u00e9es dans la vie sociale et culturelle du pays.<\/p>\n\n\n\n<figure class=\"wp-block-image size-full\"><img decoding=\"async\" width=\"615\" height=\"410\" src=\"https:\/\/www.africanchallenges.com\/wp-content\/uploads\/2026\/04\/suisse3.jpg\" alt=\"\" class=\"wp-image-72612\" srcset=\"https:\/\/www.africanchallenges.com\/wp-content\/uploads\/2026\/04\/suisse3.jpg 615w, https:\/\/www.africanchallenges.com\/wp-content\/uploads\/2026\/04\/suisse3-300x200.jpg 300w\" sizes=\"(max-width: 615px) 100vw, 615px\" \/><\/figure>\n\n\n\n<p class=\"wp-block-paragraph\">Ce livre met \u00e9galement \u00e0 l\u2019honneur des personnalit\u00e9s suisses ayant marqu\u00e9, de pr\u00e8s ou de loin, l\u2019histoire et le paysage culturel tunisien. Parmi elles figurent l\u2019architecte Le Corbusier, les peintres Paul Klee et Paul Moilliet, le fondateur du Comit\u00e9 international de la Croix-Rouge Henri Dunant, ainsi que le sculpteur Alberto Giacometti. Leurs parcours t\u00e9moignent de la richesse des \u00e9changes humains et culturels entre la Suisse et la Tunisie.<\/p>\n\n\n\n<p class=\"wp-block-paragraph\">Au-del\u00e0 de la dimension comm\u00e9morative, cette publication s\u2019inscrit dans une volont\u00e9 de transmission et de valorisation d\u2019une m\u00e9moire partag\u00e9e, tout en ouvrant la voie \u00e0 de nouvelles perspectives de coop\u00e9ration dans un contexte international en constante \u00e9volution.<\/p>\n\n\n\n<p class=\"wp-block-paragraph\">Tout au long de l\u2019ann\u00e9e, une s\u00e9rie d\u2019\u00e9v\u00e9nements sera organis\u00e9e \u00e0 travers le pays : expositions, conf\u00e9rences, projections, rencontres artistiques et initiatives acad\u00e9miques viendront illustrer la vitalit\u00e9 de cette coop\u00e9ration et renforcer les liens entre les deux pays.<\/p>\n\n\n\n<figure class=\"wp-block-embed is-type-video is-provider-youtube wp-block-embed-youtube wp-embed-aspect-16-9 wp-has-aspect-ratio\"><div class=\"wp-block-embed__wrapper\">\n<div class=\"jeg_video_container jeg_video_content\"><iframe title=\"M.Adnen El Ghali\" width=\"500\" height=\"281\" src=\"https:\/\/www.youtube.com\/embed\/GO7NGTnQmec?feature=oembed\" frameborder=\"0\" allow=\"accelerometer; autoplay; clipboard-write; encrypted-media; gyroscope; picture-in-picture; web-share\" referrerpolicy=\"strict-origin-when-cross-origin\" allowfullscreen><\/iframe><\/div>\n<\/div><\/figure>\n","protected":false},"excerpt":{"rendered":"<p>L\u2019Ambassade de Suisse en Tunisie a annonc\u00e9, ce jeudi 16 avril 2026 \u00e0 la r\u00e9sidence de l\u2019ambassadeur de Suisse en Tunisie, le lancement officiel des c\u00e9l\u00e9brations marquant les 70 ans de relations diplomatiques entre la Suisse et la Tunisie. L\u2019\u00e9v\u00e9nement s\u2019est d\u00e9roul\u00e9 en pr\u00e9sence du ministre des Affaires \u00e9trang\u00e8res Mohamed Ali Nafti, ainsi que de [&hellip;]<\/p>\n","protected":false},"author":4,"featured_media":72605,"comment_status":"open","ping_status":"closed","sticky":false,"template":"","format":"standard","meta":{"content-type":"","jnews-multi-image_gallery":[],"jnews_single_post":{"format":"standard"},"jnews_primary_category":[],"jnews_override_bookmark_settings":[],"jnews_review":[],"enable_review":"","type":"","name":"","summary":"","brand":"","sku":"","good":[],"bad":[],"score_override":"","override_value":"","rating":[],"price":[],"jnews_post_split":[],"footnotes":""},"categories":[2],"tags":[18248,9366,8428,6863,2801],"class_list":["post-72604","post","type-post","status-publish","format-standard","has-post-thumbnail","hentry","category-news-politique","tag-adnen-el-ghali","tag-ouvrage","tag-relations-diplomatiques","tag-suisse","tag-tuniise"],"_links":{"self":[{"href":"https:\/\/www.africanchallenges.com\/index.php?rest_route=\/wp\/v2\/posts\/72604","targetHints":{"allow":["GET"]}}],"collection":[{"href":"https:\/\/www.africanchallenges.com\/index.php?rest_route=\/wp\/v2\/posts"}],"about":[{"href":"https:\/\/www.africanchallenges.com\/index.php?rest_route=\/wp\/v2\/types\/post"}],"author":[{"embeddable":true,"href":"https:\/\/www.africanchallenges.com\/index.php?rest_route=\/wp\/v2\/users\/4"}],"replies":[{"embeddable":true,"href":"https:\/\/www.africanchallenges.com\/index.php?rest_route=%2Fwp%2Fv2%2Fcomments&post=72604"}],"version-history":[{"count":5,"href":"https:\/\/www.africanchallenges.com\/index.php?rest_route=\/wp\/v2\/posts\/72604\/revisions"}],"predecessor-version":[{"id":72616,"href":"https:\/\/www.africanchallenges.com\/index.php?rest_route=\/wp\/v2\/posts\/72604\/revisions\/72616"}],"wp:featuredmedia":[{"embeddable":true,"href":"https:\/\/www.africanchallenges.com\/index.php?rest_route=\/wp\/v2\/media\/72605"}],"wp:attachment":[{"href":"https:\/\/www.africanchallenges.com\/index.php?rest_route=%2Fwp%2Fv2%2Fmedia&parent=72604"}],"wp:term":[{"taxonomy":"category","embeddable":true,"href":"https:\/\/www.africanchallenges.com\/index.php?rest_route=%2Fwp%2Fv2%2Fcategories&post=72604"},{"taxonomy":"post_tag","embeddable":true,"href":"https:\/\/www.africanchallenges.com\/index.php?rest_route=%2Fwp%2Fv2%2Ftags&post=72604"}],"curies":[{"name":"wp","href":"https:\/\/api.w.org\/{rel}","templated":true}]}}