{"id":72598,"date":"2026-04-16T21:56:56","date_gmt":"2026-04-16T20:56:56","guid":{"rendered":"https:\/\/www.africanchallenges.com\/?p=72598"},"modified":"2026-04-16T21:56:58","modified_gmt":"2026-04-16T20:56:58","slug":"passerelles-entre-savoir-et-medias-une-initiative-inedite-pour-rapprocher-recherche-et-medias-en-tunisie","status":"publish","type":"post","link":"https:\/\/www.africanchallenges.com\/?p=72598","title":{"rendered":"Passerelles entre savoir et m\u00e9dias : une initiative in\u00e9dite pour rapprocher recherche et m\u00e9dias en Tunisie"},"content":{"rendered":"\n<p class=\"wp-block-paragraph\">Une journ\u00e9e de travail r\u00e9unissant chercheurs, journalistes et dirigeants de m\u00e9dias pose les bases d&rsquo;un m\u00e9canisme durable de valorisation des savoirs \u00e9conomiques au service du d\u00e9bat public tunisien.<\/p>\n\n\n\n<p class=\"wp-block-paragraph\">La F\u00e9d\u00e9ration Tunisienne des Directeurs de Journaux (FTDJ), en partenariat avec le programme Savoirs\u00c9co mis en \u0153uvre par Expertise France et avec le soutien de l&rsquo;Union europ\u00e9enne, a organis\u00e9 le mercredi 15 avril 2026, \u00e0 l&rsquo;H\u00f4tel Kyriad Prestige de Tunis, la journ\u00e9e inaugurale du projet Passerelles Savoirs-M\u00e9dias.<\/p>\n\n\n\n<p class=\"wp-block-paragraph\">Cette rencontre a r\u00e9uni des chercheurs universitaires, des experts \u00e9conomiques, des journalistes et des directeurs de m\u00e9dias autour d&rsquo;un objectif commun : cr\u00e9er un cadre concret de collaboration entre le monde de la recherche et celui des m\u00e9dias, afin de rendre les savoirs \u00e9conomiques plus lisibles, plus accessibles et plus utiles au d\u00e9bat public tunisien.<\/p>\n\n\n\n<p class=\"wp-block-paragraph\">Un constat partag\u00e9, une ambition commune<\/p>\n\n\n\n<p class=\"wp-block-paragraph\">La journ\u00e9e a confirm\u00e9 un diagnostic largement partag\u00e9 par les participants : les travaux acad\u00e9miques et les analyses des structures de recherche restent insuffisamment relay\u00e9s dans l&rsquo;espace public, alors qu&rsquo;ils peuvent nourrir une information plus rigoureuse et plus proche des pr\u00e9occupations citoyennes. Moins de 15 % des contenus \u00e9conomiques publi\u00e9s dans les m\u00e9dias tunisiens font l&rsquo;objet d&rsquo;une v\u00e9ritable vulgarisation.<\/p>\n\n\n\n<p class=\"wp-block-paragraph\">\u201cCe partenariat est innovant parce qu&rsquo;il part d&rsquo;\u00e9tudes r\u00e9alis\u00e9es pour exp\u00e9rimenter si leurs r\u00e9sultats peuvent \u00eatre concr\u00e9tis\u00e9s sur le terrain et servir \u00e0 appuyer le d\u00e9bat public.\u201d<\/p>\n\n\n\n<p class=\"wp-block-paragraph\">\u2014 Mme Hela Cherif, Cheffe de projet adjointe, Programme Savoirs\u00c9co \u2014 Expertise France<\/p>\n\n\n\n<p class=\"wp-block-paragraph\">\u201cOn est en train de faire quelque chose d&rsquo;utile qui se traduit par deux termes essentiels : cr\u00e9dibilit\u00e9 et notori\u00e9t\u00e9 \u2014 pour les chercheurs comme pour les m\u00e9dias.\u201d<\/p>\n\n\n\n<p class=\"wp-block-paragraph\">\u2014 M. Mohamed Taieb Zahar, Pr\u00e9sident de la F\u00e9d\u00e9ration Tunisienne des Directeurs de Journaux<\/p>\n\n\n\n<p class=\"wp-block-paragraph\">Une journ\u00e9e structur\u00e9e autour du dialogue, de l&rsquo;analyse et de la projection<\/p>\n\n\n\n<p class=\"wp-block-paragraph\">La matin\u00e9e a \u00e9t\u00e9 consacr\u00e9e \u00e0 un World Caf\u00e9 organis\u00e9 autour de trois axes th\u00e9matiques \u2014 Visibilit\u00e9, Opportunit\u00e9s, Impact \u2014 permettant \u00e0 chaque participant de contribuer activement au diagnostic collectif. Les \u00e9changes ont mis en lumi\u00e8re plusieurs enseignements majeurs :<\/p>\n\n\n\n<p class=\"wp-block-paragraph\">\u2022&nbsp;&nbsp;&nbsp;&nbsp;&nbsp;&nbsp;&nbsp;&nbsp;&nbsp;&nbsp;&nbsp;&nbsp; La n\u00e9cessit\u00e9 de lever les obstacles \u00e0 la m\u00e9diatisation des travaux de recherche : jargon acad\u00e9mique, m\u00e9connaissance mutuelle des contraintes, absence de formats adapt\u00e9s \u00e0 la presse.<\/p>\n\n\n\n<p class=\"wp-block-paragraph\">\u2022&nbsp;&nbsp;&nbsp;&nbsp;&nbsp;&nbsp;&nbsp;&nbsp;&nbsp;&nbsp;&nbsp;&nbsp; L&rsquo;importance d&rsquo;un langage plus accessible, sans perte de rigueur scientifique.<\/p>\n\n\n\n<p class=\"wp-block-paragraph\">\u2022&nbsp;&nbsp;&nbsp;&nbsp;&nbsp;&nbsp;&nbsp;&nbsp;&nbsp;&nbsp;&nbsp;&nbsp; La valeur ajout\u00e9e r\u00e9ciproque d&rsquo;une collaboration plus \u00e9troite entre journalistes et chercheurs.<\/p>\n\n\n\n<p class=\"wp-block-paragraph\">\u2022&nbsp;&nbsp;&nbsp;&nbsp;&nbsp;&nbsp;&nbsp;&nbsp;&nbsp;&nbsp;&nbsp;&nbsp; L&rsquo;existence de sujets \u00e9conomiques prioritaires \u2014 co\u00fbt de la vie, emploi, endettement, bien-\u00eatre, intelligence artificielle \u2014 qui appellent une couverture plus forte et plus intelligible.<\/p>\n\n\n\n<p class=\"wp-block-paragraph\">\u201cLa recherche offre aux m\u00e9dias une base de donn\u00e9es rigoureuse et scientifique. L&rsquo;enjeu est de traduire le contenu acad\u00e9mique en format p\u00e9dagogique simplifi\u00e9, pour \u00e9clairer l&rsquo;opinion publique et fournir des outils d&rsquo;aide \u00e0 la d\u00e9cision.\u201d<\/p>\n\n\n\n<p class=\"wp-block-paragraph\">\u2014 M. Sofiene Gobantini, rapporteur de la Table Opportunit\u00e9s<\/p>\n\n\n\n<p class=\"wp-block-paragraph\">L&rsquo;apr\u00e8s-midi a prolong\u00e9 cette dynamique avec une session de Media Pitching au cours de laquelle plusieurs chercheurs ont pr\u00e9sent\u00e9 leurs travaux en 180 secondes devant les professionnels des m\u00e9dias. Cet exercice a permis de faire ressortir des th\u00e9matiques \u00e0 fort potentiel \u00e9ditorial \u2014 capital corrosif et d\u00e9pendance g\u00e9opolitique, bien-\u00eatre des Tunisiens au-del\u00e0 du PIB, m\u00e9canismes de l&rsquo;endettement public \u2014 et de d\u00e9montrer concr\u00e8tement la compl\u00e9mentarit\u00e9 des deux expertises.<\/p>\n\n\n\n<p class=\"wp-block-paragraph\">Les m\u00e9dias comme amplificateurs de savoirs<\/p>\n\n\n\n<p class=\"wp-block-paragraph\">Plusieurs interventions ont soulign\u00e9 que les m\u00e9dias ne sont pas seulement des relais de diffusion, mais des acc\u00e9l\u00e9rateurs d&rsquo;impact pour les travaux de recherche. Cette conviction a travers\u00e9 l&rsquo;ensemble des \u00e9changes de la journ\u00e9e.<\/p>\n\n\n\n<p class=\"wp-block-paragraph\">\u201cC&rsquo;est une relation win-win. On ne peut pas g\u00e9rer un m\u00e9dia \u00e9conomique sans substance, sans \u00e9tudes, sans enqu\u00eates. Et nous, on permet \u00e0 ce contenu d&rsquo;\u00eatre beaucoup plus efficace en le faisant parvenir \u00e0 un plus large public.\u201d<\/p>\n\n\n\n<p class=\"wp-block-paragraph\">\u2014 Mme Sahar Mechri, Directrice g\u00e9n\u00e9rale de Managers et L&rsquo;\u00c9conomiste Maghr\u00e9bin<\/p>\n\n\n\n<p class=\"wp-block-paragraph\">Un d\u00e9bat nourri a \u00e9galement port\u00e9 sur la transformation num\u00e9rique des pratiques : r\u00f4le de l&rsquo;intelligence artificielle dans la vulgarisation et le r\u00e9f\u00e9rencement des contenus, strat\u00e9gie de pr\u00e9sence sur les r\u00e9seaux sociaux, et n\u00e9cessit\u00e9 d&rsquo;adapter les formats \u00e0 chaque plateforme. M. Khaled Aouij, membre du bureau de la FTDJ charg\u00e9 de la communication, a notamment insist\u00e9 sur le potentiel sous-exploit\u00e9 de LinkedIn comme espace de diffusion des policy briefs et des travaux de recherche aupr\u00e8s des d\u00e9cideurs.<\/p>\n\n\n\n<p class=\"wp-block-paragraph\">Une premi\u00e8re brique pour une dynamique de long terme<\/p>\n\n\n\n<p class=\"wp-block-paragraph\">La journ\u00e9e du 15 avril constitue une \u00e9tape fondatrice. Le projet Passerelles Savoirs-M\u00e9dias pr\u00e9voit, sur sept mois, la co-production de quinze dossiers multi-plateformes \u2014 article journalistique, infographie et capsule vid\u00e9o \u2014 publi\u00e9s dans les journaux membres de la FTDJ (Le Temps, La Presse, R\u00e9alit\u00e9s, Managers) et diffus\u00e9s sur leurs plateformes num\u00e9riques, pour atteindre plus de 500 000 lecteurs et internautes. Une formation d\u00e9di\u00e9e \u00e0 la co-cr\u00e9ation est programm\u00e9e pour le 30 avril 2026.<\/p>\n\n\n\n<p class=\"wp-block-paragraph\">\u201cAujourd&rsquo;hui, ce n&rsquo;est pas la fin de Savoirs\u00c9co, c&rsquo;est le d\u00e9but de Passerelles M\u00e9dias. C&rsquo;est la premi\u00e8re brique d&rsquo;un projet que nous allons construire ensemble, les laboratoires de recherche, les chercheurs, les universitaires.\u201d<\/p>\n\n\n\n<p class=\"wp-block-paragraph\">\u2014 M. Khaled Aouij, membre du bureau charg\u00e9 de la communication \u2014 FTDJ<\/p>\n\n\n\n<p class=\"wp-block-paragraph\"><strong>\u00c0 propos du projet Passerelles Savoirs-M\u00e9dias :<\/strong><\/p>\n\n\n\n<p class=\"wp-block-paragraph\">Le projet Passerelles Savoirs-M\u00e9dias vise \u00e0 cr\u00e9er un m\u00e9canisme structur\u00e9 et reproductible de collaboration entre chercheurs, journalistes et directeurs de m\u00e9dias afin d&rsquo;am\u00e9liorer la vulgarisation et la diffusion des savoirs \u00e9conomiques en Tunisie. Il est port\u00e9 par la FTDJ en partenariat avec le programme Savoirs\u00c9co d&rsquo;Expertise France, financ\u00e9 par l&rsquo;Union europ\u00e9enne. Il pr\u00e9voit la co-production de contenus multi-plateformes, la mont\u00e9e en comp\u00e9tences des journalistes et la capitalisation de l&rsquo;exp\u00e9rience en vue d&rsquo;un mod\u00e8le reproductible \u00e0 l&rsquo;\u00e9chelle nationale.<\/p>\n\n\n\n<p class=\"wp-block-paragraph\"><strong>Source : Communiqu\u00e9<\/strong><\/p>\n","protected":false},"excerpt":{"rendered":"<p>Une journ\u00e9e de travail r\u00e9unissant chercheurs, journalistes et dirigeants de m\u00e9dias pose les bases d&rsquo;un m\u00e9canisme durable de valorisation des savoirs \u00e9conomiques au service du d\u00e9bat public tunisien. La F\u00e9d\u00e9ration Tunisienne des Directeurs de Journaux (FTDJ), en partenariat avec le programme Savoirs\u00c9co mis en \u0153uvre par Expertise France et avec le soutien de l&rsquo;Union europ\u00e9enne, [&hellip;]<\/p>\n","protected":false},"author":4,"featured_media":72599,"comment_status":"open","ping_status":"closed","sticky":false,"template":"","format":"standard","meta":{"content-type":"","jnews-multi-image_gallery":[],"jnews_single_post":{"format":"standard"},"jnews_primary_category":[],"jnews_override_bookmark_settings":[],"jnews_review":[],"enable_review":"","type":"","name":"","summary":"","brand":"","sku":"","good":[],"bad":[],"score_override":"","override_value":"","rating":[],"price":[],"jnews_post_split":[],"footnotes":""},"categories":[61],"tags":[9092,94,3637,54],"class_list":["post-72598","post","type-post","status-publish","format-standard","has-post-thumbnail","hentry","category-societe","tag-federation-tunisienne-des-directeurs-de-journaux","tag-medias","tag-recherche","tag-tunisie"],"_links":{"self":[{"href":"https:\/\/www.africanchallenges.com\/index.php?rest_route=\/wp\/v2\/posts\/72598","targetHints":{"allow":["GET"]}}],"collection":[{"href":"https:\/\/www.africanchallenges.com\/index.php?rest_route=\/wp\/v2\/posts"}],"about":[{"href":"https:\/\/www.africanchallenges.com\/index.php?rest_route=\/wp\/v2\/types\/post"}],"author":[{"embeddable":true,"href":"https:\/\/www.africanchallenges.com\/index.php?rest_route=\/wp\/v2\/users\/4"}],"replies":[{"embeddable":true,"href":"https:\/\/www.africanchallenges.com\/index.php?rest_route=%2Fwp%2Fv2%2Fcomments&post=72598"}],"version-history":[{"count":1,"href":"https:\/\/www.africanchallenges.com\/index.php?rest_route=\/wp\/v2\/posts\/72598\/revisions"}],"predecessor-version":[{"id":72600,"href":"https:\/\/www.africanchallenges.com\/index.php?rest_route=\/wp\/v2\/posts\/72598\/revisions\/72600"}],"wp:featuredmedia":[{"embeddable":true,"href":"https:\/\/www.africanchallenges.com\/index.php?rest_route=\/wp\/v2\/media\/72599"}],"wp:attachment":[{"href":"https:\/\/www.africanchallenges.com\/index.php?rest_route=%2Fwp%2Fv2%2Fmedia&parent=72598"}],"wp:term":[{"taxonomy":"category","embeddable":true,"href":"https:\/\/www.africanchallenges.com\/index.php?rest_route=%2Fwp%2Fv2%2Fcategories&post=72598"},{"taxonomy":"post_tag","embeddable":true,"href":"https:\/\/www.africanchallenges.com\/index.php?rest_route=%2Fwp%2Fv2%2Ftags&post=72598"}],"curies":[{"name":"wp","href":"https:\/\/api.w.org\/{rel}","templated":true}]}}