{"id":72579,"date":"2026-04-16T09:30:00","date_gmt":"2026-04-16T08:30:00","guid":{"rendered":"https:\/\/www.africanchallenges.com\/?p=72579"},"modified":"2026-04-15T23:16:38","modified_gmt":"2026-04-15T22:16:38","slug":"un-numerique-plus-sur-pour-les-enfants-la-france-et-la-tunisie-renforcent-leur-cooperation","status":"publish","type":"post","link":"https:\/\/www.africanchallenges.com\/?p=72579","title":{"rendered":"Un num\u00e9rique plus s\u00fbr pour les enfants : la France et la Tunisie renforcent leur coop\u00e9ration"},"content":{"rendered":"\n<p class=\"wp-block-paragraph\">Les 14 et 15 avril 2026, la Tunisie a accueilli Sarah El Ha\u00efry, Haute Commissaire \u00e0 l\u2019Enfance en France, dans le cadre d\u2019une visite officielle consacr\u00e9e \u00e0 la protection des enfants dans l\u2019espace num\u00e9rique.<\/p>\n\n\n\n<p class=\"wp-block-paragraph\">Cette mission s\u2019inscrit dans une dynamique de coop\u00e9ration renforc\u00e9e entre la Tunisie et la France autour des enjeux li\u00e9s \u00e0 la s\u00e9curit\u00e9 num\u00e9rique des mineurs, \u00e0 l\u2019heure o\u00f9 les usages digitaux des jeunes connaissent une forte croissance.<\/p>\n\n\n\n<p class=\"wp-block-paragraph\">Au cours de son s\u00e9jour, la responsable fran\u00e7aise a multipli\u00e9 les rencontres institutionnelles avec plusieurs d\u00e9partements tunisiens. Elle s\u2019est notamment entretenue avec le minist\u00e8re de la Famille et de la Femme ainsi que le Centre national de l\u2019informatique pour l\u2019enfant autour des dispositifs de protection en ligne, dont le programme des \u00ab ambassadeurs de la s\u00e9curit\u00e9 num\u00e9rique \u00bb.<\/p>\n\n\n\n<p class=\"wp-block-paragraph\">Des \u00e9changes ont \u00e9galement eu lieu avec le minist\u00e8re des Technologies de la communication et l\u2019Agence nationale de la cybers\u00e9curit\u00e9, afin de renforcer la coop\u00e9ration bilat\u00e9rale en mati\u00e8re de protection des enfants dans le cyberespace. Le minist\u00e8re de l\u2019\u00c9ducation a, pour sa part, abord\u00e9 l\u2019int\u00e9gration des bonnes pratiques num\u00e9riques dans les parcours scolaires.<\/p>\n\n\n\n<p class=\"wp-block-paragraph\">La visite a aussi \u00e9t\u00e9 marqu\u00e9e par un dialogue avec la soci\u00e9t\u00e9 civile et les acteurs du num\u00e9rique \u00e9ducatif lors d\u2019une table ronde organis\u00e9e \u00e0 l\u2019Institut fran\u00e7ais de Tunisie. Startups, experts et professionnels des m\u00e9dias ont pr\u00e9sent\u00e9 plusieurs initiatives innovantes en faveur d\u2019un num\u00e9rique \u00e9ducatif plus inclusif et s\u00e9curis\u00e9, \u00e0 l\u2019instar de projets tels que QLM, TACIR et Yallab.<\/p>\n\n\n\n<p class=\"wp-block-paragraph\">Par ailleurs, une visite a \u00e9t\u00e9 effectu\u00e9e au centre d\u2019accompagnement psychologique et \u00e9ducatif de l\u2019association Health &amp; Psychology, engag\u00e9 dans la protection et la d\u00e9fense des droits de l\u2019enfant.<\/p>\n\n\n\n<p class=\"wp-block-paragraph\">Enfin, un moment d\u2019\u00e9change avec des \u00e9l\u00e8ves de l\u2019\u00e9cole Robert Desnos, relevant du r\u00e9seau AEFE, a permis de sensibiliser les plus jeunes aux enjeux de la d\u00e9sinformation et des fake news, en leur donnant des outils pour mieux \u00e9voluer dans l\u2019environnement num\u00e9rique.<\/p>\n\n\n\n<p class=\"wp-block-paragraph\">Cette visite a contribu\u00e9 \u00e0 consolider les liens entre la France et la Tunisie et \u00e0 identifier de nouvelles pistes de coop\u00e9ration. Elle confirme une conviction partag\u00e9e : la protection des enfants dans l\u2019univers num\u00e9rique est un d\u00e9fi collectif qui n\u00e9cessite une action coordonn\u00e9e et durable.<\/p>\n","protected":false},"excerpt":{"rendered":"<p>Les 14 et 15 avril 2026, la Tunisie a accueilli Sarah El Ha\u00efry, Haute Commissaire \u00e0 l\u2019Enfance en France, dans le cadre d\u2019une visite officielle consacr\u00e9e \u00e0 la protection des enfants dans l\u2019espace num\u00e9rique. Cette mission s\u2019inscrit dans une dynamique de coop\u00e9ration renforc\u00e9e entre la Tunisie et la France autour des enjeux li\u00e9s \u00e0 la [&hellip;]<\/p>\n","protected":false},"author":4,"featured_media":72580,"comment_status":"open","ping_status":"closed","sticky":false,"template":"","format":"standard","meta":{"content-type":"","jnews-multi-image_gallery":[],"jnews_single_post":{"format":"standard"},"jnews_primary_category":[],"jnews_override_bookmark_settings":[],"jnews_review":[],"enable_review":"","type":"","name":"","summary":"","brand":"","sku":"","good":[],"bad":[],"score_override":"","override_value":"","rating":[],"price":[],"jnews_post_split":[],"footnotes":""},"categories":[61],"tags":[298,245,18143,54],"class_list":["post-72579","post","type-post","status-publish","format-standard","has-post-thumbnail","hentry","category-societe","tag-cooperation","tag-france","tag-sarah-el-hairy","tag-tunisie"],"_links":{"self":[{"href":"https:\/\/www.africanchallenges.com\/index.php?rest_route=\/wp\/v2\/posts\/72579","targetHints":{"allow":["GET"]}}],"collection":[{"href":"https:\/\/www.africanchallenges.com\/index.php?rest_route=\/wp\/v2\/posts"}],"about":[{"href":"https:\/\/www.africanchallenges.com\/index.php?rest_route=\/wp\/v2\/types\/post"}],"author":[{"embeddable":true,"href":"https:\/\/www.africanchallenges.com\/index.php?rest_route=\/wp\/v2\/users\/4"}],"replies":[{"embeddable":true,"href":"https:\/\/www.africanchallenges.com\/index.php?rest_route=%2Fwp%2Fv2%2Fcomments&post=72579"}],"version-history":[{"count":1,"href":"https:\/\/www.africanchallenges.com\/index.php?rest_route=\/wp\/v2\/posts\/72579\/revisions"}],"predecessor-version":[{"id":72581,"href":"https:\/\/www.africanchallenges.com\/index.php?rest_route=\/wp\/v2\/posts\/72579\/revisions\/72581"}],"wp:featuredmedia":[{"embeddable":true,"href":"https:\/\/www.africanchallenges.com\/index.php?rest_route=\/wp\/v2\/media\/72580"}],"wp:attachment":[{"href":"https:\/\/www.africanchallenges.com\/index.php?rest_route=%2Fwp%2Fv2%2Fmedia&parent=72579"}],"wp:term":[{"taxonomy":"category","embeddable":true,"href":"https:\/\/www.africanchallenges.com\/index.php?rest_route=%2Fwp%2Fv2%2Fcategories&post=72579"},{"taxonomy":"post_tag","embeddable":true,"href":"https:\/\/www.africanchallenges.com\/index.php?rest_route=%2Fwp%2Fv2%2Ftags&post=72579"}],"curies":[{"name":"wp","href":"https:\/\/api.w.org\/{rel}","templated":true}]}}