{"id":72564,"date":"2026-04-16T08:07:00","date_gmt":"2026-04-16T07:07:00","guid":{"rendered":"https:\/\/www.africanchallenges.com\/?p=72564"},"modified":"2026-04-15T22:12:56","modified_gmt":"2026-04-15T21:12:56","slug":"lunion-africaine-appelle-a-un-cessez-le-feu-immediat-et-a-une-action-internationale-unifiee-au-soudan","status":"publish","type":"post","link":"https:\/\/www.africanchallenges.com\/?p=72564","title":{"rendered":"l\u2019Union africaine appelle \u00e0 un cessez-le-feu imm\u00e9diat et \u00e0 une action internationale unifi\u00e9e au Soudan"},"content":{"rendered":"\n<p class=\"wp-block-paragraph\">\u00c0 l\u2019occasion de la troisi\u00e8me Conf\u00e9rence internationale sur le Soudan, tenue  \u00e0 Berlin, le Pr\u00e9sident de la Commission de l\u2019Union africaine (UA) a soulign\u00e9 l\u2019urgence d\u2019instaurer un cessez-le-feu imm\u00e9diat, consid\u00e9r\u00e9 comme une premi\u00e8re \u00e9tape essentielle pour mettre fin aux souffrances du peuple soudanais.<\/p>\n\n\n\n<p class=\"wp-block-paragraph\">Il a appel\u00e9 \u00e0 une meilleure coordination des efforts de m\u00e9diation internationale, mettant en garde contre les initiatives fragment\u00e9es susceptibles de compromettre les avanc\u00e9es r\u00e9alis\u00e9es.<\/p>\n\n\n\n<p class=\"wp-block-paragraph\">Rappelant le r\u00f4le central de l\u2019Union africaine en tant que catalyseur, il a exhort\u00e9 les partenaires \u00e0 s\u2019inscrire dans une approche unifi\u00e9e, appuyant un processus politique inclusif, conduit par les Soudanais et pour les Soudanais, avec la participation des acteurs civils.<\/p>\n\n\n\n<p class=\"wp-block-paragraph\">Le Pr\u00e9sident a \u00e9galement plaid\u00e9 pour un renforcement de l\u2019aide humanitaire ainsi qu\u2019un regain d\u2019attention de la communaut\u00e9 internationale \u00e0 la crise, soulignant que seule une action concert\u00e9e permettra de jeter les bases d\u2019une paix et d\u2019une stabilit\u00e9 durables au Soudan.<\/p>\n\n\n\n<p class=\"wp-block-paragraph\"><\/p>\n","protected":false},"excerpt":{"rendered":"<p>\u00c0 l\u2019occasion de la troisi\u00e8me Conf\u00e9rence internationale sur le Soudan, tenue \u00e0 Berlin, le Pr\u00e9sident de la Commission de l\u2019Union africaine (UA) a soulign\u00e9 l\u2019urgence d\u2019instaurer un cessez-le-feu imm\u00e9diat, consid\u00e9r\u00e9 comme une premi\u00e8re \u00e9tape essentielle pour mettre fin aux souffrances du peuple soudanais. Il a appel\u00e9 \u00e0 une meilleure coordination des efforts de m\u00e9diation internationale, [&hellip;]<\/p>\n","protected":false},"author":4,"featured_media":72565,"comment_status":"open","ping_status":"closed","sticky":false,"template":"","format":"standard","meta":{"content-type":"","jnews-multi-image_gallery":[],"jnews_single_post":{"format":"standard"},"jnews_primary_category":[],"jnews_override_bookmark_settings":[],"jnews_review":[],"enable_review":"","type":"","name":"","summary":"","brand":"","sku":"","good":[],"bad":[],"score_override":"","override_value":"","rating":[],"price":[],"jnews_post_split":[],"footnotes":""},"categories":[6,2],"tags":[5860,4606,18231],"class_list":["post-72564","post","type-post","status-publish","format-standard","has-post-thumbnail","hentry","category-world","category-news-politique","tag-cessez-le-feu","tag-lunion-africaine-2","tag-soudan"],"_links":{"self":[{"href":"https:\/\/www.africanchallenges.com\/index.php?rest_route=\/wp\/v2\/posts\/72564","targetHints":{"allow":["GET"]}}],"collection":[{"href":"https:\/\/www.africanchallenges.com\/index.php?rest_route=\/wp\/v2\/posts"}],"about":[{"href":"https:\/\/www.africanchallenges.com\/index.php?rest_route=\/wp\/v2\/types\/post"}],"author":[{"embeddable":true,"href":"https:\/\/www.africanchallenges.com\/index.php?rest_route=\/wp\/v2\/users\/4"}],"replies":[{"embeddable":true,"href":"https:\/\/www.africanchallenges.com\/index.php?rest_route=%2Fwp%2Fv2%2Fcomments&post=72564"}],"version-history":[{"count":1,"href":"https:\/\/www.africanchallenges.com\/index.php?rest_route=\/wp\/v2\/posts\/72564\/revisions"}],"predecessor-version":[{"id":72566,"href":"https:\/\/www.africanchallenges.com\/index.php?rest_route=\/wp\/v2\/posts\/72564\/revisions\/72566"}],"wp:featuredmedia":[{"embeddable":true,"href":"https:\/\/www.africanchallenges.com\/index.php?rest_route=\/wp\/v2\/media\/72565"}],"wp:attachment":[{"href":"https:\/\/www.africanchallenges.com\/index.php?rest_route=%2Fwp%2Fv2%2Fmedia&parent=72564"}],"wp:term":[{"taxonomy":"category","embeddable":true,"href":"https:\/\/www.africanchallenges.com\/index.php?rest_route=%2Fwp%2Fv2%2Fcategories&post=72564"},{"taxonomy":"post_tag","embeddable":true,"href":"https:\/\/www.africanchallenges.com\/index.php?rest_route=%2Fwp%2Fv2%2Ftags&post=72564"}],"curies":[{"name":"wp","href":"https:\/\/api.w.org\/{rel}","templated":true}]}}