{"id":72560,"date":"2026-04-16T07:45:00","date_gmt":"2026-04-16T06:45:00","guid":{"rendered":"https:\/\/www.africanchallenges.com\/?p=72560"},"modified":"2026-04-15T22:04:14","modified_gmt":"2026-04-15T21:04:14","slug":"tunisie-le-gouvernement-accelere-sa-strategie-pour-renforcer-la-souverainete-alimentaire","status":"publish","type":"post","link":"https:\/\/www.africanchallenges.com\/?p=72560","title":{"rendered":"Tunisie : le gouvernement acc\u00e9l\u00e8re sa strat\u00e9gie pour renforcer la souverainet\u00e9 alimentaire"},"content":{"rendered":"\n<p class=\"wp-block-paragraph\">La Cheffe du Gouvernement, Mme Sarra Zaafrani Zenzri, a pr\u00e9sid\u00e9 ce mercredi 15 avril 2026 au Palais du Gouvernement \u00e0 La Kasbah, un Conseil minist\u00e9riel restreint consacr\u00e9 au suivi de l\u2019\u00e9tat d\u2019avancement des programmes issus de la strat\u00e9gie nationale de d\u00e9veloppement des fili\u00e8res agricoles.<\/p>\n\n\n\n<p class=\"wp-block-paragraph\">En ouverture des travaux, la Cheffe du Gouvernement a soulign\u00e9 que l\u2019agriculture constitue un pilier de la s\u00e9curit\u00e9 nationale, insistant sur la n\u00e9cessit\u00e9 de renforcer la s\u00e9curit\u00e9 alimentaire \u00e0 travers le d\u00e9veloppement des syst\u00e8mes de production v\u00e9g\u00e9tale et animale, le renforcement de leur r\u00e9silience, ainsi que la reconstitution du cheptel national bovin et ovin. Elle a \u00e9galement mis l\u2019accent sur l\u2019importance d\u2019accro\u00eetre les capacit\u00e9s de stockage afin de limiter l\u2019impact des fluctuations des march\u00e9s internationaux et des perturbations des cha\u00eenes d\u2019approvisionnement, dans une perspective de souverainet\u00e9 alimentaire.<\/p>\n\n\n\n<p class=\"wp-block-paragraph\">Mme la Cheffe du Gouvernement a par ailleurs insist\u00e9 sur l\u2019importance de la s\u00e9curit\u00e9 hydrique, appelant \u00e0 l\u2019adoption de techniques agricoles intelligentes et \u00e9conomes en eau pour garantir la souverainet\u00e9 hydrique. Elle a rappel\u00e9 que le secteur agricole constitue un levier strat\u00e9gique de l\u2019\u00e9conomie nationale, contribuant \u00e0 hauteur d\u2019environ 10 % du PIB, 13 % des exportations et 14 % de l\u2019emploi, tout en repr\u00e9sentant la principale source de revenus pour pr\u00e8s de 70 % des populations rurales. \u00c0 ce titre, elle a soulign\u00e9 la n\u00e9cessit\u00e9 de lever les contraintes, notamment pour les petits agriculteurs, conform\u00e9ment aux orientations du Pr\u00e9sident de la R\u00e9publique, M. Ka\u00efs Sa\u00efed.<\/p>\n\n\n\n<p class=\"wp-block-paragraph\">Le ministre de l\u2019Agriculture, des Ressources hydrauliques et de la P\u00eache, M. Ezzedine Ben Chikh , a pr\u00e9sent\u00e9 un expos\u00e9 d\u00e9taill\u00e9 des r\u00e9alisations du secteur pour la p\u00e9riode 2021-2025, ainsi qu\u2019une analyse des d\u00e9fis et opportunit\u00e9s. Il a \u00e9galement expos\u00e9 la vision strat\u00e9gique du secteur agricole pour la p\u00e9riode 2026-2030, ax\u00e9e sur une agriculture inclusive, durable et renfor\u00e7ant la s\u00e9curit\u00e9 alimentaire et hydrique.<\/p>\n\n\n\n<p class=\"wp-block-paragraph\">Cette strat\u00e9gie repose notamment sur :<\/p>\n\n\n\n<ul class=\"wp-block-list\">\n<li>la gestion durable des ressources naturelles et l\u2019adaptation aux changements climatiques ;<\/li>\n\n\n\n<li>le renforcement de la s\u00e9curit\u00e9 alimentaire \u00e0 travers des r\u00e9formes structurelles, l\u2019am\u00e9lioration de la productivit\u00e9 et de la comp\u00e9titivit\u00e9, ainsi que la promotion des exportations ;<\/li>\n\n\n\n<li>la mise en place d\u2019un environnement agricole inclusif et d\u2019un cadre institutionnel adapt\u00e9 ;<\/li>\n\n\n\n<li>l\u2019am\u00e9lioration des conditions de vie en milieu rural et le d\u00e9veloppement r\u00e9gional.<\/li>\n<\/ul>\n\n\n\n<p class=\"wp-block-paragraph\">Les travaux du Conseil ont \u00e9galement port\u00e9 sur plusieurs fili\u00e8res strat\u00e9giques, notamment les c\u00e9r\u00e9ales, l\u2019huile d\u2019olive, les fourrages, l\u2019\u00e9levage et le secteur laitier.<\/p>\n\n\n\n<p class=\"wp-block-paragraph\">Concernant la fili\u00e8re c\u00e9r\u00e9ali\u00e8re, l\u2019accent a \u00e9t\u00e9 mis sur l\u2019am\u00e9lioration de la productivit\u00e9, la r\u00e9silience face aux changements climatiques, le d\u00e9veloppement des capacit\u00e9s de stockage, la modernisation des syst\u00e8mes de production et la digitalisation du secteur. La Cheffe du Gouvernement a insist\u00e9 sur l\u2019objectif d\u2019atteindre l\u2019autosuffisance, notamment en bl\u00e9 dur, et sur l\u2019importance de promouvoir les semences locales.<\/p>\n\n\n\n<p class=\"wp-block-paragraph\">S\u2019agissant de la fili\u00e8re de l\u2019huile d\u2019olive, les orientations strat\u00e9giques portent sur l\u2019am\u00e9lioration de la production et de la productivit\u00e9, le soutien aux petits agriculteurs, le renforcement des capacit\u00e9s de stockage, la valorisation des exportations et la conqu\u00eate de nouveaux march\u00e9s. La Cheffe du Gouvernement a appel\u00e9 \u00e0 renforcer la comp\u00e9titivit\u00e9 du secteur et \u00e0 d\u00e9velopper les exportations \u00e0 forte valeur ajout\u00e9e.<\/p>\n\n\n\n<p class=\"wp-block-paragraph\">En ce qui concerne les fili\u00e8res des fourrages, de l\u2019\u00e9levage et du lait, les priorit\u00e9s portent sur l\u2019am\u00e9lioration de la qualit\u00e9 des aliments pour b\u00e9tail, la diversification des ressources fourrag\u00e8res, l\u2019utilisation de ressources hydriques non conventionnelles, la reconstitution du cheptel, l\u2019am\u00e9lioration de la productivit\u00e9 et le soutien aux petits \u00e9leveurs.<\/p>\n\n\n\n<p class=\"wp-block-paragraph\">\u00c0 l\u2019issue de ses travaux, le Conseil minist\u00e9riel a recommand\u00e9 :<\/p>\n\n\n\n<ul class=\"wp-block-list\">\n<li>l\u2019acc\u00e9l\u00e9ration de la mise en \u0153uvre des programmes et projets issus de la strat\u00e9gie agricole nationale ;<\/li>\n\n\n\n<li>la mise en \u0153uvre rapide du programme de reconstitution du cheptel ;<\/li>\n\n\n\n<li>la diversification de la production et le d\u00e9veloppement de l\u2019industrie agroalimentaire ;<\/li>\n\n\n\n<li>la restructuration des exploitations relevant des offices publics ;<\/li>\n\n\n\n<li>le renforcement du soutien aux petits agriculteurs ;<\/li>\n\n\n\n<li>la modernisation et la digitalisation des circuits de distribution afin de garantir la transparence et lutter contre la sp\u00e9culation.<\/li>\n<\/ul>\n\n\n\n<p class=\"wp-block-paragraph\">La Cheffe du gouvernement a insist\u00e9 sur la &nbsp;n\u00e9cessit\u00e9 &nbsp;d\u2019acc\u00e9l\u00e9rer la mise en \u0153uvre des r\u00e9formes structurelles des fili\u00e8res agricoles, en particulier dans les secteurs des c\u00e9r\u00e9ales, de l\u2019huile d\u2019olive, des aliments pour b\u00e9tail, du lait et de l\u2019\u00e9levage.<\/p>\n\n\n\n<p class=\"wp-block-paragraph\">La Cheffe du gouvernement a r\u00e9affirm\u00e9 que les fili\u00e8res agricoles constituent un axe strat\u00e9gique de la souverainet\u00e9 nationale et l\u2019un des piliers essentiels de la s\u00e9curit\u00e9 alimentaire, notamment dans un contexte international marqu\u00e9 par des perturbations successives et de fortes fluctuations des march\u00e9s et des cha\u00eenes d\u2019approvisionnement. Elle a appel\u00e9 \u00e0 l\u2019adoption d\u2019une approche globale et int\u00e9gr\u00e9e, fond\u00e9e sur le soutien aux agriculteurs et aux producteurs, la modernisation des cha\u00eenes de valeur ainsi que le renforcement de la gouvernance dans les domaines de la distribution, de la transformation et du stockage. Cette d\u00e9marche vise \u00e0 consolider les fondements de la souverainet\u00e9 alimentaire, \u00e0 r\u00e9duire la d\u00e9pendance et \u00e0 b\u00e2tir un syst\u00e8me agricole plus r\u00e9silient, autonome et capable de faire face aux diff\u00e9rents d\u00e9fis.<\/p>\n","protected":false},"excerpt":{"rendered":"<p>La Cheffe du Gouvernement, Mme Sarra Zaafrani Zenzri, a pr\u00e9sid\u00e9 ce mercredi 15 avril 2026 au Palais du Gouvernement \u00e0 La Kasbah, un Conseil minist\u00e9riel restreint consacr\u00e9 au suivi de l\u2019\u00e9tat d\u2019avancement des programmes issus de la strat\u00e9gie nationale de d\u00e9veloppement des fili\u00e8res agricoles. En ouverture des travaux, la Cheffe du Gouvernement a soulign\u00e9 que [&hellip;]<\/p>\n","protected":false},"author":4,"featured_media":72562,"comment_status":"open","ping_status":"closed","sticky":false,"template":"","format":"standard","meta":{"content-type":"","jnews-multi-image_gallery":[],"jnews_single_post":{"format":"standard"},"jnews_primary_category":[],"jnews_override_bookmark_settings":[],"jnews_review":[],"enable_review":"","type":"","name":"","summary":"","brand":"","sku":"","good":[],"bad":[],"score_override":"","override_value":"","rating":[],"price":[],"jnews_post_split":[],"footnotes":""},"categories":[2],"tags":[1682,7151,7855,54],"class_list":["post-72560","post","type-post","status-publish","format-standard","has-post-thumbnail","hentry","category-news-politique","tag-gouvernement","tag-souverainete-alimentaire","tag-strategie","tag-tunisie"],"_links":{"self":[{"href":"https:\/\/www.africanchallenges.com\/index.php?rest_route=\/wp\/v2\/posts\/72560","targetHints":{"allow":["GET"]}}],"collection":[{"href":"https:\/\/www.africanchallenges.com\/index.php?rest_route=\/wp\/v2\/posts"}],"about":[{"href":"https:\/\/www.africanchallenges.com\/index.php?rest_route=\/wp\/v2\/types\/post"}],"author":[{"embeddable":true,"href":"https:\/\/www.africanchallenges.com\/index.php?rest_route=\/wp\/v2\/users\/4"}],"replies":[{"embeddable":true,"href":"https:\/\/www.africanchallenges.com\/index.php?rest_route=%2Fwp%2Fv2%2Fcomments&post=72560"}],"version-history":[{"count":1,"href":"https:\/\/www.africanchallenges.com\/index.php?rest_route=\/wp\/v2\/posts\/72560\/revisions"}],"predecessor-version":[{"id":72561,"href":"https:\/\/www.africanchallenges.com\/index.php?rest_route=\/wp\/v2\/posts\/72560\/revisions\/72561"}],"wp:featuredmedia":[{"embeddable":true,"href":"https:\/\/www.africanchallenges.com\/index.php?rest_route=\/wp\/v2\/media\/72562"}],"wp:attachment":[{"href":"https:\/\/www.africanchallenges.com\/index.php?rest_route=%2Fwp%2Fv2%2Fmedia&parent=72560"}],"wp:term":[{"taxonomy":"category","embeddable":true,"href":"https:\/\/www.africanchallenges.com\/index.php?rest_route=%2Fwp%2Fv2%2Fcategories&post=72560"},{"taxonomy":"post_tag","embeddable":true,"href":"https:\/\/www.africanchallenges.com\/index.php?rest_route=%2Fwp%2Fv2%2Ftags&post=72560"}],"curies":[{"name":"wp","href":"https:\/\/api.w.org\/{rel}","templated":true}]}}