{"id":72531,"date":"2026-04-15T09:30:00","date_gmt":"2026-04-15T08:30:00","guid":{"rendered":"https:\/\/www.africanchallenges.com\/?p=72531"},"modified":"2026-04-14T23:05:09","modified_gmt":"2026-04-14T22:05:09","slug":"seance-de-travail-tunisie-algerie-au-palais-du-bardo-vers-un-renforcement-de-la-cooperation-parlementaire-et-des-projets-communs","status":"publish","type":"post","link":"https:\/\/www.africanchallenges.com\/?p=72531","title":{"rendered":"S\u00e9ance de travail Tunisie\u2013Alg\u00e9rie au Palais du Bardo : vers un renforcement de la coop\u00e9ration parlementaire et des projets communs"},"content":{"rendered":"\n<p class=\"wp-block-paragraph\">Une s\u00e9ance de travail s\u2019est tenue ce mardi 14 avril 2026 au Palais du Bardo, r\u00e9unissant des d\u00e9put\u00e9s membres du Parlement africain et du groupe d\u2019amiti\u00e9 tuniso-alg\u00e9rien, ainsi qu\u2019une d\u00e9l\u00e9gation parlementaire alg\u00e9rienne compos\u00e9e de M. Sakras Mohamed, membre de l\u2019Assembl\u00e9e populaire nationale alg\u00e9rienne, et de MM. Fateh Boutbig et Mohamed Amrane, membres du Conseil de la Nation.<\/p>\n\n\n\n<p class=\"wp-block-paragraph\">Cette rencontre s\u2019inscrit dans une volont\u00e9 commune de renforcer davantage les relations parlementaires entre les deux pays et d\u2019intensifier la concertation autour des prochaines \u00e9ch\u00e9ances au niveau continental.<\/p>\n\n\n\n<p class=\"wp-block-paragraph\">\u00c0 cette occasion, les membres de la d\u00e9l\u00e9gation tunisienne ont soulign\u00e9 la profondeur des relations historiques et fraternelles unissant la Tunisie et l\u2019Alg\u00e9rie, marqu\u00e9es par une convergence de vues et une large proximit\u00e9 sur de nombreuses questions d\u2019int\u00e9r\u00eat commun. Ils ont insist\u00e9 sur le fait que ces liens solides constituent un pilier essentiel pour le d\u00e9veloppement de la coop\u00e9ration parlementaire bilat\u00e9rale.<\/p>\n\n\n\n<p class=\"wp-block-paragraph\">Les d\u00e9put\u00e9s tunisiens ont \u00e9galement appel\u00e9 \u00e0 traduire davantage ce rapprochement politique en projets et programmes de coop\u00e9ration concrets, au b\u00e9n\u00e9fice des deux peuples, notamment \u00e0 travers la promotion d\u2019une zone de libre-\u00e9change, le renforcement des initiatives conjointes dans les domaines de la jeunesse et du sport, ainsi que la mise en place de m\u00e9canismes de coop\u00e9ration plus structur\u00e9s et durables, dont la cr\u00e9ation d\u2019une commission parlementaire mixte de haut niveau charg\u00e9e du suivi des dossiers strat\u00e9giques. Ils ont \u00e9galement soulign\u00e9 la n\u00e9cessit\u00e9 de poursuivre la concertation et la coordination bilat\u00e9rales.<\/p>\n\n\n\n<p class=\"wp-block-paragraph\">De leur c\u00f4t\u00e9, les membres de la d\u00e9l\u00e9gation alg\u00e9rienne ont exprim\u00e9 leur vive appr\u00e9ciation pour la qualit\u00e9 de l\u2019accueil qui leur a \u00e9t\u00e9 r\u00e9serv\u00e9, r\u00e9affirmant la profondeur des relations fraternelles sinc\u00e8res entre les deux pays, fond\u00e9es sur une histoire commune et des liens solides entre les deux peuples.<\/p>\n\n\n\n<p class=\"wp-block-paragraph\">Dans le m\u00eame contexte, M. Fateh Boutbig a mis en avant l\u2019importance d\u2019une approche participative reposant sur le renforcement de l\u2019action collective au sein des institutions parlementaires r\u00e9gionales et internationales, ainsi que sur l\u2019unification et la mise en \u0153uvre des positions communes.<\/p>\n\n\n\n<p class=\"wp-block-paragraph\">En conclusion, les deux parties ont soulign\u00e9 le r\u00f4le central du groupe d\u2019amiti\u00e9 parlementaire en tant que cadre op\u00e9rationnel de coordination et de traitement des pr\u00e9occupations communes. Elles ont r\u00e9affirm\u00e9 leur engagement \u00e0 poursuivre les efforts en faveur des int\u00e9r\u00eats des deux pays et du renforcement des perspectives de coop\u00e9ration.<\/p>\n","protected":false},"excerpt":{"rendered":"<p>Une s\u00e9ance de travail s\u2019est tenue ce mardi 14 avril 2026 au Palais du Bardo, r\u00e9unissant des d\u00e9put\u00e9s membres du Parlement africain et du groupe d\u2019amiti\u00e9 tuniso-alg\u00e9rien, ainsi qu\u2019une d\u00e9l\u00e9gation parlementaire alg\u00e9rienne compos\u00e9e de M. Sakras Mohamed, membre de l\u2019Assembl\u00e9e populaire nationale alg\u00e9rienne, et de MM. Fateh Boutbig et Mohamed Amrane, membres du Conseil de [&hellip;]<\/p>\n","protected":false},"author":4,"featured_media":72532,"comment_status":"open","ping_status":"closed","sticky":false,"template":"","format":"standard","meta":{"content-type":"","jnews-multi-image_gallery":[],"jnews_single_post":{"format":"standard"},"jnews_primary_category":[],"jnews_override_bookmark_settings":[],"jnews_review":[],"enable_review":"","type":"","name":"","summary":"","brand":"","sku":"","good":[],"bad":[],"score_override":"","override_value":"","rating":[],"price":[],"jnews_post_split":[],"footnotes":""},"categories":[2],"tags":[18220,18221,1283,54],"class_list":["post-72531","post","type-post","status-publish","format-standard","has-post-thumbnail","hentry","category-news-politique","tag-cooperation-parlementaire","tag-delegation-parlementaire-algerienne","tag-renforcement","tag-tunisie"],"_links":{"self":[{"href":"https:\/\/www.africanchallenges.com\/index.php?rest_route=\/wp\/v2\/posts\/72531","targetHints":{"allow":["GET"]}}],"collection":[{"href":"https:\/\/www.africanchallenges.com\/index.php?rest_route=\/wp\/v2\/posts"}],"about":[{"href":"https:\/\/www.africanchallenges.com\/index.php?rest_route=\/wp\/v2\/types\/post"}],"author":[{"embeddable":true,"href":"https:\/\/www.africanchallenges.com\/index.php?rest_route=\/wp\/v2\/users\/4"}],"replies":[{"embeddable":true,"href":"https:\/\/www.africanchallenges.com\/index.php?rest_route=%2Fwp%2Fv2%2Fcomments&post=72531"}],"version-history":[{"count":1,"href":"https:\/\/www.africanchallenges.com\/index.php?rest_route=\/wp\/v2\/posts\/72531\/revisions"}],"predecessor-version":[{"id":72533,"href":"https:\/\/www.africanchallenges.com\/index.php?rest_route=\/wp\/v2\/posts\/72531\/revisions\/72533"}],"wp:featuredmedia":[{"embeddable":true,"href":"https:\/\/www.africanchallenges.com\/index.php?rest_route=\/wp\/v2\/media\/72532"}],"wp:attachment":[{"href":"https:\/\/www.africanchallenges.com\/index.php?rest_route=%2Fwp%2Fv2%2Fmedia&parent=72531"}],"wp:term":[{"taxonomy":"category","embeddable":true,"href":"https:\/\/www.africanchallenges.com\/index.php?rest_route=%2Fwp%2Fv2%2Fcategories&post=72531"},{"taxonomy":"post_tag","embeddable":true,"href":"https:\/\/www.africanchallenges.com\/index.php?rest_route=%2Fwp%2Fv2%2Ftags&post=72531"}],"curies":[{"name":"wp","href":"https:\/\/api.w.org\/{rel}","templated":true}]}}