{"id":72517,"date":"2026-04-15T07:45:00","date_gmt":"2026-04-15T06:45:00","guid":{"rendered":"https:\/\/www.africanchallenges.com\/?p=72517"},"modified":"2026-04-14T21:41:10","modified_gmt":"2026-04-14T20:41:10","slug":"solaire-photovoltaique-lancement-dun-nouvel-appel-a-projets-de-200-mw-en-tunisie","status":"publish","type":"post","link":"https:\/\/www.africanchallenges.com\/?p=72517","title":{"rendered":"Solaire photovolta\u00efque : lancement d\u2019un nouvel appel \u00e0 projets de 200 MW en Tunisie"},"content":{"rendered":"\n<p class=\"wp-block-paragraph\">Le minist\u00e8re de l\u2019Industrie, des Mines et de l\u2019\u00c9nergie annonce l\u2019ouverture de l\u2019appel \u00e0 candidatures pour la r\u00e9alisation de projets de production d\u2019\u00e9lectricit\u00e9 \u00e0 partir de l\u2019\u00e9nergie solaire photovolta\u00efque, dans le cadre de la sixi\u00e8me tranche du r\u00e9gime des autorisations, destin\u00e9e \u00e0 la vente totale de l\u2019\u00e9lectricit\u00e9 produite \u00e0 la Soci\u00e9t\u00e9 tunisienne de l\u2019\u00e9lectricit\u00e9 et du gaz (STEG).<\/p>\n\n\n\n<p class=\"wp-block-paragraph\">Cet appel est lanc\u00e9 conform\u00e9ment aux dispositions du d\u00e9cret n\u00b01123 de 2016 du 24 ao\u00fbt 2016, et s\u2019appuie sur les tarifs fix\u00e9s par l\u2019arr\u00eat\u00e9 de la ministre de l\u2019Industrie, des Mines et de l\u2019\u00c9nergie en date du 9 octobre 2024, relatif \u00e0 la d\u00e9termination des prix d\u2019achat de l\u2019\u00e9lectricit\u00e9 produite \u00e0 partir de projets photovolta\u00efques soumis \u00e0 autorisation, ainsi que sur le contrat-type de vente d\u2019\u00e9lectricit\u00e9 approuv\u00e9 \u00e0 la m\u00eame date.<\/p>\n\n\n\n<p class=\"wp-block-paragraph\">Le minist\u00e8re invite les promoteurs int\u00e9ress\u00e9s \u00e0 soumettre leurs dossiers conform\u00e9ment aux conditions et proc\u00e9dures pr\u00e9vues par le d\u00e9cret pr\u00e9cit\u00e9 et le guide des proc\u00e9dures. Il est \u00e0 noter que la capacit\u00e9 totale \u00e0 attribuer dans le cadre de cet appel est fix\u00e9e \u00e0 200 MW.<\/p>\n\n\n\n<p class=\"wp-block-paragraph\">Les dossiers seront examin\u00e9s selon l\u2019ordre chronologique de leur d\u00e9p\u00f4t, dans la limite de la capacit\u00e9 d\u2019accueil du r\u00e9seau \u00e9lectrique au niveau des lignes et postes de transformation (HTB\/HTA) concern\u00e9s par le raccordement.<\/p>\n\n\n\n<p class=\"wp-block-paragraph\">Les candidatures doivent \u00eatre d\u00e9pos\u00e9es en deux exemplaires papier et deux copies num\u00e9riques au bureau d\u2019ordre central du minist\u00e8re, du 15 avril 2026 au 15 juin 2026 \u00e0 12h00 (heure de Tunis), \u00e0 l\u2019adresse suivante :<\/p>\n\n\n\n<p class=\"wp-block-paragraph\">Minist\u00e8re de l\u2019Industrie, des Mines et de l\u2019\u00c9nergie<\/p>\n\n\n\n<p class=\"wp-block-paragraph\">40, rue Sidi El Heni, Montplaisir<\/p>\n\n\n\n<p class=\"wp-block-paragraph\">1002 Tunis \u2013 Tunisie<\/p>\n\n\n\n<p class=\"wp-block-paragraph\">Pour toute information compl\u00e9mentaire, les int\u00e9ress\u00e9s peuvent contacter l\u2019adresse \u00e9lectronique suivante :<\/p>\n\n\n\n<p class=\"wp-block-paragraph\"><a href=\"mailto:ipper.autorisation@energiemines.gov.tn\">ipper.autorisation@energiemines.gov.tn<\/a><\/p>\n\n\n\n<p class=\"wp-block-paragraph\">Il est \u00e9galement possible de consulter le site web du minist\u00e8re pour plus de d\u00e9tails: <a href=\"https:\/\/www.energiemines.gov.tn\/ar\/tc\/%D8%A5%D8%B9%D9%84%D8%A7%D9%86\/news\/%D8%AF%D8%B9%D9%88%D8%A9-%D9%84%D8%AA%D9%82%D8%AF%D9%8A%D9%85-%D9%85%D8%B4%D8%A7%D8%B1%D9%8A%D8%B9-%D9%84%D8%A5%D9%86%D8%AA%D8%A7%D8%AC-%D8%A7%D9%84%D9%83%D9%87%D8%B1%D8%A8%D8%A7%D8%A1-%D9%85%D9%86-%D8%A7%D9%84%D8%B7%D8%A7%D9%82%D8%A9-%D8%A7%D9%84%D8%B4%D9%85%D8%B3%D9%8A%D8%A9-%D8%A7%D9%84%D9%81%D9%88%D9%84%D8%B7%D8%A7%D8%B6%D9%88%D8%A6%D9%8A%D8%A9-%D9%81%D9%8A-%D8%A5%D8%B7%D8%A7%D8%B1-%D9%86%D8%B8%D8%A7%D9%85-%D8%A7%D9%84%D8%AA%D8%B1%D8%A7%D8%AE%D9%8A%D8%B5-%D8%AC%D9%88%D9%84%D8%A9-%D8%B9%D8%AF%D8%AF-06\/?tx_news_pi1%5bcontroller%5d=News&amp;tx_news_pi1%5baction%5d=detail&amp;cHash=7c28b17874389e2169c77e92ed8950bf&amp;fbclid=IwZXh0bgNhZW0CMTAAYnJpZBExRTVKMzBFSnZ1eWFLRTFnRnNydGMGYXBwX2lkEDIyMjAzOTE3ODgyMDA4OTIAAR6siUdwQ_svHnlz17VlD-gq0fRjgdA7e0Nkv5Im_le1lUpbA3sV72yTnBn_lQ_aem_ebIPGI9hA_IR2xUm5CV3Cg\" target=\"_blank\" rel=\"noreferrer noopener\"><strong>https:\/\/www.energiemines.gov.tn\/&#8230;\/%D8%AF%D8%B9%D9&#8230;\/&#8230;<\/strong><\/a><\/p>\n\n\n\n<p class=\"wp-block-paragraph\"><strong>Avec Communiqu\u00e9<\/strong><\/p>\n","protected":false},"excerpt":{"rendered":"<p>Le minist\u00e8re de l\u2019Industrie, des Mines et de l\u2019\u00c9nergie annonce l\u2019ouverture de l\u2019appel \u00e0 candidatures pour la r\u00e9alisation de projets de production d\u2019\u00e9lectricit\u00e9 \u00e0 partir de l\u2019\u00e9nergie solaire photovolta\u00efque, dans le cadre de la sixi\u00e8me tranche du r\u00e9gime des autorisations, destin\u00e9e \u00e0 la vente totale de l\u2019\u00e9lectricit\u00e9 produite \u00e0 la Soci\u00e9t\u00e9 tunisienne de l\u2019\u00e9lectricit\u00e9 et [&hellip;]<\/p>\n","protected":false},"author":4,"featured_media":61862,"comment_status":"open","ping_status":"closed","sticky":false,"template":"","format":"standard","meta":{"content-type":"","jnews-multi-image_gallery":[],"jnews_single_post":{"format":"standard"},"jnews_primary_category":[],"jnews_override_bookmark_settings":[],"jnews_review":[],"enable_review":"","type":"","name":"","summary":"","brand":"","sku":"","good":[],"bad":[],"score_override":"","override_value":"","rating":[],"price":[],"jnews_post_split":[],"footnotes":""},"categories":[43,73],"tags":[9132,2696,18210,54],"class_list":["post-72517","post","type-post","status-publish","format-standard","has-post-thumbnail","hentry","category-eco-business","category-eco","tag-appel-a-projets","tag-ministere-de-lindustrie","tag-solaire-photovoltaique","tag-tunisie"],"_links":{"self":[{"href":"https:\/\/www.africanchallenges.com\/index.php?rest_route=\/wp\/v2\/posts\/72517","targetHints":{"allow":["GET"]}}],"collection":[{"href":"https:\/\/www.africanchallenges.com\/index.php?rest_route=\/wp\/v2\/posts"}],"about":[{"href":"https:\/\/www.africanchallenges.com\/index.php?rest_route=\/wp\/v2\/types\/post"}],"author":[{"embeddable":true,"href":"https:\/\/www.africanchallenges.com\/index.php?rest_route=\/wp\/v2\/users\/4"}],"replies":[{"embeddable":true,"href":"https:\/\/www.africanchallenges.com\/index.php?rest_route=%2Fwp%2Fv2%2Fcomments&post=72517"}],"version-history":[{"count":1,"href":"https:\/\/www.africanchallenges.com\/index.php?rest_route=\/wp\/v2\/posts\/72517\/revisions"}],"predecessor-version":[{"id":72518,"href":"https:\/\/www.africanchallenges.com\/index.php?rest_route=\/wp\/v2\/posts\/72517\/revisions\/72518"}],"wp:featuredmedia":[{"embeddable":true,"href":"https:\/\/www.africanchallenges.com\/index.php?rest_route=\/wp\/v2\/media\/61862"}],"wp:attachment":[{"href":"https:\/\/www.africanchallenges.com\/index.php?rest_route=%2Fwp%2Fv2%2Fmedia&parent=72517"}],"wp:term":[{"taxonomy":"category","embeddable":true,"href":"https:\/\/www.africanchallenges.com\/index.php?rest_route=%2Fwp%2Fv2%2Fcategories&post=72517"},{"taxonomy":"post_tag","embeddable":true,"href":"https:\/\/www.africanchallenges.com\/index.php?rest_route=%2Fwp%2Fv2%2Ftags&post=72517"}],"curies":[{"name":"wp","href":"https:\/\/api.w.org\/{rel}","templated":true}]}}