{"id":72493,"date":"2026-04-14T17:13:44","date_gmt":"2026-04-14T16:13:44","guid":{"rendered":"https:\/\/www.africanchallenges.com\/?p=72493"},"modified":"2026-04-14T17:49:31","modified_gmt":"2026-04-14T16:49:31","slug":"tunisie-italie-signature-dun-accord-cadre-pour-renforcer-la-formation-professionnelle-et-lemployabilite-des-jeunes","status":"publish","type":"post","link":"https:\/\/www.africanchallenges.com\/?p=72493","title":{"rendered":"Tunisie\u2013Italie : signature d\u2019un accord-cadre pour renforcer la formation professionnelle et l\u2019employabilit\u00e9 des jeunes"},"content":{"rendered":"\n<p class=\"wp-block-paragraph\">En pr\u00e9sence du ministre de l\u2019Emploi et de la Formation professionnelle, Riyad Chaoued, et de l\u2019ambassadeur d\u2019Italie en Tunisie, Alessandro Prunas, une convention-cadre a \u00e9t\u00e9 sign\u00e9e entre l\u2019agence italienne UMANA, l\u2019Agence nationale pour l\u2019emploi et le travail ind\u00e9pendant (ANETI) et l\u2019Agence tunisienne de la formation professionnelle.<\/p>\n\n\n\n<p class=\"wp-block-paragraph\">Cet accord s\u2019inscrit dans le cadre du renforcement de la coop\u00e9ration tuniso-italienne dans le domaine de la formation professionnelle, avec pour objectif de favoriser l\u2019insertion des jeunes tunisiens sur le march\u00e9 du travail et de r\u00e9pondre plus efficacement aux besoins des entreprises.<\/p>\n\n\n\n<p class=\"wp-block-paragraph\">La nouvelle collaboration vise notamment \u00e0 d\u00e9velopper des programmes de formation adapt\u00e9s aux exigences du march\u00e9, \u00e0 am\u00e9liorer les comp\u00e9tences des demandeurs d\u2019emploi et \u00e0 renforcer les passerelles entre formation et emploi.<\/p>\n\n\n\n<p class=\"wp-block-paragraph\">\u00c0 travers cette initiative, les deux parties entendent consolider un partenariat strat\u00e9gique centr\u00e9 sur l\u2019employabilit\u00e9 des jeunes et l\u2019ad\u00e9quation entre les qualifications disponibles et les besoins r\u00e9els du tissu \u00e9conomique, dans une logique de d\u00e9veloppement partag\u00e9.<\/p>\n","protected":false},"excerpt":{"rendered":"<p>En pr\u00e9sence du ministre de l\u2019Emploi et de la Formation professionnelle, Riyad Chaoued, et de l\u2019ambassadeur d\u2019Italie en Tunisie, Alessandro Prunas, une convention-cadre a \u00e9t\u00e9 sign\u00e9e entre l\u2019agence italienne UMANA, l\u2019Agence nationale pour l\u2019emploi et le travail ind\u00e9pendant (ANETI) et l\u2019Agence tunisienne de la formation professionnelle. Cet accord s\u2019inscrit dans le cadre du renforcement de [&hellip;]<\/p>\n","protected":false},"author":4,"featured_media":72502,"comment_status":"open","ping_status":"closed","sticky":false,"template":"","format":"standard","meta":{"content-type":"","jnews-multi-image_gallery":[],"jnews_single_post":{"format":"standard"},"jnews_primary_category":[],"jnews_override_bookmark_settings":[],"jnews_review":[],"enable_review":"","type":"","name":"","summary":"","brand":"","sku":"","good":[],"bad":[],"score_override":"","override_value":"","rating":[],"price":[],"jnews_post_split":[],"footnotes":""},"categories":[5],"tags":[7258,3415,3090,3599,1741,54],"class_list":["post-72493","post","type-post","status-publish","format-standard","has-post-thumbnail","hentry","category-edufor","tag-accord-cadre","tag-employabilite","tag-formation-professionnelle","tag-italie","tag-signature","tag-tunisie"],"_links":{"self":[{"href":"https:\/\/www.africanchallenges.com\/index.php?rest_route=\/wp\/v2\/posts\/72493","targetHints":{"allow":["GET"]}}],"collection":[{"href":"https:\/\/www.africanchallenges.com\/index.php?rest_route=\/wp\/v2\/posts"}],"about":[{"href":"https:\/\/www.africanchallenges.com\/index.php?rest_route=\/wp\/v2\/types\/post"}],"author":[{"embeddable":true,"href":"https:\/\/www.africanchallenges.com\/index.php?rest_route=\/wp\/v2\/users\/4"}],"replies":[{"embeddable":true,"href":"https:\/\/www.africanchallenges.com\/index.php?rest_route=%2Fwp%2Fv2%2Fcomments&post=72493"}],"version-history":[{"count":1,"href":"https:\/\/www.africanchallenges.com\/index.php?rest_route=\/wp\/v2\/posts\/72493\/revisions"}],"predecessor-version":[{"id":72494,"href":"https:\/\/www.africanchallenges.com\/index.php?rest_route=\/wp\/v2\/posts\/72493\/revisions\/72494"}],"wp:featuredmedia":[{"embeddable":true,"href":"https:\/\/www.africanchallenges.com\/index.php?rest_route=\/wp\/v2\/media\/72502"}],"wp:attachment":[{"href":"https:\/\/www.africanchallenges.com\/index.php?rest_route=%2Fwp%2Fv2%2Fmedia&parent=72493"}],"wp:term":[{"taxonomy":"category","embeddable":true,"href":"https:\/\/www.africanchallenges.com\/index.php?rest_route=%2Fwp%2Fv2%2Fcategories&post=72493"},{"taxonomy":"post_tag","embeddable":true,"href":"https:\/\/www.africanchallenges.com\/index.php?rest_route=%2Fwp%2Fv2%2Ftags&post=72493"}],"curies":[{"name":"wp","href":"https:\/\/api.w.org\/{rel}","templated":true}]}}