{"id":72441,"date":"2026-04-13T12:56:24","date_gmt":"2026-04-13T11:56:24","guid":{"rendered":"https:\/\/www.africanchallenges.com\/?p=72441"},"modified":"2026-04-13T12:58:31","modified_gmt":"2026-04-13T11:58:31","slug":"aux-frontieres-schengen-les-tunisiens-passent-a-lere-biometrique","status":"publish","type":"post","link":"https:\/\/www.africanchallenges.com\/?p=72441","title":{"rendered":"Aux fronti\u00e8res Schengen, les Tunisiens passent \u00e0 l\u2019\u00e8re biom\u00e9trique"},"content":{"rendered":"\n<p class=\"wp-block-paragraph\">Depuis le 10 avril 2026, les conditions de franchissement des fronti\u00e8res de l\u2019espace Schengen ont profond\u00e9ment \u00e9volu\u00e9 pour les voyageurs tunisiens. Avec la mise en place du syst\u00e8me d\u2019entr\u00e9e\/sortie (EES), l\u2019Union europ\u00e9enne engage une transition vers un dispositif de contr\u00f4le enti\u00e8rement digitalis\u00e9, annon\u00e7ant la disparition progressive des tampons appos\u00e9s sur les passeports.<\/p>\n\n\n\n<p class=\"wp-block-paragraph\"><strong>Une fronti\u00e8re sans tampon<\/strong><\/p>\n\n\n\n<p class=\"wp-block-paragraph\">D\u00e9sormais, les voyageurs en provenance de pays tiers, dont la Tunisie, ne verront plus leur passeport estampill\u00e9 \u00e0 chaque entr\u00e9e ou sortie. \u00c0 la place, leurs d\u00e9placements sont enregistr\u00e9s automatiquement dans une base de donn\u00e9es centralis\u00e9e. Chaque passage est ainsi trac\u00e9 avec pr\u00e9cision : date, point d\u2019entr\u00e9e, dur\u00e9e du s\u00e9jour.<\/p>\n\n\n\n<p class=\"wp-block-paragraph\">Cette \u00e9volution vise avant tout \u00e0 moderniser la gestion des flux migratoires et \u00e0 renforcer la fiabilit\u00e9 des contr\u00f4les.<\/p>\n\n\n\n<p class=\"wp-block-paragraph\"><strong>Donn\u00e9es biom\u00e9triques au c\u0153ur du dispositif<\/strong><\/p>\n\n\n\n<p class=\"wp-block-paragraph\">Le nouveau syst\u00e8me repose sur la collecte de donn\u00e9es biom\u00e9triques. Lors du premier passage, les voyageurs sont invit\u00e9s \u00e0 fournir une photo faciale ainsi que leurs empreintes digitales. Ces informations permettent d\u2019authentifier l\u2019identit\u00e9 de mani\u00e8re plus s\u00fbre et de limiter les risques de fraude.<\/p>\n\n\n\n<p class=\"wp-block-paragraph\">Si cette \u00e9tape peut allonger l\u00e9g\u00e8rement le premier contr\u00f4le, les passages suivants devraient \u00eatre plus fluides gr\u00e2ce \u00e0 l\u2019automatisation croissante des proc\u00e9dures.<\/p>\n\n\n\n<p class=\"wp-block-paragraph\"><strong>S\u00e9curit\u00e9 renforc\u00e9e, proc\u00e9dures simplifi\u00e9es<\/strong><\/p>\n\n\n\n<p class=\"wp-block-paragraph\">Pour les autorit\u00e9s europ\u00e9ennes, l\u2019EES r\u00e9pond \u00e0 un double objectif : am\u00e9liorer la s\u00e9curit\u00e9 aux fronti\u00e8res tout en r\u00e9duisant les temps d\u2019attente. En d\u00e9tectant automatiquement les d\u00e9passements de dur\u00e9e de s\u00e9jour \u2014 limit\u00e9s \u00e0 90 jours sur une p\u00e9riode de 180 jours \u2014 le syst\u00e8me facilite \u00e9galement le suivi des entr\u00e9es irr\u00e9guli\u00e8res.<\/p>\n\n\n\n<p class=\"wp-block-paragraph\"><strong>Aucun changement concernant l\u2019obligation de visa Schengen pour les voyageurs<\/strong><\/p>\n\n\n\n<p class=\"wp-block-paragraph\">Contrairement \u00e0 certaines id\u00e9es re\u00e7ues, cette r\u00e9forme n\u2019affecte pas les conditions d\u2019acc\u00e8s au territoire europ\u00e9en. Les ressortissants tunisiens restent soumis \u00e0 l\u2019obligation de visa Schengen, et les proc\u00e9dures de demande demeurent inchang\u00e9es \u00e0 ce stade.<\/p>\n\n\n\n<p class=\"wp-block-paragraph\"><strong>Vers une digitalisation compl\u00e8te<\/strong><\/p>\n\n\n\n<p class=\"wp-block-paragraph\">L\u2019introduction de l\u2019EES s\u2019inscrit dans une strat\u00e9gie plus large de transformation num\u00e9rique des fronti\u00e8res europ\u00e9ennes. D\u2019autres dispositifs sont attendus dans les prochaines ann\u00e9es, notamment la d\u00e9mat\u00e9rialisation des visas.<\/p>\n\n\n\n<p class=\"wp-block-paragraph\">Pour les voyageurs tunisiens, cette mutation marque un tournant : moins visible sur le passeport, mais bien plus pr\u00e9sente dans les syst\u00e8mes informatiques. Entre gain de temps et renforcement des contr\u00f4les, le passage aux fronti\u00e8res entre dans une nouvelle \u00e8re.<\/p>\n\n\n\n<p class=\"wp-block-paragraph\"><\/p>\n","protected":false},"excerpt":{"rendered":"<p>Depuis le 10 avril 2026, les conditions de franchissement des fronti\u00e8res de l\u2019espace Schengen ont profond\u00e9ment \u00e9volu\u00e9 pour les voyageurs tunisiens. Avec la mise en place du syst\u00e8me d\u2019entr\u00e9e\/sortie (EES), l\u2019Union europ\u00e9enne engage une transition vers un dispositif de contr\u00f4le enti\u00e8rement digitalis\u00e9, annon\u00e7ant la disparition progressive des tampons appos\u00e9s sur les passeports. Une fronti\u00e8re sans [&hellip;]<\/p>\n","protected":false},"author":4,"featured_media":42194,"comment_status":"open","ping_status":"closed","sticky":false,"template":"","format":"standard","meta":{"content-type":"","jnews-multi-image_gallery":[],"jnews_single_post":{"format":"standard"},"jnews_primary_category":[],"jnews_override_bookmark_settings":[],"jnews_review":[],"enable_review":"","type":"","name":"","summary":"","brand":"","sku":"","good":[],"bad":[],"score_override":"","override_value":"","rating":[],"price":[],"jnews_post_split":[],"footnotes":""},"categories":[6,61],"tags":[18146,2269,18145,1175],"class_list":["post-72441","post","type-post","status-publish","format-standard","has-post-thumbnail","hentry","category-world","category-societe","tag-ere-biometrique","tag-lunion-europeenne","tag-schengen","tag-tunisiens"],"_links":{"self":[{"href":"https:\/\/www.africanchallenges.com\/index.php?rest_route=\/wp\/v2\/posts\/72441","targetHints":{"allow":["GET"]}}],"collection":[{"href":"https:\/\/www.africanchallenges.com\/index.php?rest_route=\/wp\/v2\/posts"}],"about":[{"href":"https:\/\/www.africanchallenges.com\/index.php?rest_route=\/wp\/v2\/types\/post"}],"author":[{"embeddable":true,"href":"https:\/\/www.africanchallenges.com\/index.php?rest_route=\/wp\/v2\/users\/4"}],"replies":[{"embeddable":true,"href":"https:\/\/www.africanchallenges.com\/index.php?rest_route=%2Fwp%2Fv2%2Fcomments&post=72441"}],"version-history":[{"count":2,"href":"https:\/\/www.africanchallenges.com\/index.php?rest_route=\/wp\/v2\/posts\/72441\/revisions"}],"predecessor-version":[{"id":72444,"href":"https:\/\/www.africanchallenges.com\/index.php?rest_route=\/wp\/v2\/posts\/72441\/revisions\/72444"}],"wp:featuredmedia":[{"embeddable":true,"href":"https:\/\/www.africanchallenges.com\/index.php?rest_route=\/wp\/v2\/media\/42194"}],"wp:attachment":[{"href":"https:\/\/www.africanchallenges.com\/index.php?rest_route=%2Fwp%2Fv2%2Fmedia&parent=72441"}],"wp:term":[{"taxonomy":"category","embeddable":true,"href":"https:\/\/www.africanchallenges.com\/index.php?rest_route=%2Fwp%2Fv2%2Fcategories&post=72441"},{"taxonomy":"post_tag","embeddable":true,"href":"https:\/\/www.africanchallenges.com\/index.php?rest_route=%2Fwp%2Fv2%2Ftags&post=72441"}],"curies":[{"name":"wp","href":"https:\/\/api.w.org\/{rel}","templated":true}]}}