{"id":72433,"date":"2026-04-13T09:16:20","date_gmt":"2026-04-13T08:16:20","guid":{"rendered":"https:\/\/www.africanchallenges.com\/?p=72433"},"modified":"2026-04-13T09:16:21","modified_gmt":"2026-04-13T08:16:21","slug":"protection-de-lenfance-a-lere-numerique-sarah-el-hairy-en-visite-officielle-en-tunisie-les-14-et-15-avril","status":"publish","type":"post","link":"https:\/\/www.africanchallenges.com\/?p=72433","title":{"rendered":"Protection de l\u2019enfance \u00e0 l\u2019\u00e8re num\u00e9rique \u00a0: Sarah El Ha\u00efry en visite officielle en Tunisie les 14 et 15 avril"},"content":{"rendered":"\n<p class=\"wp-block-paragraph\"><strong>Sarah El Ha\u00efry, Haute-commissaire \u00e0 l\u2019Enfance de la R\u00e9publique fran\u00e7aise, se rendra \u00e0 Tunis les 14 et 15 avril 2026 pour un d\u00e9placement mettant en lumi\u00e8re la protection de l\u2019enfance comme un axe structurant du partenariat franco-tunisien, notamment face aux nouveaux risques li\u00e9s \u00e0 l\u2019environnement num\u00e9rique.<\/strong><\/p>\n\n\n\n<p class=\"wp-block-paragraph\">Dans un contexte marqu\u00e9 par l\u2019essor rapide des usages num\u00e9riques chez les enfants et les adolescents, ce d\u00e9placement vise \u00e0 partager les exp\u00e9riences fran\u00e7aises et tunisiennes, soutenir les initiatives locales innovantes et renforcer les partenariats institutionnels, \u00e9ducatifs et associatifs au service des droits de l\u2019enfant.<\/p>\n\n\n\n<p class=\"wp-block-paragraph\">Au cours de ce d\u00e9placement, la Haute-commissaire \u00e9changera avec plusieurs minist\u00e8res tunisiens (Technologies de la communication, \u00c9ducation nationale, Famille et Enfance) afin d\u2019approfondir les coop\u00e9rations sur la protection des mineurs en ligne et les politiques publiques en faveur de l\u2019enfance.<\/p>\n\n\n\n<p class=\"wp-block-paragraph\">Elle rencontrera \u00e9galement des \u00e9l\u00e8ves de l\u2019\u00e9cole Robert Desnos pour \u00e9changer sur l\u2019impact des r\u00e9seaux sociaux, participera \u00e0 une table ronde r\u00e9unissant acteurs du num\u00e9rique \u00e9ducatif et startups tunisiennes, et visitera l\u2019association \u00ab&nbsp;Health and Psychology&nbsp;\u00bb engag\u00e9e dans la sant\u00e9 mentale des enfants et adolescents.<\/p>\n","protected":false},"excerpt":{"rendered":"<p>Sarah El Ha\u00efry, Haute-commissaire \u00e0 l\u2019Enfance de la R\u00e9publique fran\u00e7aise, se rendra \u00e0 Tunis les 14 et 15 avril 2026 pour un d\u00e9placement mettant en lumi\u00e8re la protection de l\u2019enfance comme un axe structurant du partenariat franco-tunisien, notamment face aux nouveaux risques li\u00e9s \u00e0 l\u2019environnement num\u00e9rique. Dans un contexte marqu\u00e9 par l\u2019essor rapide des usages [&hellip;]<\/p>\n","protected":false},"author":4,"featured_media":72434,"comment_status":"open","ping_status":"closed","sticky":false,"template":"","format":"standard","meta":{"content-type":"","jnews-multi-image_gallery":[],"jnews_single_post":{"format":"standard"},"jnews_primary_category":[],"jnews_override_bookmark_settings":[],"jnews_review":[],"enable_review":"","type":"","name":"","summary":"","brand":"","sku":"","good":[],"bad":[],"score_override":"","override_value":"","rating":[],"price":[],"jnews_post_split":[],"footnotes":""},"categories":[2],"tags":[10246,2334,18143,54,1190],"class_list":["post-72433","post","type-post","status-publish","format-standard","has-post-thumbnail","hentry","category-news-politique","tag-enfance","tag-protection","tag-sarah-el-hairy","tag-tunisie","tag-visite"],"_links":{"self":[{"href":"https:\/\/www.africanchallenges.com\/index.php?rest_route=\/wp\/v2\/posts\/72433","targetHints":{"allow":["GET"]}}],"collection":[{"href":"https:\/\/www.africanchallenges.com\/index.php?rest_route=\/wp\/v2\/posts"}],"about":[{"href":"https:\/\/www.africanchallenges.com\/index.php?rest_route=\/wp\/v2\/types\/post"}],"author":[{"embeddable":true,"href":"https:\/\/www.africanchallenges.com\/index.php?rest_route=\/wp\/v2\/users\/4"}],"replies":[{"embeddable":true,"href":"https:\/\/www.africanchallenges.com\/index.php?rest_route=%2Fwp%2Fv2%2Fcomments&post=72433"}],"version-history":[{"count":1,"href":"https:\/\/www.africanchallenges.com\/index.php?rest_route=\/wp\/v2\/posts\/72433\/revisions"}],"predecessor-version":[{"id":72435,"href":"https:\/\/www.africanchallenges.com\/index.php?rest_route=\/wp\/v2\/posts\/72433\/revisions\/72435"}],"wp:featuredmedia":[{"embeddable":true,"href":"https:\/\/www.africanchallenges.com\/index.php?rest_route=\/wp\/v2\/media\/72434"}],"wp:attachment":[{"href":"https:\/\/www.africanchallenges.com\/index.php?rest_route=%2Fwp%2Fv2%2Fmedia&parent=72433"}],"wp:term":[{"taxonomy":"category","embeddable":true,"href":"https:\/\/www.africanchallenges.com\/index.php?rest_route=%2Fwp%2Fv2%2Fcategories&post=72433"},{"taxonomy":"post_tag","embeddable":true,"href":"https:\/\/www.africanchallenges.com\/index.php?rest_route=%2Fwp%2Fv2%2Ftags&post=72433"}],"curies":[{"name":"wp","href":"https:\/\/api.w.org\/{rel}","templated":true}]}}