{"id":72430,"date":"2026-04-13T09:45:00","date_gmt":"2026-04-13T08:45:00","guid":{"rendered":"https:\/\/www.africanchallenges.com\/?p=72430"},"modified":"2026-04-13T00:16:59","modified_gmt":"2026-04-12T23:16:59","slug":"tunisie-retour-du-csr-power-forum-pour-une-5%e1%b5%89-edition-consacree-a-la-decarbonation-des-entreprises","status":"publish","type":"post","link":"https:\/\/www.africanchallenges.com\/?p=72430","title":{"rendered":"Tunisie : retour du CSR Power Forum pour une 5\u1d49 \u00e9dition consacr\u00e9e \u00e0 la d\u00e9carbonation des entreprises"},"content":{"rendered":"\n<p class=\"wp-block-paragraph\">Le CSR Power Forum, rendez-vous majeur d\u00e9di\u00e9 \u00e0 la responsabilit\u00e9 soci\u00e9tale des entreprises (RSE), tiendra sa cinqui\u00e8me \u00e9dition les 5 et 6 mai 2026 \u00e0 l\u2019H\u00f4tel Sheraton Tunis.<\/p>\n\n\n\n<p class=\"wp-block-paragraph\">Plac\u00e9e sous le th\u00e8me \u00ab D\u00e9carbonation de l\u2019entreprise : quelle strat\u00e9gie pour repositionner l\u2019\u00e9conomie tunisienne ? \u00bb, cette \u00e9dition mettra l\u2019accent sur les d\u00e9fis li\u00e9s \u00e0 la transition \u00e9cologique, \u00e0 la comp\u00e9titivit\u00e9 \u00e9conomique et \u00e0 la transformation des mod\u00e8les productifs.<\/p>\n\n\n\n<p class=\"wp-block-paragraph\">L\u2019\u00e9v\u00e9nement r\u00e9unira un large panel d\u2019experts nationaux et internationaux, comprenant des sp\u00e9cialistes du d\u00e9veloppement durable, des chefs d\u2019entreprise, des acteurs de l\u2019innovation verte, des d\u00e9cideurs publics ainsi que des repr\u00e9sentants de la soci\u00e9t\u00e9 civile. Les \u00e9changes porteront sur les meilleures pratiques en mati\u00e8re de durabilit\u00e9, d\u2019innovation responsable et de transition \u00e9nerg\u00e9tique.<\/p>\n\n\n\n<p class=\"wp-block-paragraph\">Au programme figurent \u00e9galement des ateliers de r\u00e9flexion anim\u00e9s par des experts, offrant un espace de discussion et de partage d\u2019exp\u00e9riences autour des enjeux actuels, notamment l\u2019innovation technologique, les pressions environnementales et l\u2019\u00e9volution de la concurrence sur les march\u00e9s local et international.<\/p>\n\n\n\n<p class=\"wp-block-paragraph\">Le forum proposera par ailleurs des sessions th\u00e9matiques, des activit\u00e9s parall\u00e8les et des formations certifiantes visant \u00e0 accompagner les organisations dans l\u2019adoption de pratiques plus durables et responsables.<\/p>\n\n\n\n<p class=\"wp-block-paragraph\">Un moment fort de cette \u00e9dition sera la c\u00e9r\u00e9monie des CSR Awards, pr\u00e9vue le 5 mai 2026, qui r\u00e9compensera les initiatives les plus impactantes en mati\u00e8re de responsabilit\u00e9 soci\u00e9tale.<\/p>\n\n\n\n<p class=\"wp-block-paragraph\">Le CSR Power Forum s\u2019impose ainsi comme une plateforme de r\u00e9flexion et d\u2019action en faveur d\u2019une \u00e9conomie plus durable et r\u00e9siliente.<\/p>\n","protected":false},"excerpt":{"rendered":"<p>Le CSR Power Forum, rendez-vous majeur d\u00e9di\u00e9 \u00e0 la responsabilit\u00e9 soci\u00e9tale des entreprises (RSE), tiendra sa cinqui\u00e8me \u00e9dition les 5 et 6 mai 2026 \u00e0 l\u2019H\u00f4tel Sheraton Tunis. Plac\u00e9e sous le th\u00e8me \u00ab D\u00e9carbonation de l\u2019entreprise : quelle strat\u00e9gie pour repositionner l\u2019\u00e9conomie tunisienne ? \u00bb, cette \u00e9dition mettra l\u2019accent sur les d\u00e9fis li\u00e9s \u00e0 la [&hellip;]<\/p>\n","protected":false},"author":4,"featured_media":72431,"comment_status":"open","ping_status":"closed","sticky":false,"template":"","format":"standard","meta":{"content-type":"","jnews-multi-image_gallery":[],"jnews_single_post":{"format":"standard"},"jnews_primary_category":[],"jnews_override_bookmark_settings":[],"jnews_review":[],"enable_review":"","type":"","name":"","summary":"","brand":"","sku":"","good":[],"bad":[],"score_override":"","override_value":"","rating":[],"price":[],"jnews_post_split":[],"footnotes":""},"categories":[43,73],"tags":[15598,15431,1744,54],"class_list":["post-72430","post","type-post","status-publish","format-standard","has-post-thumbnail","hentry","category-eco-business","category-eco","tag-csr-power-forum","tag-decarbonation","tag-entreprises","tag-tunisie"],"_links":{"self":[{"href":"https:\/\/www.africanchallenges.com\/index.php?rest_route=\/wp\/v2\/posts\/72430","targetHints":{"allow":["GET"]}}],"collection":[{"href":"https:\/\/www.africanchallenges.com\/index.php?rest_route=\/wp\/v2\/posts"}],"about":[{"href":"https:\/\/www.africanchallenges.com\/index.php?rest_route=\/wp\/v2\/types\/post"}],"author":[{"embeddable":true,"href":"https:\/\/www.africanchallenges.com\/index.php?rest_route=\/wp\/v2\/users\/4"}],"replies":[{"embeddable":true,"href":"https:\/\/www.africanchallenges.com\/index.php?rest_route=%2Fwp%2Fv2%2Fcomments&post=72430"}],"version-history":[{"count":1,"href":"https:\/\/www.africanchallenges.com\/index.php?rest_route=\/wp\/v2\/posts\/72430\/revisions"}],"predecessor-version":[{"id":72432,"href":"https:\/\/www.africanchallenges.com\/index.php?rest_route=\/wp\/v2\/posts\/72430\/revisions\/72432"}],"wp:featuredmedia":[{"embeddable":true,"href":"https:\/\/www.africanchallenges.com\/index.php?rest_route=\/wp\/v2\/media\/72431"}],"wp:attachment":[{"href":"https:\/\/www.africanchallenges.com\/index.php?rest_route=%2Fwp%2Fv2%2Fmedia&parent=72430"}],"wp:term":[{"taxonomy":"category","embeddable":true,"href":"https:\/\/www.africanchallenges.com\/index.php?rest_route=%2Fwp%2Fv2%2Fcategories&post=72430"},{"taxonomy":"post_tag","embeddable":true,"href":"https:\/\/www.africanchallenges.com\/index.php?rest_route=%2Fwp%2Fv2%2Ftags&post=72430"}],"curies":[{"name":"wp","href":"https:\/\/api.w.org\/{rel}","templated":true}]}}