{"id":72406,"date":"2026-04-13T08:20:00","date_gmt":"2026-04-13T07:20:00","guid":{"rendered":"https:\/\/www.africanchallenges.com\/?p=72406"},"modified":"2026-04-12T23:07:24","modified_gmt":"2026-04-12T22:07:24","slug":"climat-des-affaires-serie-de-concertations-pour-booster-linvestissement-en-tunisie","status":"publish","type":"post","link":"https:\/\/www.africanchallenges.com\/?p=72406","title":{"rendered":"Climat des affaires : s\u00e9rie de concertations pour booster l\u2019investissement en Tunisie"},"content":{"rendered":"\n<p class=\"wp-block-paragraph\">Le ministre de l\u2019\u00c9conomie et de la Planification, Samir Abdelhafidh, a pr\u00e9sid\u00e9 les 8 et 10 avril une s\u00e9rie de r\u00e9unions consacr\u00e9es \u00e0 l\u2019am\u00e9lioration du climat d\u2019investissement en Tunisie. Ces rencontres ont r\u00e9uni des repr\u00e9sentants de l\u2019Union tunisienne de l\u2019industrie, du commerce et de l\u2019artisanat (UTICA), de la CONECT (Conf\u00e9d\u00e9ration des entreprises citoyennes de Tunisie), ainsi que des membres des chambres mixtes, en pr\u00e9sence de cadres du minist\u00e8re et du directeur g\u00e9n\u00e9ral de l\u2019Agence de promotion de l\u2019investissement ext\u00e9rieur, \u00e9galement charg\u00e9 de la gestion de l\u2019Instance tunisienne de l\u2019investissement.<\/p>\n\n\n\n<p class=\"wp-block-paragraph\">\u00c0 cette occasion, le ministre a soulign\u00e9 l\u2019importance de ces concertations, qui s\u2019inscrivent dans une d\u00e9marche de dialogue constructif entre le secteur public et le secteur priv\u00e9. Il a mis en avant le r\u00f4le central de l\u2019investissement, qu\u2019il soit national ou \u00e9tranger, en tant que moteur essentiel de la croissance \u00e9conomique, du d\u00e9veloppement social et de la cr\u00e9ation d\u2019emplois.<\/p>\n\n\n\n<p class=\"wp-block-paragraph\">Samir Abdelhafidh a \u00e9galement indiqu\u00e9 que ces rencontres visent \u00e0 \u00e9couter les pr\u00e9occupations des acteurs \u00e9conomiques ainsi que leurs propositions concernant les r\u00e9formes n\u00e9cessaires pour dynamiser l\u2019activit\u00e9 \u00e9conomique. L\u2019objectif est de renforcer la confiance entre les diff\u00e9rentes parties prenantes, d\u2019am\u00e9liorer l\u2019attractivit\u00e9 de la Tunisie et de renforcer sa comp\u00e9titivit\u00e9, dans un contexte international marqu\u00e9 par de fortes incertitudes.<\/p>\n\n\n\n<p class=\"wp-block-paragraph\">De leur c\u00f4t\u00e9, les participants ont pr\u00e9sent\u00e9 plusieurs propositions visant \u00e0 am\u00e9liorer le climat des affaires et le cadre d\u2019investissement. Parmi les principales recommandations figurent la r\u00e9forme du cadre l\u00e9gislatif et r\u00e9glementaire, la stabilit\u00e9 des textes juridiques, l\u2019am\u00e9lioration du fonctionnement des structures publiques, ainsi que la simplification des proc\u00e9dures administratives et la g\u00e9n\u00e9ralisation de la digitalisation.<\/p>\n\n\n\n<p class=\"wp-block-paragraph\">Les intervenants ont \u00e9galement insist\u00e9 sur la n\u00e9cessit\u00e9 de faciliter l\u2019acc\u00e8s au financement, de r\u00e9duire la pression fiscale et d\u2019assouplir les proc\u00e9dures de change pour les entreprises et les porteurs de projets. Ils ont en outre appel\u00e9 \u00e0 renforcer les infrastructures logistiques, acc\u00e9l\u00e9rer la r\u00e9solution des probl\u00e9matiques fonci\u00e8res et d\u00e9velopper des infrastructures modernes, en plus de soutenir les syst\u00e8mes de production afin de favoriser le d\u00e9veloppement r\u00e9gional.<\/p>\n\n\n\n<p class=\"wp-block-paragraph\">En conclusion, les participants ont salu\u00e9 la tenue de ces rencontres et exprim\u00e9 leur volont\u00e9 de renforcer la coop\u00e9ration avec les autorit\u00e9s publiques, dans un esprit de confiance mutuelle et au service des priorit\u00e9s nationales de d\u00e9veloppement \u00e9conomique et social.<\/p>\n\n\n\n<p class=\"wp-block-paragraph\"><\/p>\n","protected":false},"excerpt":{"rendered":"<p>Le ministre de l\u2019\u00c9conomie et de la Planification, Samir Abdelhafidh, a pr\u00e9sid\u00e9 les 8 et 10 avril une s\u00e9rie de r\u00e9unions consacr\u00e9es \u00e0 l\u2019am\u00e9lioration du climat d\u2019investissement en Tunisie. Ces rencontres ont r\u00e9uni des repr\u00e9sentants de l\u2019Union tunisienne de l\u2019industrie, du commerce et de l\u2019artisanat (UTICA), de la CONECT (Conf\u00e9d\u00e9ration des entreprises citoyennes de Tunisie), [&hellip;]<\/p>\n","protected":false},"author":4,"featured_media":72408,"comment_status":"open","ping_status":"closed","sticky":false,"template":"","format":"standard","meta":{"content-type":"","jnews-multi-image_gallery":[],"jnews_single_post":{"format":"standard"},"jnews_primary_category":[],"jnews_override_bookmark_settings":[],"jnews_review":[],"enable_review":"","type":"","name":"","summary":"","brand":"","sku":"","good":[],"bad":[],"score_override":"","override_value":"","rating":[],"price":[],"jnews_post_split":[],"footnotes":""},"categories":[2],"tags":[18139,51,54,1105],"class_list":["post-72406","post","type-post","status-publish","format-standard","has-post-thumbnail","hentry","category-news-politique","tag-climat-dinvestissement","tag-conect","tag-tunisie","tag-utica"],"_links":{"self":[{"href":"https:\/\/www.africanchallenges.com\/index.php?rest_route=\/wp\/v2\/posts\/72406","targetHints":{"allow":["GET"]}}],"collection":[{"href":"https:\/\/www.africanchallenges.com\/index.php?rest_route=\/wp\/v2\/posts"}],"about":[{"href":"https:\/\/www.africanchallenges.com\/index.php?rest_route=\/wp\/v2\/types\/post"}],"author":[{"embeddable":true,"href":"https:\/\/www.africanchallenges.com\/index.php?rest_route=\/wp\/v2\/users\/4"}],"replies":[{"embeddable":true,"href":"https:\/\/www.africanchallenges.com\/index.php?rest_route=%2Fwp%2Fv2%2Fcomments&post=72406"}],"version-history":[{"count":1,"href":"https:\/\/www.africanchallenges.com\/index.php?rest_route=\/wp\/v2\/posts\/72406\/revisions"}],"predecessor-version":[{"id":72407,"href":"https:\/\/www.africanchallenges.com\/index.php?rest_route=\/wp\/v2\/posts\/72406\/revisions\/72407"}],"wp:featuredmedia":[{"embeddable":true,"href":"https:\/\/www.africanchallenges.com\/index.php?rest_route=\/wp\/v2\/media\/72408"}],"wp:attachment":[{"href":"https:\/\/www.africanchallenges.com\/index.php?rest_route=%2Fwp%2Fv2%2Fmedia&parent=72406"}],"wp:term":[{"taxonomy":"category","embeddable":true,"href":"https:\/\/www.africanchallenges.com\/index.php?rest_route=%2Fwp%2Fv2%2Fcategories&post=72406"},{"taxonomy":"post_tag","embeddable":true,"href":"https:\/\/www.africanchallenges.com\/index.php?rest_route=%2Fwp%2Fv2%2Ftags&post=72406"}],"curies":[{"name":"wp","href":"https:\/\/api.w.org\/{rel}","templated":true}]}}