{"id":72397,"date":"2026-04-13T08:00:00","date_gmt":"2026-04-13T07:00:00","guid":{"rendered":"https:\/\/www.africanchallenges.com\/?p=72397"},"modified":"2026-04-12T22:28:29","modified_gmt":"2026-04-12T21:28:29","slug":"medias-tunis-accueille-une-formation-tuniso-belge-sur-lethique-et-la-regulation-des-medias","status":"publish","type":"post","link":"https:\/\/www.africanchallenges.com\/?p=72397","title":{"rendered":"M\u00e9dias : Tunis accueille une formation tuniso-belge sur l\u2019\u00e9thique et la r\u00e9gulation des m\u00e9dias"},"content":{"rendered":"\n<p class=\"wp-block-paragraph\">Le Conseil de presse tunisien a accueilli, samedi 11 avril 2026, une d\u00e9l\u00e9gation du Conseil de presse belge dans le cadre d\u2019une session de formation consacr\u00e9e au traitement des plaintes dans le secteur des m\u00e9dias. Organis\u00e9e en partenariat avec l\u2019organisation Article 19, cette formation se poursuit sur deux jours, les 11 et 12 avril.<\/p>\n\n\n\n<p class=\"wp-block-paragraph\">La d\u00e9l\u00e9gation belge est compos\u00e9e du pr\u00e9sident du Conseil, Michel Ruyet, et de la conseill\u00e8re juridique Anna Pitom, venus partager leur expertise et leur exp\u00e9rience en mati\u00e8re d\u2019autor\u00e9gulation du secteur journalistique.<\/p>\n\n\n\n<p class=\"wp-block-paragraph\">Le programme de cette session a port\u00e9 sur plusieurs axes cl\u00e9s, notamment les m\u00e9canismes de r\u00e9ception et de traitement des plaintes, les proc\u00e9dures de m\u00e9diation, ainsi que les modalit\u00e9s d\u2019\u00e9change entre les diff\u00e9rentes parties concern\u00e9es par les contenus m\u00e9diatiques. Les participants ont \u00e9galement abord\u00e9 les \u00e9tapes d\u2019examen des dossiers, tant sur la forme que sur le fond, ainsi que les processus de prise de d\u00e9cision dans le respect de l\u2019\u00e9thique journalistique.<\/p>\n\n\n\n<p class=\"wp-block-paragraph\">Les discussions ont en outre port\u00e9 sur les syst\u00e8mes de sanctions, les r\u00f4les des diff\u00e9rents acteurs impliqu\u00e9s dans l\u2019examen des plaintes, et l\u2019exp\u00e9rience de la commission des plaintes du Conseil de presse belge. Des \u00e9changes interactifs ont permis de d\u00e9battre des meilleures pratiques professionnelles dans ce domaine.<\/p>\n\n\n\n<p class=\"wp-block-paragraph\">Cette initiative vise \u00e0 renforcer les capacit\u00e9s du Conseil de presse tunisien en mati\u00e8re d\u2019autor\u00e9gulation des m\u00e9dias, tout en consolidant les principes de libert\u00e9 de la presse et de d\u00e9ontologie. Elle ambitionne \u00e9galement d\u2019am\u00e9liorer les m\u00e9canismes de traitement des plaintes, afin de garantir \u00e0 la fois les droits du public et ceux des journalistes, et de renforcer la confiance dans les m\u00e9dias.<\/p>\n\n\n\n<p class=\"wp-block-paragraph\">La formation b\u00e9n\u00e9ficie du soutien de l\u2019organisation Article 19 ainsi que de la r\u00e9gion Wallonie-Bruxelles. Les deux parties esp\u00e8rent que cette collaboration constituera le point de d\u00e9part d\u2019un partenariat durable entre les instances de r\u00e9gulation tunisienne et belge.<\/p>\n","protected":false},"excerpt":{"rendered":"<p>Le Conseil de presse tunisien a accueilli, samedi 11 avril 2026, une d\u00e9l\u00e9gation du Conseil de presse belge dans le cadre d\u2019une session de formation consacr\u00e9e au traitement des plaintes dans le secteur des m\u00e9dias. Organis\u00e9e en partenariat avec l\u2019organisation Article 19, cette formation se poursuit sur deux jours, les 11 et 12 avril. La [&hellip;]<\/p>\n","protected":false},"author":4,"featured_media":72398,"comment_status":"open","ping_status":"closed","sticky":false,"template":"","format":"standard","meta":{"content-type":"","jnews-multi-image_gallery":[],"jnews_single_post":{"format":"standard"},"jnews_primary_category":[],"jnews_override_bookmark_settings":[],"jnews_review":[],"enable_review":"","type":"","name":"","summary":"","brand":"","sku":"","good":[],"bad":[],"score_override":"","override_value":"","rating":[],"price":[],"jnews_post_split":[],"footnotes":""},"categories":[5],"tags":[18131,18130,18132,94,18133],"class_list":["post-72397","post","type-post","status-publish","format-standard","has-post-thumbnail","hentry","category-edufor","tag-conseil-de-presse-tunisien","tag-formation-tuniso-belge","tag-lethique","tag-medias","tag-regulation"],"_links":{"self":[{"href":"https:\/\/www.africanchallenges.com\/index.php?rest_route=\/wp\/v2\/posts\/72397","targetHints":{"allow":["GET"]}}],"collection":[{"href":"https:\/\/www.africanchallenges.com\/index.php?rest_route=\/wp\/v2\/posts"}],"about":[{"href":"https:\/\/www.africanchallenges.com\/index.php?rest_route=\/wp\/v2\/types\/post"}],"author":[{"embeddable":true,"href":"https:\/\/www.africanchallenges.com\/index.php?rest_route=\/wp\/v2\/users\/4"}],"replies":[{"embeddable":true,"href":"https:\/\/www.africanchallenges.com\/index.php?rest_route=%2Fwp%2Fv2%2Fcomments&post=72397"}],"version-history":[{"count":1,"href":"https:\/\/www.africanchallenges.com\/index.php?rest_route=\/wp\/v2\/posts\/72397\/revisions"}],"predecessor-version":[{"id":72399,"href":"https:\/\/www.africanchallenges.com\/index.php?rest_route=\/wp\/v2\/posts\/72397\/revisions\/72399"}],"wp:featuredmedia":[{"embeddable":true,"href":"https:\/\/www.africanchallenges.com\/index.php?rest_route=\/wp\/v2\/media\/72398"}],"wp:attachment":[{"href":"https:\/\/www.africanchallenges.com\/index.php?rest_route=%2Fwp%2Fv2%2Fmedia&parent=72397"}],"wp:term":[{"taxonomy":"category","embeddable":true,"href":"https:\/\/www.africanchallenges.com\/index.php?rest_route=%2Fwp%2Fv2%2Fcategories&post=72397"},{"taxonomy":"post_tag","embeddable":true,"href":"https:\/\/www.africanchallenges.com\/index.php?rest_route=%2Fwp%2Fv2%2Ftags&post=72397"}],"curies":[{"name":"wp","href":"https:\/\/api.w.org\/{rel}","templated":true}]}}