{"id":72394,"date":"2026-04-13T07:50:00","date_gmt":"2026-04-13T06:50:00","guid":{"rendered":"https:\/\/www.africanchallenges.com\/?p=72394"},"modified":"2026-04-12T22:13:52","modified_gmt":"2026-04-12T21:13:52","slug":"a-dakar-clap-de-fin-pour-les-ateliers-sud-sud-ici-et-ailleurs","status":"publish","type":"post","link":"https:\/\/www.africanchallenges.com\/?p=72394","title":{"rendered":"\u00c0 Dakar, clap de fin pour les \u201cAteliers Sud-Sud : Ici et Ailleurs\u201d"},"content":{"rendered":"\n<h3 class=\"wp-block-heading\"><a><\/a>&nbsp;<\/h3>\n\n\n\n<p class=\"wp-block-paragraph\">Dans le cadre du programme panafricain \u201cAteliers Sud-Sud : Ici et Ailleurs\u201d, l\u2019Association du Multim\u00e9dia et de l\u2019Audiovisuel (AMAVI) lance la troisi\u00e8me et derni\u00e8re r\u00e9sidence de sa premi\u00e8re cohorte \u00e0 Dakar, marquant l\u2019aboutissement d\u2019un parcours intensif de co-cr\u00e9ation, de formation et de mentorat \u00e0 destination de jeunes talents des Industries Culturelles et Cr\u00e9atives (ICC) en Afrique.<\/p>\n\n\n\n<p class=\"wp-block-paragraph\">Apr\u00e8s une premi\u00e8re phase d\u2019id\u00e9ation et d\u2019exploration men\u00e9e \u00e0 Tunis, puis une \u00e9tape de prototypage et de structuration des projets \u00e0 Rabat, cette r\u00e9sidence finale vient consolider les acquis des participants en les accompagnant vers la finalisation de projets solides, viables et pr\u00eats \u00e0 \u00eatre pr\u00e9sent\u00e9s \u00e0 des partenaires potentiels.<\/p>\n\n\n\n<h3 class=\"wp-block-heading\"><a><\/a>Une r\u00e9sidence d\u00e9di\u00e9e \u00e0 la maturation des projets<\/h3>\n\n\n\n<p class=\"wp-block-paragraph\">R\u00e9unissant des participants issus de Tunisie, du Maroc et du S\u00e9n\u00e9gal, cette derni\u00e8re \u00e9tape se d\u00e9roule du 13 au 18 avril 2026 et s\u2019inscrit comme une phase charni\u00e8re dans le parcours des 13 projets s\u00e9lectionn\u00e9s. L\u2019objectif principal est de renforcer la vision narrative et l\u2019identit\u00e9 cr\u00e9ative de chaque projet, tout en validant leur faisabilit\u00e9 \u00e0 diff\u00e9rents niveaux : technique, \u00e9conomique, humain et financier.<\/p>\n\n\n\n<p class=\"wp-block-paragraph\">Durant six jours, les participants prennent part \u00e0 un programme intensif alternant ateliers pratiques, sessions de mentorat et accompagnement personnalis\u00e9. Les th\u00e9matiques abord\u00e9es couvrent des enjeux essentiels tels que le passage d\u2019un prototype (MVP) \u00e0 un produit \u201cinvestor-ready\u201d, les tests utilisateurs et les it\u00e9rations, la construction du mod\u00e8le \u00e9conomique (Lean Canvas et Business Plan), ainsi que le d\u00e9veloppement du pitch et du storytelling.<\/p>\n\n\n\n<p class=\"wp-block-paragraph\">Cette approche permet aux porteurs de projets d\u2019affiner leurs propositions, de consolider leur strat\u00e9gie de d\u00e9veloppement et d\u2019anticiper les conditions r\u00e9elles de mise en \u0153uvre et de diffusion de leurs cr\u00e9ations.<\/p>\n\n\n\n<h3 class=\"wp-block-heading\"><a><\/a>Une diversit\u00e9 de projets au croisement de la cr\u00e9ativit\u00e9 et de l\u2019innovation<\/h3>\n\n\n\n<p class=\"wp-block-paragraph\">Les projets accompagn\u00e9s refl\u00e8tent la richesse et la diversit\u00e9 des pratiques cr\u00e9atives contemporaines en Afrique, allant de plateformes num\u00e9riques et m\u00e9dias alternatifs \u00e0 des exp\u00e9riences immersives (VR\/AR\/XR), en passant par des jeux vid\u00e9o, des projets transm\u00e9dia, des podcasts et des webtoons.<\/p>\n\n\n\n<p class=\"wp-block-paragraph\">Cette pluralit\u00e9 de formats t\u00e9moigne de la vitalit\u00e9 des ICC sur le continent et de la capacit\u00e9 des jeunes cr\u00e9ateurs \u00e0 investir des formes innovantes pour raconter leurs r\u00e9alit\u00e9s, leurs imaginaires et leurs territoires.<\/p>\n\n\n\n<h3 class=\"wp-block-heading\"><a><\/a>Un Demo Day pour valoriser les projets et ouvrir de nouvelles perspectives<\/h3>\n\n\n\n<p class=\"wp-block-paragraph\">Point culminant de la r\u00e9sidence, le Demo Day organis\u00e9 le 18 avril 2026 constitue un moment cl\u00e9 de restitution et de mise en visibilit\u00e9. \u00c0 cette occasion, les participants pr\u00e9sentent leurs projets devant un public de professionnels, de partenaires et d\u2019acteurs de l\u2019\u00e9cosyst\u00e8me culturel et entrepreneurial.<\/p>\n\n\n\n<p class=\"wp-block-paragraph\">Structur\u00e9 en trois sessions d\u00e9di\u00e9es aux cohortes de Tunisie, du Maroc et du S\u00e9n\u00e9gal, cet \u00e9v\u00e9nement permet de mettre en lumi\u00e8re l\u2019\u00e9volution des projets tout au long du programme et de valoriser le travail accompli. Il se conclut par une remise des attestations de participation ainsi que l\u2019annonce des laur\u00e9ats b\u00e9n\u00e9ficiant de prix de soutien.<\/p>\n\n\n\n<p class=\"wp-block-paragraph\">Au-del\u00e0 de la pr\u00e9sentation, le Demo Day offre \u00e9galement un espace de rencontre, d\u2019\u00e9change et de r\u00e9seautage, favorisant l\u2019\u00e9mergence de nouvelles opportunit\u00e9s de collaboration, de financement et de diffusion.<\/p>\n\n\n\n<h3 class=\"wp-block-heading\"><a><\/a>Vers un \u00e9cosyst\u00e8me cr\u00e9atif africain interconnect\u00e9<\/h3>\n\n\n\n<p class=\"wp-block-paragraph\">\u00c0 travers cette derni\u00e8re r\u00e9sidence, le programme \u201cAteliers Sud-Sud : Ici et Ailleurs\u201d confirme son ambition de structurer un r\u00e9seau panafricain de jeunes talents, capable de porter des projets innovants et de contribuer activement au d\u00e9veloppement des Industries Culturelles et Cr\u00e9atives sur le continent.<\/p>\n\n\n\n<p class=\"wp-block-paragraph\">En favorisant les dynamiques de co-d\u00e9veloppement entre les pays participants et en proposant un accompagnement \u00e0 la fois artistique, technique et entrepreneurial, le programme pose les bases d\u2019un \u00e9cosyst\u00e8me cr\u00e9atif durable, fond\u00e9 sur la collaboration, le partage d\u2019expertises et la circulation des id\u00e9es.<\/p>\n\n\n\n<p class=\"wp-block-paragraph\">Cette \u00e9tape \u00e0 Dakar marque ainsi l\u2019aboutissement de la premi\u00e8re cohorte, tout en ouvrant de nouvelles perspectives pour le d\u00e9ploiement futur du programme \u00e0 l\u2019\u00e9chelle du continent.<\/p>\n","protected":false},"excerpt":{"rendered":"<p>&nbsp; Dans le cadre du programme panafricain \u201cAteliers Sud-Sud : Ici et Ailleurs\u201d, l\u2019Association du Multim\u00e9dia et de l\u2019Audiovisuel (AMAVI) lance la troisi\u00e8me et derni\u00e8re r\u00e9sidence de sa premi\u00e8re cohorte \u00e0 Dakar, marquant l\u2019aboutissement d\u2019un parcours intensif de co-cr\u00e9ation, de formation et de mentorat \u00e0 destination de jeunes talents des Industries Culturelles et Cr\u00e9atives (ICC) [&hellip;]<\/p>\n","protected":false},"author":4,"featured_media":72395,"comment_status":"open","ping_status":"closed","sticky":false,"template":"","format":"standard","meta":{"content-type":"","jnews-multi-image_gallery":[],"jnews_single_post":{"format":"standard"},"jnews_primary_category":[],"jnews_override_bookmark_settings":[],"jnews_review":[],"enable_review":"","type":"","name":"","summary":"","brand":"","sku":"","good":[],"bad":[],"score_override":"","override_value":"","rating":[],"price":[],"jnews_post_split":[],"footnotes":""},"categories":[17],"tags":[15667,2044,18129],"class_list":["post-72394","post","type-post","status-publish","format-standard","has-post-thumbnail","hentry","category-entertainment","tag-ateliers-sud-sud","tag-dakar","tag-lassociation-du-multimedia-et-de-laudiovisuel-2"],"_links":{"self":[{"href":"https:\/\/www.africanchallenges.com\/index.php?rest_route=\/wp\/v2\/posts\/72394","targetHints":{"allow":["GET"]}}],"collection":[{"href":"https:\/\/www.africanchallenges.com\/index.php?rest_route=\/wp\/v2\/posts"}],"about":[{"href":"https:\/\/www.africanchallenges.com\/index.php?rest_route=\/wp\/v2\/types\/post"}],"author":[{"embeddable":true,"href":"https:\/\/www.africanchallenges.com\/index.php?rest_route=\/wp\/v2\/users\/4"}],"replies":[{"embeddable":true,"href":"https:\/\/www.africanchallenges.com\/index.php?rest_route=%2Fwp%2Fv2%2Fcomments&post=72394"}],"version-history":[{"count":1,"href":"https:\/\/www.africanchallenges.com\/index.php?rest_route=\/wp\/v2\/posts\/72394\/revisions"}],"predecessor-version":[{"id":72396,"href":"https:\/\/www.africanchallenges.com\/index.php?rest_route=\/wp\/v2\/posts\/72394\/revisions\/72396"}],"wp:featuredmedia":[{"embeddable":true,"href":"https:\/\/www.africanchallenges.com\/index.php?rest_route=\/wp\/v2\/media\/72395"}],"wp:attachment":[{"href":"https:\/\/www.africanchallenges.com\/index.php?rest_route=%2Fwp%2Fv2%2Fmedia&parent=72394"}],"wp:term":[{"taxonomy":"category","embeddable":true,"href":"https:\/\/www.africanchallenges.com\/index.php?rest_route=%2Fwp%2Fv2%2Fcategories&post=72394"},{"taxonomy":"post_tag","embeddable":true,"href":"https:\/\/www.africanchallenges.com\/index.php?rest_route=%2Fwp%2Fv2%2Ftags&post=72394"}],"curies":[{"name":"wp","href":"https:\/\/api.w.org\/{rel}","templated":true}]}}