{"id":72391,"date":"2026-04-13T07:30:00","date_gmt":"2026-04-13T06:30:00","guid":{"rendered":"https:\/\/www.africanchallenges.com\/?p=72391"},"modified":"2026-04-13T09:43:15","modified_gmt":"2026-04-13T08:43:15","slug":"forum-de-linvestissement-2026-tunis-et-tripoli-accelerent-leur-cooperation-economique","status":"publish","type":"post","link":"https:\/\/www.africanchallenges.com\/?p=72391","title":{"rendered":"Tunis et Tripoli acc\u00e9l\u00e8rent leur coop\u00e9ration \u00e9conomique"},"content":{"rendered":"\n<p class=\"wp-block-paragraph\">M. Abdelhamid Dbeibah, Chef du Gouvernement d\u2019unit\u00e9 nationale libyenne, a re\u00e7u M. Mohamed Ali Nafti, Ministre des Affaires Etrang\u00e8res, de la Migration et des Tunisiens \u00e0 l\u2019Etranger, ainsi que la D\u00e9l\u00e9gation l\u2019accompagnant. Il a exprim\u00e9 sa bienvenue et sa reconnaissance pour la participation tunisienne de haut niveau \u00e0 la c\u00e9r\u00e9monie d\u2019inauguration du si\u00e8ge de la Communaut\u00e9 des \u00c9tats Sahelo-Saharariens, le 11 avril 2026.<\/p>\n\n\n\n<p class=\"wp-block-paragraph\">Il a \u00e9galement charg\u00e9 M. le Ministre de transmettre ses salutations \u00e0 Son Excellence le Pr\u00e9sident de la R\u00e9publique Tunisienne, Monsieur Kais Saied, exprimant sa volont\u00e9 de renforcer davantage les relations de coop\u00e9ration et de partenariat tuniso-libyennes et de leur donner un nouvel \u00e9lan afin de r\u00e9pondre aux aspirations des deux peuples fr\u00e8res, en pr\u00e9vision des \u00e9ch\u00e9ances bilat\u00e9rales et multilat\u00e9rales, notamment le Forum de l\u2019Investissement en Tunisie pr\u00e9vu les 25 et 26 juin 2026. Dans ce contexte, le Chef du Gouvernement libyen a recommand\u00e9 d\u2019assurer une participation libyenne forte et active aux travaux du forum, traduisant la volont\u00e9 commune d\u2019approfondir et d\u2019\u00e9largir les partenariats entre les acteurs \u00e9conomiques et les hommes d\u2019affaires des deux pays.<\/p>\n\n\n\n<p class=\"wp-block-paragraph\">De son c\u00f4t\u00e9, M. le Ministre a transmis, \u00e0 cette occasion, les salutations de Son Excellence Monsieur le Pr\u00e9sident de la R\u00e9publique, le Professeur Ka\u00efs Sa\u00efed, \u00e0 M. le Chef du Gouvernement d\u2019unit\u00e9 nationale libyenne, Abdelhamid Dbeibah, r\u00e9affirmant les fondements de la position tunisienne de soutien au peuple libyen et son attachement \u00e0 l\u2019unit\u00e9 et \u00e0 la stabilit\u00e9 de la Libye. Il a \u00e9galement soulign\u00e9 la d\u00e9termination du gouvernement tunisien \u00e0 renforcer et diversifier le partenariat et la coop\u00e9ration entre les deux pays fr\u00e8res, dans l\u2019int\u00e9r\u00eat des deux nations et de leurs peuples.<\/p>\n\n\n\n<p class=\"wp-block-paragraph\">M. le Ministre a en outre insist\u00e9 sur le r\u00f4le central de la communaut\u00e9 tunisienne r\u00e9sidant en Libye, dans toutes ses composantes, en tant que pont pour consolider les liens entre les deux pays, et a soulign\u00e9 l\u2019importance du r\u00f4le des communaut\u00e9s des deux pays dans la contribution \u00e0 une renaissance globale et multidimensionnelle de leurs nations, notamment sur les plans \u00e9conomique, de d\u00e9veloppement, culturel et social.<\/p>\n\n\n\n<p class=\"wp-block-paragraph\">La rencontre a \u00e9galement permis d\u2019aborder un certain nombre de questions r\u00e9gionales et internationales, en soulignant l\u2019importance d\u2019une coordination diplomatique \u00e9troite \u00e0 leur sujet dans les diff\u00e9rents espaces d\u2019appartenance commune, arabe, africain et m\u00e9diterran\u00e9en, sous l\u2019\u00e9gide des Nations Unies.<\/p>\n\n\n\n<p class=\"wp-block-paragraph\"><\/p>\n","protected":false},"excerpt":{"rendered":"<p>M. Abdelhamid Dbeibah, Chef du Gouvernement d\u2019unit\u00e9 nationale libyenne, a re\u00e7u M. Mohamed Ali Nafti, Ministre des Affaires Etrang\u00e8res, de la Migration et des Tunisiens \u00e0 l\u2019Etranger, ainsi que la D\u00e9l\u00e9gation l\u2019accompagnant. Il a exprim\u00e9 sa bienvenue et sa reconnaissance pour la participation tunisienne de haut niveau \u00e0 la c\u00e9r\u00e9monie d\u2019inauguration du si\u00e8ge de la [&hellip;]<\/p>\n","protected":false},"author":4,"featured_media":72393,"comment_status":"open","ping_status":"closed","sticky":false,"template":"","format":"standard","meta":{"content-type":"","jnews-multi-image_gallery":[],"jnews_single_post":{"format":"standard"},"jnews_primary_category":[],"jnews_override_bookmark_settings":[],"jnews_review":[],"enable_review":"","type":"","name":"","summary":"","brand":"","sku":"","good":[],"bad":[],"score_override":"","override_value":"","rating":[],"price":[],"jnews_post_split":[],"footnotes":""},"categories":[2],"tags":[18127,7042,18128,2830,12907,1656],"class_list":["post-72391","post","type-post","status-publish","format-standard","has-post-thumbnail","hentry","category-news-politique","tag-inauguration-2","tag-abdelhamid-dbeibah","tag-communaute-des-etats-sahelo-saharariens","tag-libye","tag-mohamed-ali-nafti","tag-siege"],"_links":{"self":[{"href":"https:\/\/www.africanchallenges.com\/index.php?rest_route=\/wp\/v2\/posts\/72391","targetHints":{"allow":["GET"]}}],"collection":[{"href":"https:\/\/www.africanchallenges.com\/index.php?rest_route=\/wp\/v2\/posts"}],"about":[{"href":"https:\/\/www.africanchallenges.com\/index.php?rest_route=\/wp\/v2\/types\/post"}],"author":[{"embeddable":true,"href":"https:\/\/www.africanchallenges.com\/index.php?rest_route=\/wp\/v2\/users\/4"}],"replies":[{"embeddable":true,"href":"https:\/\/www.africanchallenges.com\/index.php?rest_route=%2Fwp%2Fv2%2Fcomments&post=72391"}],"version-history":[{"count":2,"href":"https:\/\/www.africanchallenges.com\/index.php?rest_route=\/wp\/v2\/posts\/72391\/revisions"}],"predecessor-version":[{"id":72440,"href":"https:\/\/www.africanchallenges.com\/index.php?rest_route=\/wp\/v2\/posts\/72391\/revisions\/72440"}],"wp:featuredmedia":[{"embeddable":true,"href":"https:\/\/www.africanchallenges.com\/index.php?rest_route=\/wp\/v2\/media\/72393"}],"wp:attachment":[{"href":"https:\/\/www.africanchallenges.com\/index.php?rest_route=%2Fwp%2Fv2%2Fmedia&parent=72391"}],"wp:term":[{"taxonomy":"category","embeddable":true,"href":"https:\/\/www.africanchallenges.com\/index.php?rest_route=%2Fwp%2Fv2%2Fcategories&post=72391"},{"taxonomy":"post_tag","embeddable":true,"href":"https:\/\/www.africanchallenges.com\/index.php?rest_route=%2Fwp%2Fv2%2Ftags&post=72391"}],"curies":[{"name":"wp","href":"https:\/\/api.w.org\/{rel}","templated":true}]}}