{"id":72385,"date":"2026-04-11T01:35:38","date_gmt":"2026-04-11T00:35:38","guid":{"rendered":"https:\/\/www.africanchallenges.com\/?p=72385"},"modified":"2026-04-11T01:35:39","modified_gmt":"2026-04-11T00:35:39","slug":"tunisie-italie-la-tunisie-met-en-avant-ses-atouts-economiques-au-forum-des-affaires-dancone","status":"publish","type":"post","link":"https:\/\/www.africanchallenges.com\/?p=72385","title":{"rendered":"Tunisie-Italie : la Tunisie met en avant ses atouts \u00e9conomiques au Forum des affaires d\u2019Anc\u00f4ne"},"content":{"rendered":"\n<p class=\"wp-block-paragraph\">L\u2019Ambassade de la R\u00e9publique tunisienne en Italie a pris part au Forum des affaires consacr\u00e9 aux perspectives de coop\u00e9ration \u00e9conomique et industrielle entre la r\u00e9gion italienne des Marches (Marche) et les pays d\u2019Afrique du Nord, \u00e0 savoir la Tunisie, l\u2019\u00c9gypte et le Maroc. L\u2019\u00e9v\u00e9nement s\u2019est tenu le jeudi 9 avril 2026 \u00e0 Anc\u00f4ne.<\/p>\n\n\n\n<p class=\"wp-block-paragraph\">\u00c0 cette occasion, le charg\u00e9 d\u2019affaires par int\u00e9rim de l\u2019ambassade de Tunisie \u00e0 Rome, M. Mohamed Hedi Cheikhawi, a pr\u00e9sent\u00e9 les principaux atouts de la destination Tunisie en mati\u00e8re d\u2019investissement et de commerce. Il a mis en avant le positionnement du pays dans les cha\u00eenes de valeur mondiales ainsi que les opportunit\u00e9s de coop\u00e9ration renforc\u00e9e avec l\u2019Italie, en particulier avec la r\u00e9gion des Marches.<\/p>\n\n\n\n<p class=\"wp-block-paragraph\">Il a \u00e9galement expos\u00e9 les efforts d\u00e9ploy\u00e9s par les autorit\u00e9s tunisiennes pour am\u00e9liorer le climat des affaires, notamment \u00e0 travers le d\u00e9veloppement des infrastructures, la signature de multiples accords commerciaux bilat\u00e9raux et internationaux, ainsi que la mise en place de r\u00e9formes l\u00e9gislatives favorables \u00e0 l\u2019investissement. Ces mesures visent \u00e0 renforcer la place de la Tunisie comme plateforme d\u2019investissement et d\u2019entrepreneuriat entre les deux rives de la M\u00e9diterran\u00e9e.<\/p>\n\n\n\n<p class=\"wp-block-paragraph\">En marge de la rencontre, des r\u00e9unions bilat\u00e9rales ont \u00e9t\u00e9 organis\u00e9es avec plusieurs responsables et acteurs \u00e9conomiques de la r\u00e9gion des Marches. Ces \u00e9changes ont permis d\u2019examiner les pistes de renforcement de la coop\u00e9ration \u00e9conomique entre les deux parties.<\/p>\n","protected":false},"excerpt":{"rendered":"<p>L\u2019Ambassade de la R\u00e9publique tunisienne en Italie a pris part au Forum des affaires consacr\u00e9 aux perspectives de coop\u00e9ration \u00e9conomique et industrielle entre la r\u00e9gion italienne des Marches (Marche) et les pays d\u2019Afrique du Nord, \u00e0 savoir la Tunisie, l\u2019\u00c9gypte et le Maroc. L\u2019\u00e9v\u00e9nement s\u2019est tenu le jeudi 9 avril 2026 \u00e0 Anc\u00f4ne. \u00c0 cette [&hellip;]<\/p>\n","protected":false},"author":4,"featured_media":72386,"comment_status":"open","ping_status":"closed","sticky":false,"template":"","format":"standard","meta":{"content-type":"","jnews-multi-image_gallery":[],"jnews_single_post":{"format":"standard"},"jnews_primary_category":[],"jnews_override_bookmark_settings":[],"jnews_review":[],"enable_review":"","type":"","name":"","summary":"","brand":"","sku":"","good":[],"bad":[],"score_override":"","override_value":"","rating":[],"price":[],"jnews_post_split":[],"footnotes":""},"categories":[7950],"tags":[12287,3599,2801],"class_list":["post-72385","post","type-post","status-publish","format-standard","has-post-thumbnail","hentry","category-politique","tag-forum-des-affaires","tag-italie","tag-tuniise"],"_links":{"self":[{"href":"https:\/\/www.africanchallenges.com\/index.php?rest_route=\/wp\/v2\/posts\/72385","targetHints":{"allow":["GET"]}}],"collection":[{"href":"https:\/\/www.africanchallenges.com\/index.php?rest_route=\/wp\/v2\/posts"}],"about":[{"href":"https:\/\/www.africanchallenges.com\/index.php?rest_route=\/wp\/v2\/types\/post"}],"author":[{"embeddable":true,"href":"https:\/\/www.africanchallenges.com\/index.php?rest_route=\/wp\/v2\/users\/4"}],"replies":[{"embeddable":true,"href":"https:\/\/www.africanchallenges.com\/index.php?rest_route=%2Fwp%2Fv2%2Fcomments&post=72385"}],"version-history":[{"count":1,"href":"https:\/\/www.africanchallenges.com\/index.php?rest_route=\/wp\/v2\/posts\/72385\/revisions"}],"predecessor-version":[{"id":72387,"href":"https:\/\/www.africanchallenges.com\/index.php?rest_route=\/wp\/v2\/posts\/72385\/revisions\/72387"}],"wp:featuredmedia":[{"embeddable":true,"href":"https:\/\/www.africanchallenges.com\/index.php?rest_route=\/wp\/v2\/media\/72386"}],"wp:attachment":[{"href":"https:\/\/www.africanchallenges.com\/index.php?rest_route=%2Fwp%2Fv2%2Fmedia&parent=72385"}],"wp:term":[{"taxonomy":"category","embeddable":true,"href":"https:\/\/www.africanchallenges.com\/index.php?rest_route=%2Fwp%2Fv2%2Fcategories&post=72385"},{"taxonomy":"post_tag","embeddable":true,"href":"https:\/\/www.africanchallenges.com\/index.php?rest_route=%2Fwp%2Fv2%2Ftags&post=72385"}],"curies":[{"name":"wp","href":"https:\/\/api.w.org\/{rel}","templated":true}]}}