{"id":72358,"date":"2026-04-10T23:40:00","date_gmt":"2026-04-10T22:40:00","guid":{"rendered":"https:\/\/www.africanchallenges.com\/?p=72358"},"modified":"2026-04-10T23:52:04","modified_gmt":"2026-04-10T22:52:04","slug":"securite-alimentaire-en-tunisie-un-partenariat-tuniso-neerlandais-pour-des-systemes-plus-durables","status":"publish","type":"post","link":"https:\/\/www.africanchallenges.com\/?p=72358","title":{"rendered":"S\u00e9curit\u00e9 alimentaire en Tunisie : un partenariat tuniso-n\u00e9erlandais pour des syst\u00e8mes plus durables"},"content":{"rendered":"\n<p class=\"wp-block-paragraph\">Les 7 et 8 mars 2026, l\u2019Ambassade des Pays-Bas en \u00e9troite collaboration avec la Direction \u00ab\u00a0Inclusive Green Growth (IGG)\u00a0\u00bb du minist\u00e8re des Affaires \u00e9trang\u00e8res des Pays-Bas, a initi\u00e9 et organis\u00e9 un atelier d\u00e9di\u00e9 \u00e0 la s\u00e9curit\u00e9 alimentaire en Tunisie.<\/p>\n\n\n\n<p class=\"wp-block-paragraph\">Cet atelier s\u2019inscrit dans la volont\u00e9 des Pays-Bas de contribuer, aux c\u00f4t\u00e9s de leurs partenaires tunisiens, \u00e0 des syst\u00e8mes alimentaires plus r\u00e9silients, durables et inclusifs.<\/p>\n\n\n\n<p class=\"wp-block-paragraph\">Une quarantaine d\u2019acteurs , institutions publiques, soci\u00e9t\u00e9 civile, secteur priv\u00e9 et recherche ont \u00e9t\u00e9 r\u00e9unis afin de croiser les analyses, identifier les d\u00e9fis structurels et faire \u00e9merger des pistes d\u2019action concr\u00e8tes.<\/p>\n\n\n\n<p class=\"wp-block-paragraph\">Les \u00e9changes ont notamment mis en \u00e9vidence l\u2019importance de la gestion durable de l\u2019eau, de l\u2019adaptation au changement climatique et du renforcement des syst\u00e8mes d\u2019innovation , des enjeux globaux qui ont un impact direct sur les syst\u00e8mes alimentaires en Tunisie.<\/p>\n\n\n\n<p class=\"wp-block-paragraph\">Cet atelier constitue une \u00e9tape cl\u00e9 dans le d\u00e9veloppement d\u2019un nouveau portefeuille de programmes, avec une ambition claire : renforcer la r\u00e9silience des syst\u00e8mes alimentaires tout en soutenant les opportunit\u00e9s \u00e9conomiques et l\u2019ancrage local.<\/p>\n\n\n\n<p class=\"wp-block-paragraph\">Dans un esprit de solving global challenges together, les discussions ont illustr\u00e9 l\u2019importance d\u2019une action collective, ancr\u00e9e dans les r\u00e9alit\u00e9s locales, pour r\u00e9pondre \u00e0 des d\u00e9fis complexes et interconnect\u00e9s.<\/p>\n\n\n\n<p class=\"wp-block-paragraph\">L\u2019approche participative, facilit\u00e9e avec l\u2019appui des partenaires techniques Sanis Consulting et Stecia Consulting, a permis de valoriser les exp\u00e9riences et les perspectives des participants.<\/p>\n\n\n\n<p class=\"wp-block-paragraph\">Comme l\u2019ont soulign\u00e9 plusieurs participants \u00e0 l\u2019issue de l\u2019atelier :<\/p>\n\n\n\n<p class=\"wp-block-paragraph\">\u00ab C\u2019est ensemble, et gr\u00e2ce \u00e0 une meilleure coordination, que nous pourrons renforcer la production et les revenus de nos agriculteurs et agricultrices, et progresser vers des syst\u00e8mes alimentaires plus r\u00e9silients. \u00bb<\/p>\n","protected":false},"excerpt":{"rendered":"<p>Les 7 et 8 mars 2026, l\u2019Ambassade des Pays-Bas en \u00e9troite collaboration avec la Direction \u00ab\u00a0Inclusive Green Growth (IGG)\u00a0\u00bb du minist\u00e8re des Affaires \u00e9trang\u00e8res des Pays-Bas, a initi\u00e9 et organis\u00e9 un atelier d\u00e9di\u00e9 \u00e0 la s\u00e9curit\u00e9 alimentaire en Tunisie. Cet atelier s\u2019inscrit dans la volont\u00e9 des Pays-Bas de contribuer, aux c\u00f4t\u00e9s de leurs partenaires tunisiens, [&hellip;]<\/p>\n","protected":false},"author":4,"featured_media":72359,"comment_status":"open","ping_status":"closed","sticky":false,"template":"","format":"standard","meta":{"content-type":"","jnews-multi-image_gallery":[],"jnews_single_post":{"format":"standard"},"jnews_primary_category":[],"jnews_override_bookmark_settings":[],"jnews_review":[],"enable_review":"","type":"","name":"","summary":"","brand":"","sku":"","good":[],"bad":[],"score_override":"","override_value":"","rating":[],"price":[],"jnews_post_split":[],"footnotes":""},"categories":[2],"tags":[18115,11034,54],"class_list":["post-72358","post","type-post","status-publish","format-standard","has-post-thumbnail","hentry","category-news-politique","tag-partenariat-tuniso-neerlandais","tag-securite-alimentaire","tag-tunisie"],"_links":{"self":[{"href":"https:\/\/www.africanchallenges.com\/index.php?rest_route=\/wp\/v2\/posts\/72358","targetHints":{"allow":["GET"]}}],"collection":[{"href":"https:\/\/www.africanchallenges.com\/index.php?rest_route=\/wp\/v2\/posts"}],"about":[{"href":"https:\/\/www.africanchallenges.com\/index.php?rest_route=\/wp\/v2\/types\/post"}],"author":[{"embeddable":true,"href":"https:\/\/www.africanchallenges.com\/index.php?rest_route=\/wp\/v2\/users\/4"}],"replies":[{"embeddable":true,"href":"https:\/\/www.africanchallenges.com\/index.php?rest_route=%2Fwp%2Fv2%2Fcomments&post=72358"}],"version-history":[{"count":1,"href":"https:\/\/www.africanchallenges.com\/index.php?rest_route=\/wp\/v2\/posts\/72358\/revisions"}],"predecessor-version":[{"id":72360,"href":"https:\/\/www.africanchallenges.com\/index.php?rest_route=\/wp\/v2\/posts\/72358\/revisions\/72360"}],"wp:featuredmedia":[{"embeddable":true,"href":"https:\/\/www.africanchallenges.com\/index.php?rest_route=\/wp\/v2\/media\/72359"}],"wp:attachment":[{"href":"https:\/\/www.africanchallenges.com\/index.php?rest_route=%2Fwp%2Fv2%2Fmedia&parent=72358"}],"wp:term":[{"taxonomy":"category","embeddable":true,"href":"https:\/\/www.africanchallenges.com\/index.php?rest_route=%2Fwp%2Fv2%2Fcategories&post=72358"},{"taxonomy":"post_tag","embeddable":true,"href":"https:\/\/www.africanchallenges.com\/index.php?rest_route=%2Fwp%2Fv2%2Ftags&post=72358"}],"curies":[{"name":"wp","href":"https:\/\/api.w.org\/{rel}","templated":true}]}}