{"id":72342,"date":"2026-04-10T22:08:15","date_gmt":"2026-04-10T21:08:15","guid":{"rendered":"https:\/\/www.africanchallenges.com\/?p=72342"},"modified":"2026-04-10T22:08:17","modified_gmt":"2026-04-10T21:08:17","slug":"guerre-au-moyen-orient-alerte-mondiale-sur-une-flambee-des-prix-et-une-crise-alimentaire-imminente","status":"publish","type":"post","link":"https:\/\/www.africanchallenges.com\/?p=72342","title":{"rendered":"Guerre au Moyen-Orient : alerte mondiale sur une flamb\u00e9e des prix et une crise alimentaire imminente"},"content":{"rendered":"\n<p class=\"wp-block-paragraph\">R\u00e9unis \u00e0 Washington, les dirigeants du Fonds mon\u00e9taire international, du Groupe de la Banque mondiale et du Programme alimentaire mondial ont exprim\u00e9 leurs pr\u00e9occupations face aux cons\u00e9quences grandissantes de la guerre au Moyen-Orient sur l\u2019\u00e9conomie mondiale et la s\u00e9curit\u00e9 alimentaire.<\/p>\n\n\n\n<p class=\"wp-block-paragraph\">Selon eux, le conflit a d\u00e9j\u00e0 des r\u00e9percussions importantes, bien au-del\u00e0 de la r\u00e9gion directement touch\u00e9e. Il perturbe fortement les march\u00e9s internationaux, notamment ceux de l\u2019\u00e9nergie, provoquant une hausse marqu\u00e9e des prix du p\u00e9trole, du gaz et des intrants agricoles comme les engrais. \u00c0 cela s\u2019ajoutent des difficult\u00e9s logistiques qui compliquent l\u2019acheminement des marchandises.<\/p>\n\n\n\n<p class=\"wp-block-paragraph\">Cette combinaison de facteurs devrait se traduire par une augmentation des prix alimentaires \u00e0 l\u2019\u00e9chelle mondiale, accentuant les tensions sur la s\u00e9curit\u00e9 alimentaire, en particulier dans les pays les plus vuln\u00e9rables.<\/p>\n\n\n\n<p class=\"wp-block-paragraph\">Les institutions internationales mettent en garde contre un impact disproportionn\u00e9 sur les populations les plus d\u00e9favoris\u00e9es. Les pays \u00e0 faible revenu, d\u00e9pendants des importations, sont particuli\u00e8rement expos\u00e9s. Dans ces \u00e9conomies, la hausse des co\u00fbts de l\u2019\u00e9nergie et des produits alimentaires risque de peser lourdement sur les finances publiques, d\u00e9j\u00e0 fragilis\u00e9es par des niveaux d\u2019endettement \u00e9lev\u00e9s, limitant ainsi la capacit\u00e9 des \u00c9tats \u00e0 soutenir les m\u00e9nages.<\/p>\n\n\n\n<p class=\"wp-block-paragraph\">Face \u00e0 cette situation, le FMI, la Banque mondiale et le PAM assurent qu\u2019ils resteront pleinement mobilis\u00e9s. Ils indiquent suivre de pr\u00e8s l\u2019\u00e9volution du contexte et se disent pr\u00eats \u00e0 activer leurs dispositifs d\u2019intervention pour att\u00e9nuer les effets de la crise.<\/p>\n\n\n\n<p class=\"wp-block-paragraph\">Leur action visera notamment \u00e0 soutenir les moyens de subsistance des populations touch\u00e9es et \u00e0 accompagner les pays dans la mise en place de conditions favorables \u00e0 une reprise durable, ax\u00e9e sur la stabilit\u00e9 \u00e9conomique, la croissance et la cr\u00e9ation d\u2019emplois.<\/p>\n","protected":false},"excerpt":{"rendered":"<p>R\u00e9unis \u00e0 Washington, les dirigeants du Fonds mon\u00e9taire international, du Groupe de la Banque mondiale et du Programme alimentaire mondial ont exprim\u00e9 leurs pr\u00e9occupations face aux cons\u00e9quences grandissantes de la guerre au Moyen-Orient sur l\u2019\u00e9conomie mondiale et la s\u00e9curit\u00e9 alimentaire. Selon eux, le conflit a d\u00e9j\u00e0 des r\u00e9percussions importantes, bien au-del\u00e0 de la r\u00e9gion directement [&hellip;]<\/p>\n","protected":false},"author":4,"featured_media":72343,"comment_status":"open","ping_status":"closed","sticky":false,"template":"","format":"standard","meta":{"content-type":"","jnews-multi-image_gallery":[],"jnews_single_post":{"format":"standard"},"jnews_primary_category":[],"jnews_override_bookmark_settings":[],"jnews_review":[],"enable_review":"","type":"","name":"","summary":"","brand":"","sku":"","good":[],"bad":[],"score_override":"","override_value":"","rating":[],"price":[],"jnews_post_split":[],"footnotes":""},"categories":[6],"tags":[18109,8884,8422,1084],"class_list":["post-72342","post","type-post","status-publish","format-standard","has-post-thumbnail","hentry","category-world","tag-alerte-mondiale","tag-crise-alimentaire","tag-guerre","tag-moyen-orient"],"_links":{"self":[{"href":"https:\/\/www.africanchallenges.com\/index.php?rest_route=\/wp\/v2\/posts\/72342","targetHints":{"allow":["GET"]}}],"collection":[{"href":"https:\/\/www.africanchallenges.com\/index.php?rest_route=\/wp\/v2\/posts"}],"about":[{"href":"https:\/\/www.africanchallenges.com\/index.php?rest_route=\/wp\/v2\/types\/post"}],"author":[{"embeddable":true,"href":"https:\/\/www.africanchallenges.com\/index.php?rest_route=\/wp\/v2\/users\/4"}],"replies":[{"embeddable":true,"href":"https:\/\/www.africanchallenges.com\/index.php?rest_route=%2Fwp%2Fv2%2Fcomments&post=72342"}],"version-history":[{"count":1,"href":"https:\/\/www.africanchallenges.com\/index.php?rest_route=\/wp\/v2\/posts\/72342\/revisions"}],"predecessor-version":[{"id":72344,"href":"https:\/\/www.africanchallenges.com\/index.php?rest_route=\/wp\/v2\/posts\/72342\/revisions\/72344"}],"wp:featuredmedia":[{"embeddable":true,"href":"https:\/\/www.africanchallenges.com\/index.php?rest_route=\/wp\/v2\/media\/72343"}],"wp:attachment":[{"href":"https:\/\/www.africanchallenges.com\/index.php?rest_route=%2Fwp%2Fv2%2Fmedia&parent=72342"}],"wp:term":[{"taxonomy":"category","embeddable":true,"href":"https:\/\/www.africanchallenges.com\/index.php?rest_route=%2Fwp%2Fv2%2Fcategories&post=72342"},{"taxonomy":"post_tag","embeddable":true,"href":"https:\/\/www.africanchallenges.com\/index.php?rest_route=%2Fwp%2Fv2%2Ftags&post=72342"}],"curies":[{"name":"wp","href":"https:\/\/api.w.org\/{rel}","templated":true}]}}