{"id":72336,"date":"2026-04-10T21:50:20","date_gmt":"2026-04-10T20:50:20","guid":{"rendered":"https:\/\/www.africanchallenges.com\/?p=72336"},"modified":"2026-04-10T21:50:21","modified_gmt":"2026-04-10T20:50:21","slug":"tunisie-signature-du-pacte-de-competitivite-pour-le-developpement-du-secteur-des-industries-electroniques-a-lhorizon-2030","status":"publish","type":"post","link":"https:\/\/www.africanchallenges.com\/?p=72336","title":{"rendered":"Tunisie :Signature du pacte de comp\u00e9titivit\u00e9 pour le d\u00e9veloppement du secteur des industries \u00e9lectroniques \u00e0 l\u2019horizon 2030"},"content":{"rendered":"\n<p class=\"wp-block-paragraph\">Une c\u00e9r\u00e9monie de signature du pacte de comp\u00e9titivit\u00e9 visant \u00e0 promouvoir le secteur des industries \u00e9lectroniques \u00e0 l\u2019horizon 2030 s\u2019est tenue le vendredi 10 avril courant au si\u00e8ge du minist\u00e8re. Elle a r\u00e9uni la ministre de l\u2019Industrie, des Mines et de l\u2019\u00c9nergie, Mme Fatma Thabet Chiboub, le pr\u00e9sident de l\u2019Union tunisienne de l\u2019industrie, du commerce et de l\u2019artisanat (UTICA), M. Samir Majoul, ainsi que le pr\u00e9sident du groupement des industries \u00e9lectroniques Elentica, M. Walid Ben Amor.<\/p>\n\n\n\n<p class=\"wp-block-paragraph\">La c\u00e9r\u00e9monie s\u2019est d\u00e9roul\u00e9e en pr\u00e9sence de la cheffe de cabinet Mme Afef Chachi Tayari, de la repr\u00e9sentante de l\u2019ambassade d\u2019Allemagne en Tunisie Mme Jacqueline Grooth, du vice-pr\u00e9sident de l\u2019UTICA M. Hichem Elloumi, du membre du bureau ex\u00e9cutif de l\u2019Union M. Khaled Sellami, du directeur du projet \u00ab Partenariats pour l\u2019emploi et l\u2019appui aux PME \u00bb \u00e0 l\u2019Agence allemande de coop\u00e9ration internationale (GIZ), M. Felix Sarrazin, du directeur g\u00e9n\u00e9ral des industries manufacturi\u00e8res M. Fathi Sahlouli, ainsi que de plusieurs hauts cadres du minist\u00e8re et professionnels du secteur.<\/p>\n\n\n\n<p class=\"wp-block-paragraph\">Mme Fatma Thabet Chiboub a soulign\u00e9 l\u2019importance de cette charte, qui s\u2019inscrit dans une vision \u00e9conomique visant \u00e0 renforcer la position de la Tunisie en tant que p\u00f4le r\u00e9gional de r\u00e9f\u00e9rence dans les industries \u00e9lectroniques. Elle a pr\u00e9cis\u00e9 que sa signature constitue une \u00e9tape strat\u00e9gique traduisant l\u2019engagement du minist\u00e8re \u00e0 faire de ce secteur un moteur de croissance, d\u2019innovation et de cr\u00e9ation d\u2019emplois, notamment pour les comp\u00e9tences et les dipl\u00f4m\u00e9s de l\u2019enseignement sup\u00e9rieur, tout en am\u00e9liorant sa comp\u00e9titivit\u00e9 aux niveaux r\u00e9gional et international.<\/p>\n\n\n\n<p class=\"wp-block-paragraph\">Elle a ajout\u00e9 que cette charte est le fruit d\u2019un processus participatif visant \u00e0 consolider les principes de souverainet\u00e9 nationale dans un secteur industriel transversal, touchant notamment \u00e0 la fabrication de dispositifs m\u00e9dicaux, aux t\u00e9l\u00e9communications, \u00e0 l\u2019industrie automobile, \u00e0 la digitalisation et aux industries de quatri\u00e8me g\u00e9n\u00e9ration.<\/p>\n\n\n\n<p class=\"wp-block-paragraph\">La ministre a \u00e9galement indiqu\u00e9 que cette initiative s\u2019inscrit dans le cadre de la strat\u00e9gie nationale de l\u2019industrie et de l\u2019innovation, qui ambitionne de positionner la Tunisie comme une destination privil\u00e9gi\u00e9e pour les investissements technologiques. Les objectifs fix\u00e9s incluent le doublement des exportations du secteur pour atteindre 7 milliards de dinars (contre environ 3,5 milliards en 2025), l\u2019augmentation de la part des investissements \u00e0 20 % du produit industriel (contre 15 % en 2025), ainsi que l\u2019attraction de 300 \u00e0 350 millions d\u2019euros d\u2019investissements directs \u00e9trangers.<\/p>\n\n\n\n<p class=\"wp-block-paragraph\">Elle a pr\u00e9cis\u00e9 que les projets programm\u00e9s dans le cadre de cette charte permettront la cr\u00e9ation de 30 000 emplois suppl\u00e9mentaires, portant le total \u00e0 plus de 100 000 emplois dans le secteur, et l\u2019augmentation du taux d\u2019int\u00e9gration locale \u00e0 55 % (contre 35 % en 2025). Par ailleurs, les investissements en recherche et d\u00e9veloppement devraient atteindre 3 % du chiffre d\u2019affaires du secteur (contre 1 % en 2025).<\/p>\n\n\n\n<p class=\"wp-block-paragraph\">La ministre a \u00e9galement mis en avant les atouts du secteur des industries \u00e9lectroniques, notamment la fabrication de composants et d\u2019\u00e9quipements \u00e9lectroniques, l\u2019assemblage de produits et leur commercialisation sur les march\u00e9s nationaux et internationaux.<\/p>\n\n\n\n<p class=\"wp-block-paragraph\">La charte repose sur six axes principaux : le renforcement de la visibilit\u00e9 et de l\u2019image du secteur, la valorisation de l\u2019innovation et de la recherche et d\u00e9veloppement, le soutien \u00e0 l\u2019emploi et la mobilisation des comp\u00e9tences, la simplification et l\u2019adaptation du cadre r\u00e9glementaire, l\u2019am\u00e9lioration de la logistique et des infrastructures, ainsi que la promotion de la responsabilit\u00e9 soci\u00e9tale des entreprises et des normes environnementales et de gouvernance (ESG).<\/p>\n\n\n\n<p class=\"wp-block-paragraph\">Elle pr\u00e9voit \u00e9galement la r\u00e9alisation de grands projets structurants \u00e0 forte valeur technologique, notamment la cr\u00e9ation de deux unit\u00e9s de production de composants \u00e9lectroniques avanc\u00e9s, l\u2019\u00e9tablissement de quatre centres sp\u00e9cialis\u00e9s de recherche et d\u00e9veloppement, ainsi que le lancement d\u2019un centre national de conception de syst\u00e8mes embarqu\u00e9s.<\/p>\n\n\n\n<p class=\"wp-block-paragraph\">Parmi ces projets figurent une unit\u00e9 de production de semi-conducteurs, un centre de recherche en \u00e9lectronique automobile et une plateforme de prototypage pour l\u2019Internet des objets, contribuant \u00e0 la mise en place d\u2019un \u00e9cosyst\u00e8me int\u00e9gr\u00e9 d\u2019excellence visant \u00e0 hisser l\u2019industrie \u00e9lectronique tunisienne au rang des acteurs technologiques majeurs aux niveaux r\u00e9gional et international.<\/p>\n\n\n\n<p class=\"wp-block-paragraph\">Il convient de rappeler que le minist\u00e8re a lanc\u00e9, depuis f\u00e9vrier 2025, une d\u00e9marche participative pour l\u2019\u00e9laboration de cette charte. Celle-ci a donn\u00e9 lieu \u00e0 une s\u00e9rie d\u2019ateliers, de consultations et de discussions \u00e9largies impliquant les minist\u00e8res concern\u00e9s, les structures publiques, ainsi que le groupement Elentica et l\u2019UTICA.<\/p>\n\n\n\n<p class=\"wp-block-paragraph\">Enfin, cette initiative s\u2019inscrit dans le cadre du projet \u00ab Partenariats pour l\u2019emploi et l\u2019appui aux PME \u2013 Travail d\u00e9cent pour une transition socialement juste \u00bb, r\u00e9alis\u00e9 en coop\u00e9ration avec le minist\u00e8re f\u00e9d\u00e9ral allemand de la Coop\u00e9ration \u00e9conomique et du D\u00e9veloppement (BMZ) et mis en \u0153uvre par la GIZ.<\/p>\n","protected":false},"excerpt":{"rendered":"<p>Une c\u00e9r\u00e9monie de signature du pacte de comp\u00e9titivit\u00e9 visant \u00e0 promouvoir le secteur des industries \u00e9lectroniques \u00e0 l\u2019horizon 2030 s\u2019est tenue le vendredi 10 avril courant au si\u00e8ge du minist\u00e8re. Elle a r\u00e9uni la ministre de l\u2019Industrie, des Mines et de l\u2019\u00c9nergie, Mme Fatma Thabet Chiboub, le pr\u00e9sident de l\u2019Union tunisienne de l\u2019industrie, du commerce [&hellip;]<\/p>\n","protected":false},"author":4,"featured_media":72337,"comment_status":"open","ping_status":"closed","sticky":false,"template":"","format":"standard","meta":{"content-type":"","jnews-multi-image_gallery":[],"jnews_single_post":{"format":"standard"},"jnews_primary_category":[],"jnews_override_bookmark_settings":[],"jnews_review":[],"enable_review":"","type":"","name":"","summary":"","brand":"","sku":"","good":[],"bad":[],"score_override":"","override_value":"","rating":[],"price":[],"jnews_post_split":[],"footnotes":""},"categories":[43,73],"tags":[18106,1741,54],"class_list":["post-72336","post","type-post","status-publish","format-standard","has-post-thumbnail","hentry","category-eco-business","category-eco","tag-pacte-de-competitivite-pour-le-developpement-du-secteur-des-industries-electroniques","tag-signature","tag-tunisie"],"_links":{"self":[{"href":"https:\/\/www.africanchallenges.com\/index.php?rest_route=\/wp\/v2\/posts\/72336","targetHints":{"allow":["GET"]}}],"collection":[{"href":"https:\/\/www.africanchallenges.com\/index.php?rest_route=\/wp\/v2\/posts"}],"about":[{"href":"https:\/\/www.africanchallenges.com\/index.php?rest_route=\/wp\/v2\/types\/post"}],"author":[{"embeddable":true,"href":"https:\/\/www.africanchallenges.com\/index.php?rest_route=\/wp\/v2\/users\/4"}],"replies":[{"embeddable":true,"href":"https:\/\/www.africanchallenges.com\/index.php?rest_route=%2Fwp%2Fv2%2Fcomments&post=72336"}],"version-history":[{"count":1,"href":"https:\/\/www.africanchallenges.com\/index.php?rest_route=\/wp\/v2\/posts\/72336\/revisions"}],"predecessor-version":[{"id":72338,"href":"https:\/\/www.africanchallenges.com\/index.php?rest_route=\/wp\/v2\/posts\/72336\/revisions\/72338"}],"wp:featuredmedia":[{"embeddable":true,"href":"https:\/\/www.africanchallenges.com\/index.php?rest_route=\/wp\/v2\/media\/72337"}],"wp:attachment":[{"href":"https:\/\/www.africanchallenges.com\/index.php?rest_route=%2Fwp%2Fv2%2Fmedia&parent=72336"}],"wp:term":[{"taxonomy":"category","embeddable":true,"href":"https:\/\/www.africanchallenges.com\/index.php?rest_route=%2Fwp%2Fv2%2Fcategories&post=72336"},{"taxonomy":"post_tag","embeddable":true,"href":"https:\/\/www.africanchallenges.com\/index.php?rest_route=%2Fwp%2Fv2%2Ftags&post=72336"}],"curies":[{"name":"wp","href":"https:\/\/api.w.org\/{rel}","templated":true}]}}