{"id":72281,"date":"2026-04-08T09:41:03","date_gmt":"2026-04-08T08:41:03","guid":{"rendered":"https:\/\/www.africanchallenges.com\/?p=72281"},"modified":"2026-04-08T09:41:05","modified_gmt":"2026-04-08T08:41:05","slug":"tunisie-transport-non-regulier-les-professionnels-annoncent-une-greve-generale-en-tunisie-pour-le-27-avril","status":"publish","type":"post","link":"https:\/\/www.africanchallenges.com\/?p=72281","title":{"rendered":"Tunisie-Transport non r\u00e9gulier : les professionnels annoncent une gr\u00e8ve g\u00e9n\u00e9rale en Tunisie pour le 27 avril"},"content":{"rendered":"\n<p class=\"wp-block-paragraph\">Le mercredi 8 avril 2026, le vice-pr\u00e9sent de la Chambre nationale des propri\u00e9taires de taxis individuels relevant de l\u2019UTICA, Adel Arfa, a annonc\u00e9 le maintien d\u2019une gr\u00e8ve g\u00e9n\u00e9rale pr\u00e9vue pour le 27 avril, pr\u00e9c\u00e9d\u00e9e d\u2019un mouvement de protestation fix\u00e9 au 15 avril.<\/p>\n\n\n\n<p class=\"wp-block-paragraph\">Ce mouvement concernera l\u2019ensemble du transport public non r\u00e9gulier, incluant les taxis individuels et collectifs, les louages ainsi que le transport rural. Cette d\u00e9cision fait suite \u00e0 une r\u00e9union \u00e9largie des repr\u00e9sentants des diff\u00e9rentes branches du secteur, au terme de laquelle un accord commun a \u00e9t\u00e9 trouv\u00e9 en faveur de cette mobilisation.<\/p>\n\n\n\n<p class=\"wp-block-paragraph\">\u00c0 l\u2019origine de cette escalade, un d\u00e9saccord persistant avec les autorit\u00e9s de tutelle sur la question de la r\u00e9vision tarifaire. Selon Adel Arfa, un engagement avait \u00e9t\u00e9 pris auparavant pour ajuster les tarifs avant la fin du mois de mars. Toutefois, aucune mesure concr\u00e8te n\u2019a \u00e9t\u00e9 mise en \u0153uvre jusqu\u2019\u00e0 pr\u00e9sent, ce qui a renforc\u00e9 le m\u00e9contentement des professionnels.<\/p>\n\n\n\n<p class=\"wp-block-paragraph\">Sans avancer de chiffres pr\u00e9cis, il a indiqu\u00e9 que les discussions portaient notamment sur une augmentation du tarif de d\u00e9part du compteur. Il a \u00e9galement rappel\u00e9 que le dossier reste complexe, chaque segment du secteur disposant de ses propres sp\u00e9cificit\u00e9s tarifaires, et que toute d\u00e9cision n\u00e9cessite l\u2019aval de plusieurs d\u00e9partements minist\u00e9riels, notamment ceux du Transport et du Commerce.<\/p>\n\n\n\n<p class=\"wp-block-paragraph\">Par ailleurs, les professionnels d\u00e9noncent une hausse continue des charges d\u2019exploitation. Parmi les difficult\u00e9s \u00e9voqu\u00e9es figurent l\u2019augmentation des prix des pi\u00e8ces de rechange, la baisse de leur qualit\u00e9, le co\u00fbt \u00e9lev\u00e9 des assurances et celui des v\u00e9hicules. \u00c0 cela s\u2019ajoutent des complications pour assurer les voitures, certaines compagnies se montrant r\u00e9ticentes \u00e0 couvrir cette activit\u00e9, ce qui contraint les exploitants \u00e0 souscrire \u00e0 des contrats co\u00fbteux.<\/p>\n\n\n\n<p class=\"wp-block-paragraph\">Face \u00e0 cette situation, Adel Arfa a pr\u00e9cis\u00e9 que le recours \u00e0 la gr\u00e8ve vise avant tout \u00e0 faire pression pour l\u2019application d\u2019engagements d\u00e9j\u00e0 conclus. Il a insist\u00e9 sur le fait que l\u2019objectif n\u2019est pas de perturber durablement le pays, mais de d\u00e9fendre les droits des professionnels, tout en maintenant une ouverture au dialogue.<\/p>\n\n\n\n<p class=\"wp-block-paragraph\">Malgr\u00e9 l\u2019annonce de cette mobilisation, les repr\u00e9sentants du secteur se disent pr\u00eats \u00e0 reprendre les n\u00e9gociations \u00e0 tout moment avec les autorit\u00e9s concern\u00e9es.<\/p>\n","protected":false},"excerpt":{"rendered":"<p>Le mercredi 8 avril 2026, le vice-pr\u00e9sent de la Chambre nationale des propri\u00e9taires de taxis individuels relevant de l\u2019UTICA, Adel Arfa, a annonc\u00e9 le maintien d\u2019une gr\u00e8ve g\u00e9n\u00e9rale pr\u00e9vue pour le 27 avril, pr\u00e9c\u00e9d\u00e9e d\u2019un mouvement de protestation fix\u00e9 au 15 avril. Ce mouvement concernera l\u2019ensemble du transport public non r\u00e9gulier, incluant les taxis individuels [&hellip;]<\/p>\n","protected":false},"author":4,"featured_media":72282,"comment_status":"open","ping_status":"closed","sticky":false,"template":"","format":"standard","meta":{"content-type":"","jnews-multi-image_gallery":[],"jnews_single_post":{"format":"standard"},"jnews_primary_category":[],"jnews_override_bookmark_settings":[],"jnews_review":[],"enable_review":"","type":"","name":"","summary":"","brand":"","sku":"","good":[],"bad":[],"score_override":"","override_value":"","rating":[],"price":[],"jnews_post_split":[],"footnotes":""},"categories":[2],"tags":[2136,3882,54],"class_list":["post-72281","post","type-post","status-publish","format-standard","has-post-thumbnail","hentry","category-news-politique","tag-greve-generale","tag-transport-non-regulier","tag-tunisie"],"_links":{"self":[{"href":"https:\/\/www.africanchallenges.com\/index.php?rest_route=\/wp\/v2\/posts\/72281","targetHints":{"allow":["GET"]}}],"collection":[{"href":"https:\/\/www.africanchallenges.com\/index.php?rest_route=\/wp\/v2\/posts"}],"about":[{"href":"https:\/\/www.africanchallenges.com\/index.php?rest_route=\/wp\/v2\/types\/post"}],"author":[{"embeddable":true,"href":"https:\/\/www.africanchallenges.com\/index.php?rest_route=\/wp\/v2\/users\/4"}],"replies":[{"embeddable":true,"href":"https:\/\/www.africanchallenges.com\/index.php?rest_route=%2Fwp%2Fv2%2Fcomments&post=72281"}],"version-history":[{"count":1,"href":"https:\/\/www.africanchallenges.com\/index.php?rest_route=\/wp\/v2\/posts\/72281\/revisions"}],"predecessor-version":[{"id":72283,"href":"https:\/\/www.africanchallenges.com\/index.php?rest_route=\/wp\/v2\/posts\/72281\/revisions\/72283"}],"wp:featuredmedia":[{"embeddable":true,"href":"https:\/\/www.africanchallenges.com\/index.php?rest_route=\/wp\/v2\/media\/72282"}],"wp:attachment":[{"href":"https:\/\/www.africanchallenges.com\/index.php?rest_route=%2Fwp%2Fv2%2Fmedia&parent=72281"}],"wp:term":[{"taxonomy":"category","embeddable":true,"href":"https:\/\/www.africanchallenges.com\/index.php?rest_route=%2Fwp%2Fv2%2Fcategories&post=72281"},{"taxonomy":"post_tag","embeddable":true,"href":"https:\/\/www.africanchallenges.com\/index.php?rest_route=%2Fwp%2Fv2%2Ftags&post=72281"}],"curies":[{"name":"wp","href":"https:\/\/api.w.org\/{rel}","templated":true}]}}