{"id":72271,"date":"2026-04-08T09:46:30","date_gmt":"2026-04-08T08:46:30","guid":{"rendered":"https:\/\/www.africanchallenges.com\/?p=72271"},"modified":"2026-04-08T10:27:12","modified_gmt":"2026-04-08T09:27:12","slug":"tunisie-turquie-la-troupe-du-theatre-detat-dankara-seduit-le-public-tunisien-au-festival-international-de-theatre-de-tunis","status":"publish","type":"post","link":"https:\/\/www.africanchallenges.com\/?p=72271","title":{"rendered":"Tunisie-Turquie : La troupe du Th\u00e9\u00e2tre d\u2019\u00c9tat d\u2019Ankara s\u00e9duit le public tunisien au Festival international de th\u00e9\u00e2tre de Tunis"},"content":{"rendered":"\n<p class=\"wp-block-paragraph\">La troupe du Th\u00e9\u00e2tre d\u2019\u00c9tat d\u2019Ankara, relevant du minist\u00e8re turc de la Culture et du Tourisme, a pr\u00e9sent\u00e9 sa pi\u00e8ce \u00ab Le Dernier Homme \u00bb dans le cadre du Festival international de th\u00e9\u00e2tre de Tunis, organis\u00e9 par le Th\u00e9\u00e2tre national tunisien. La repr\u00e9sentation s\u2019est tenue \u00e0 la salle du Quatri\u00e8me Art, au c\u0153ur de la capitale, o\u00f9 la troupe a rencontr\u00e9 les passionn\u00e9s de th\u00e9\u00e2tre.<\/p>\n\n\n\n<p class=\"wp-block-paragraph\">Le spectacle, chaleureusement accueilli par le public tunisien, s\u2019est d\u00e9roul\u00e9 en pr\u00e9sence de l\u2019ambassadeur de Turquie en Tunisie, Ahmet Misbah Demircan, du vice-directeur g\u00e9n\u00e9ral du Th\u00e9\u00e2tre national turc, Emre Ba\u015fer, ainsi que du directeur g\u00e9n\u00e9ral du Th\u00e9\u00e2tre national tunisien, Moez Mrabet, aux c\u00f4t\u00e9s d\u2019un large public d\u2019amateurs d\u2019art dramatique.<\/p>\n\n\n\n<p class=\"wp-block-paragraph\">Cette \u0153uvre en un acte, \u00e9crite par Derem \u00c7\u0131ray et mise en sc\u00e8ne par P\u0131nar T\u00f6re Karayel, a dur\u00e9 environ 80 minutes. Elle met en sc\u00e8ne, \u00e0 travers une approche sc\u00e9nique intense, le conflit int\u00e9rieur de l\u2019\u00eatre humain au lendemain des guerres et ses interrogations existentielles.<\/p>\n\n\n\n<p class=\"wp-block-paragraph\">En marge de cette participation, l\u2019ambassadeur Demircan a offert un d\u00e9jeuner en l\u2019honneur de la troupe du Th\u00e9\u00e2tre d\u2019\u00c9tat d\u2019Ankara \u00e0 la r\u00e9sidence de l\u2019ambassade de Turquie, exprimant sa satisfaction de cette rencontre.<\/p>\n\n\n\n<p class=\"wp-block-paragraph\">Il a soulign\u00e9, \u00e0 cette occasion, que la coop\u00e9ration culturelle entre la Turquie et la Tunisie ne cesse de se renforcer d\u2019ann\u00e9e en ann\u00e9e, pr\u00e9cisant que la participation du Th\u00e9\u00e2tre national turc au festival s\u2019inscrit pleinement dans cette dynamique. Il a \u00e9galement salu\u00e9 la qualit\u00e9 artistique et technique de la pi\u00e8ce, mettant en avant la ma\u00eetrise de la mise en sc\u00e8ne, du son, des costumes et de l\u2019\u00e9clairage, ainsi que la pertinence du sujet abord\u00e9, portant sur l\u2019impact des guerres sur la vie humaine dans le monde contemporain.<\/p>\n\n\n\n<figure class=\"wp-block-image size-full\"><img fetchpriority=\"high\" decoding=\"async\" width=\"615\" height=\"410\" src=\"https:\/\/www.africanchallenges.com\/wp-content\/uploads\/2026\/04\/turquie.jpg\" alt=\"\" class=\"wp-image-72273\" srcset=\"https:\/\/www.africanchallenges.com\/wp-content\/uploads\/2026\/04\/turquie.jpg 615w, https:\/\/www.africanchallenges.com\/wp-content\/uploads\/2026\/04\/turquie-300x200.jpg 300w\" sizes=\"(max-width: 615px) 100vw, 615px\" \/><\/figure>\n\n\n\n<p class=\"wp-block-paragraph\">De son c\u00f4t\u00e9, le vice-directeur g\u00e9n\u00e9ral du Th\u00e9\u00e2tre national turc, Emre Ba\u015fer, s\u2019est dit ravi de sa pr\u00e9sence en Tunisie, indiquant que la troupe a pr\u00e9sent\u00e9 \u00ab Le Dernier Homme \u00bb dans le cadre des activit\u00e9s du festival. Il a rappel\u00e9 que le Th\u00e9\u00e2tre national tunisien avait \u00e9t\u00e9 pr\u00e9c\u00e9demment invit\u00e9 au Festival des femmes dramaturges en Turquie, soulignant que cette visite s\u2019inscrit dans le cadre d\u2019un \u00e9change culturel mutuel visant \u00e0 renforcer davantage la coop\u00e9ration entre les deux pays.<\/p>\n\n\n\n<p class=\"wp-block-paragraph\">Pour sa part, le directeur g\u00e9n\u00e9ral du Th\u00e9\u00e2tre national tunisien, Moez Mrabet, a indiqu\u00e9 que la pr\u00e9sentation d\u2019une \u0153uvre th\u00e9\u00e2trale turque pour la premi\u00e8re fois dans le cadre du festival constitue une \u00e9tape importante. Il a ajout\u00e9 que le public tunisien a ainsi eu l\u2019opportunit\u00e9 de d\u00e9couvrir de pr\u00e8s le th\u00e9\u00e2tre turc, saluant la richesse des th\u00e9matiques abord\u00e9es, l\u2019approche de mise en sc\u00e8ne et le haut niveau<\/p>\n","protected":false},"excerpt":{"rendered":"<p>La troupe du Th\u00e9\u00e2tre d\u2019\u00c9tat d\u2019Ankara, relevant du minist\u00e8re turc de la Culture et du Tourisme, a pr\u00e9sent\u00e9 sa pi\u00e8ce \u00ab Le Dernier Homme \u00bb dans le cadre du Festival international de th\u00e9\u00e2tre de Tunis, organis\u00e9 par le Th\u00e9\u00e2tre national tunisien. La repr\u00e9sentation s\u2019est tenue \u00e0 la salle du Quatri\u00e8me Art, au c\u0153ur de la [&hellip;]<\/p>\n","protected":false},"author":4,"featured_media":72272,"comment_status":"open","ping_status":"closed","sticky":false,"template":"","format":"standard","meta":{"content-type":"","jnews-multi-image_gallery":[],"jnews_single_post":{"format":"standard"},"jnews_primary_category":[],"jnews_override_bookmark_settings":[],"jnews_review":[],"enable_review":"","type":"","name":"","summary":"","brand":"","sku":"","good":[],"bad":[],"score_override":"","override_value":"","rating":[],"price":[],"jnews_post_split":[],"footnotes":""},"categories":[17],"tags":[13566,18086,18085,18084],"class_list":["post-72271","post","type-post","status-publish","format-standard","has-post-thumbnail","hentry","category-entertainment","tag-ahmet-misbah-demircan","tag-emre-baser","tag-festival-international-de-theatre-de-tunis","tag-la-troupe-du-theatre-detat-dankara"],"_links":{"self":[{"href":"https:\/\/www.africanchallenges.com\/index.php?rest_route=\/wp\/v2\/posts\/72271","targetHints":{"allow":["GET"]}}],"collection":[{"href":"https:\/\/www.africanchallenges.com\/index.php?rest_route=\/wp\/v2\/posts"}],"about":[{"href":"https:\/\/www.africanchallenges.com\/index.php?rest_route=\/wp\/v2\/types\/post"}],"author":[{"embeddable":true,"href":"https:\/\/www.africanchallenges.com\/index.php?rest_route=\/wp\/v2\/users\/4"}],"replies":[{"embeddable":true,"href":"https:\/\/www.africanchallenges.com\/index.php?rest_route=%2Fwp%2Fv2%2Fcomments&post=72271"}],"version-history":[{"count":4,"href":"https:\/\/www.africanchallenges.com\/index.php?rest_route=\/wp\/v2\/posts\/72271\/revisions"}],"predecessor-version":[{"id":72278,"href":"https:\/\/www.africanchallenges.com\/index.php?rest_route=\/wp\/v2\/posts\/72271\/revisions\/72278"}],"wp:featuredmedia":[{"embeddable":true,"href":"https:\/\/www.africanchallenges.com\/index.php?rest_route=\/wp\/v2\/media\/72272"}],"wp:attachment":[{"href":"https:\/\/www.africanchallenges.com\/index.php?rest_route=%2Fwp%2Fv2%2Fmedia&parent=72271"}],"wp:term":[{"taxonomy":"category","embeddable":true,"href":"https:\/\/www.africanchallenges.com\/index.php?rest_route=%2Fwp%2Fv2%2Fcategories&post=72271"},{"taxonomy":"post_tag","embeddable":true,"href":"https:\/\/www.africanchallenges.com\/index.php?rest_route=%2Fwp%2Fv2%2Ftags&post=72271"}],"curies":[{"name":"wp","href":"https:\/\/api.w.org\/{rel}","templated":true}]}}