{"id":72268,"date":"2026-04-08T09:02:52","date_gmt":"2026-04-08T08:02:52","guid":{"rendered":"https:\/\/www.africanchallenges.com\/?p=72268"},"modified":"2026-04-08T09:02:53","modified_gmt":"2026-04-08T08:02:53","slug":"tunisie-la-ministre-des-affaires-culturelles-supervise-les-preparatifs-de-la-40e-edition-de-la-foire-internationale-du-livre-de-tunis","status":"publish","type":"post","link":"https:\/\/www.africanchallenges.com\/?p=72268","title":{"rendered":"Tunisie: La ministre des Affaires culturelles supervise les pr\u00e9paratifs de la 40\u00e8 \u00e9dition de la Foire internationale du livre de Tunis"},"content":{"rendered":"\n<p class=\"wp-block-paragraph\">La ministre des Affaires culturelles, Amine Srarfi, a pr\u00e9sid\u00e9, le mardi 7 avril 2026, une s\u00e9ance de travail consacr\u00e9e au suivi des derniers pr\u00e9paratifs de la 40\u1d49 \u00e9dition de la Foire internationale du livre de Tunis, pr\u00e9vue du 23 avril au 3 mai 2026, en pr\u00e9sence des membres du comit\u00e9 d\u2019organisation.<\/p>\n\n\n\n<p class=\"wp-block-paragraph\">Lors de cette r\u00e9union, la ministre a pris connaissance de l\u2019\u00e9tat d\u2019avancement des pr\u00e9paratifs logistiques et techniques, ainsi que du contenu de la programmation propos\u00e9e pour cette \u00e9dition, qui enregistre une participation record tant en nombre de titres expos\u00e9s qu\u2019en pays participants.<\/p>\n\n\n\n<p class=\"wp-block-paragraph\">\u00c0 cette occasion, la ministre des Affaires culturelles a soulign\u00e9 l\u2019importance de conjuguer les efforts de l\u2019ensemble des minist\u00e8res et des parties concern\u00e9es afin d\u2019assurer la r\u00e9ussite de cette \u00e9dition et son rayonnement \u00e0 l\u2019\u00e9chelle nationale et internationale, \u00e0 la hauteur de l\u2019histoire prestigieuse de cette manifestation, reconnue pour ses succ\u00e8s et son excellence, et au service des \u00e9crivains, des auteurs, des invit\u00e9s de la Tunisie et des visiteurs du salon.<\/p>\n\n\n\n<p class=\"wp-block-paragraph\">La r\u00e9union a \u00e9galement permis d\u2019aborder les d\u00e9tails relatifs au pavillon du minist\u00e8re des Affaires culturelles et des institutions qui en rel\u00e8vent, ainsi qu\u2019au pavillon du pays invit\u00e9 d\u2019honneur, outre les diff\u00e9rentes activit\u00e9s, rencontres et manifestations intellectuelles et artistiques qui rythmeront le programme de la foire.<\/p>\n","protected":false},"excerpt":{"rendered":"<p>La ministre des Affaires culturelles, Amine Srarfi, a pr\u00e9sid\u00e9, le mardi 7 avril 2026, une s\u00e9ance de travail consacr\u00e9e au suivi des derniers pr\u00e9paratifs de la 40\u1d49 \u00e9dition de la Foire internationale du livre de Tunis, pr\u00e9vue du 23 avril au 3 mai 2026, en pr\u00e9sence des membres du comit\u00e9 d\u2019organisation. Lors de cette r\u00e9union, [&hellip;]<\/p>\n","protected":false},"author":4,"featured_media":72269,"comment_status":"open","ping_status":"closed","sticky":false,"template":"","format":"standard","meta":{"content-type":"","jnews-multi-image_gallery":[],"jnews_single_post":{"format":"standard"},"jnews_primary_category":[],"jnews_override_bookmark_settings":[],"jnews_review":[],"enable_review":"","type":"","name":"","summary":"","brand":"","sku":"","good":[],"bad":[],"score_override":"","override_value":"","rating":[],"price":[],"jnews_post_split":[],"footnotes":""},"categories":[17],"tags":[18083,2742,4176],"class_list":["post-72268","post","type-post","status-publish","format-standard","has-post-thumbnail","hentry","category-entertainment","tag-amine-srarfi","tag-foire-internationale-du-livre-de-tunis","tag-preparatifs"],"_links":{"self":[{"href":"https:\/\/www.africanchallenges.com\/index.php?rest_route=\/wp\/v2\/posts\/72268","targetHints":{"allow":["GET"]}}],"collection":[{"href":"https:\/\/www.africanchallenges.com\/index.php?rest_route=\/wp\/v2\/posts"}],"about":[{"href":"https:\/\/www.africanchallenges.com\/index.php?rest_route=\/wp\/v2\/types\/post"}],"author":[{"embeddable":true,"href":"https:\/\/www.africanchallenges.com\/index.php?rest_route=\/wp\/v2\/users\/4"}],"replies":[{"embeddable":true,"href":"https:\/\/www.africanchallenges.com\/index.php?rest_route=%2Fwp%2Fv2%2Fcomments&post=72268"}],"version-history":[{"count":1,"href":"https:\/\/www.africanchallenges.com\/index.php?rest_route=\/wp\/v2\/posts\/72268\/revisions"}],"predecessor-version":[{"id":72270,"href":"https:\/\/www.africanchallenges.com\/index.php?rest_route=\/wp\/v2\/posts\/72268\/revisions\/72270"}],"wp:featuredmedia":[{"embeddable":true,"href":"https:\/\/www.africanchallenges.com\/index.php?rest_route=\/wp\/v2\/media\/72269"}],"wp:attachment":[{"href":"https:\/\/www.africanchallenges.com\/index.php?rest_route=%2Fwp%2Fv2%2Fmedia&parent=72268"}],"wp:term":[{"taxonomy":"category","embeddable":true,"href":"https:\/\/www.africanchallenges.com\/index.php?rest_route=%2Fwp%2Fv2%2Fcategories&post=72268"},{"taxonomy":"post_tag","embeddable":true,"href":"https:\/\/www.africanchallenges.com\/index.php?rest_route=%2Fwp%2Fv2%2Ftags&post=72268"}],"curies":[{"name":"wp","href":"https:\/\/api.w.org\/{rel}","templated":true}]}}