{"id":72249,"date":"2026-04-07T21:56:39","date_gmt":"2026-04-07T20:56:39","guid":{"rendered":"https:\/\/www.africanchallenges.com\/?p=72249"},"modified":"2026-04-07T21:58:13","modified_gmt":"2026-04-07T20:58:13","slug":"retour-des-tunisiens-du-golfe-une-cellule-de-veille-regionale-mise-en-place-a-tunis","status":"publish","type":"post","link":"https:\/\/www.africanchallenges.com\/?p=72249","title":{"rendered":"Retour des Tunisiens du golfe et Moyen-Orient : une cellule de veille r\u00e9gionale mise en place \u00e0 Tunis"},"content":{"rendered":"\n<p class=\"wp-block-paragraph\">Le gouverneur de Tunis, M. Imed Boukhris, a pr\u00e9sid\u00e9, le 7 avril 2027, au si\u00e8ge de gouvernorat, une s\u00e9ance de travail consacr\u00e9e aux pr\u00e9paratifs, mesures et pr\u00e9cautions en cas de retour de certains membres de la communaut\u00e9 tunisienne r\u00e9sidant dans les pays du Moyen-Orient et du Golfe, compte tenu des tensions que conna\u00eet actuellement la r\u00e9gion.<\/p>\n\n\n\n<p class=\"wp-block-paragraph\">Ont particip\u00e9 \u00e0 cette r\u00e9union :<\/p>\n\n\n\n<p class=\"wp-block-paragraph\">-Les repr\u00e9sentants des services de s\u00e9curit\u00e9 de la r\u00e9gion ;<\/p>\n\n\n\n<p class=\"wp-block-paragraph\">-La d\u00e9l\u00e9gu\u00e9e des affaires sociales et la pr\u00e9sidente de la division des affaires politiques au gouvernorat ;<\/p>\n\n\n\n<p class=\"wp-block-paragraph\">-La d\u00e9l\u00e9gu\u00e9e r\u00e9gionale de l&rsquo;office des Tunisiens \u00e0 l\u2019\u00e9tranger \u00e0 Tunis ;<\/p>\n\n\n\n<p class=\"wp-block-paragraph\">-La directrice r\u00e9gionale des affaires sociales ;<\/p>\n\n\n\n<p class=\"wp-block-paragraph\">-Le pr\u00e9sident de l\u2019Universit\u00e9 de Tunis pour la Solidarit\u00e9 ;<\/p>\n\n\n\n<p class=\"wp-block-paragraph\">Des repr\u00e9sentants de l\u2019Administration g\u00e9n\u00e9rale des affaires consulaires au minist\u00e8re des Affaires \u00e9trang\u00e8res, du minist\u00e8re de l\u2019Int\u00e9rieur, de l&rsquo;office de la Protection civile, de l&rsquo;office des Tunisiens \u00e0 l\u2019\u00e9tranger, de l\u2019administration r\u00e9gionale de la sant\u00e9, du Croissant-Rouge tunisien, de la D\u00e9l\u00e9gation de l\u2019\u00e9ducation de Tunis 1 et du minist\u00e8re de l\u2019Emploi.<\/p>\n\n\n\n<p class=\"wp-block-paragraph\">Au cours de la s\u00e9ance, ont \u00e9t\u00e9 pr\u00e9sent\u00e9es les mesures anticipatives prises par le minist\u00e8re des Affaires \u00e9trang\u00e8res et l&rsquo;office des Tunisiens \u00e0 l\u2019\u00e9tranger, notamment l\u2019\u00e9vacuation de certains ressortissants tunisiens r\u00e9sidant dans des zones de tension, ainsi que les diff\u00e9rentes facilit\u00e9s qui leur ont \u00e9t\u00e9 accord\u00e9es.<\/p>\n\n\n\n<p class=\"wp-block-paragraph\">La r\u00e9union a \u00e9galement permis d\u2019examiner plusieurs sc\u00e9narios possibles afin de d\u00e9finir les actions pr\u00e9ventives n\u00e9cessaires et de renforcer la coordination entre toutes les structures impliqu\u00e9es : s\u00e9curit\u00e9, sant\u00e9 publique, affaires sociales, solidarit\u00e9, Croissant-Rouge et \u00e9ducation. L\u2019objectif \u00e9tant de pr\u00e9parer un accueil adapt\u00e9 aux Tunisiens originaires du gouvernorat de Tunis, et de garantir un suivi complet sur tous les aspects n\u00e9cessaires.<\/p>\n\n\n\n<p class=\"wp-block-paragraph\">En conclusion, le gouverneur a recommand\u00e9 :<\/p>\n\n\n\n<p class=\"wp-block-paragraph\">-La mise en place d\u2019une cellule de veille r\u00e9gionale pour renforcer la coordination et le suivi en temps r\u00e9el de l\u2019\u00e9volution de la situation ;<\/p>\n\n\n\n<p class=\"wp-block-paragraph\">-L\u2019\u00e9laboration d\u2019un plan d\u2019accueil et d\u2019accompagnement psychologique, social et sanitaire pour les membres de la communaut\u00e9, si n\u00e9cessaire ;<\/p>\n\n\n\n<p class=\"wp-block-paragraph\">-La d\u00e9signation de points de contact au sein des diff\u00e9rentes structures pour assurer une intervention rapide et efficace, tout en permettant une adaptation imm\u00e9diate aux \u00e9volutions potentielles.<\/p>\n","protected":false},"excerpt":{"rendered":"<p>Le gouverneur de Tunis, M. Imed Boukhris, a pr\u00e9sid\u00e9, le 7 avril 2027, au si\u00e8ge de gouvernorat, une s\u00e9ance de travail consacr\u00e9e aux pr\u00e9paratifs, mesures et pr\u00e9cautions en cas de retour de certains membres de la communaut\u00e9 tunisienne r\u00e9sidant dans les pays du Moyen-Orient et du Golfe, compte tenu des tensions que conna\u00eet actuellement la [&hellip;]<\/p>\n","protected":false},"author":4,"featured_media":72250,"comment_status":"open","ping_status":"closed","sticky":false,"template":"","format":"standard","meta":{"content-type":"","jnews-multi-image_gallery":[],"jnews_single_post":{"format":"standard"},"jnews_primary_category":[],"jnews_override_bookmark_settings":[],"jnews_review":[],"enable_review":"","type":"","name":"","summary":"","brand":"","sku":"","good":[],"bad":[],"score_override":"","override_value":"","rating":[],"price":[],"jnews_post_split":[],"footnotes":""},"categories":[2],"tags":[18074,301,18075,1175],"class_list":["post-72249","post","type-post","status-publish","format-standard","has-post-thumbnail","hentry","category-news-politique","tag-golfe","tag-retour","tag-retour-des-tunisiens-du-golfe-une-cellule-de-veille-regionale-mise-en-place-a-tunis","tag-tunisiens"],"_links":{"self":[{"href":"https:\/\/www.africanchallenges.com\/index.php?rest_route=\/wp\/v2\/posts\/72249","targetHints":{"allow":["GET"]}}],"collection":[{"href":"https:\/\/www.africanchallenges.com\/index.php?rest_route=\/wp\/v2\/posts"}],"about":[{"href":"https:\/\/www.africanchallenges.com\/index.php?rest_route=\/wp\/v2\/types\/post"}],"author":[{"embeddable":true,"href":"https:\/\/www.africanchallenges.com\/index.php?rest_route=\/wp\/v2\/users\/4"}],"replies":[{"embeddable":true,"href":"https:\/\/www.africanchallenges.com\/index.php?rest_route=%2Fwp%2Fv2%2Fcomments&post=72249"}],"version-history":[{"count":3,"href":"https:\/\/www.africanchallenges.com\/index.php?rest_route=\/wp\/v2\/posts\/72249\/revisions"}],"predecessor-version":[{"id":72253,"href":"https:\/\/www.africanchallenges.com\/index.php?rest_route=\/wp\/v2\/posts\/72249\/revisions\/72253"}],"wp:featuredmedia":[{"embeddable":true,"href":"https:\/\/www.africanchallenges.com\/index.php?rest_route=\/wp\/v2\/media\/72250"}],"wp:attachment":[{"href":"https:\/\/www.africanchallenges.com\/index.php?rest_route=%2Fwp%2Fv2%2Fmedia&parent=72249"}],"wp:term":[{"taxonomy":"category","embeddable":true,"href":"https:\/\/www.africanchallenges.com\/index.php?rest_route=%2Fwp%2Fv2%2Fcategories&post=72249"},{"taxonomy":"post_tag","embeddable":true,"href":"https:\/\/www.africanchallenges.com\/index.php?rest_route=%2Fwp%2Fv2%2Ftags&post=72249"}],"curies":[{"name":"wp","href":"https:\/\/api.w.org\/{rel}","templated":true}]}}