{"id":72242,"date":"2026-04-07T21:31:27","date_gmt":"2026-04-07T20:31:27","guid":{"rendered":"https:\/\/www.africanchallenges.com\/?p=72242"},"modified":"2026-04-07T21:32:51","modified_gmt":"2026-04-07T20:32:51","slug":"les-casques-bleus-tunisiens-de-retour-de-centrafrique-decores-par-les-nations-unies","status":"publish","type":"post","link":"https:\/\/www.africanchallenges.com\/?p=72242","title":{"rendered":"Les casques bleus tunisiens de retour de Centrafrique d\u00e9cor\u00e9s par les Nations Unies"},"content":{"rendered":"\n<p class=\"wp-block-paragraph\">Le ministre de la D\u00e9fense nationale, M. Khaled Sehili, a pr\u00e9sid\u00e9, ce mardi 7 avril 2026 , \u00e0 la base militaire d\u2019Al Aouina, une c\u00e9r\u00e9monie militaire organis\u00e9e \u00e0 l\u2019occasion du retour d\u00e9finitif de la compagnie d\u2019intervention rapide l\u00e9g\u00e8re en provenance de la R\u00e9publique centrafricaine. \u00c0 cette occasion, les membres de l\u2019unit\u00e9 ont \u00e9t\u00e9 d\u00e9cor\u00e9s de la m\u00e9daille des Nations Unies, apr\u00e8s avoir achev\u00e9 leur mission au sein de la Mission multidimensionnelle int\u00e9gr\u00e9e des Nations Unies pour la stabilisation en R\u00e9publique centrafricaine (MINUSCA).<\/p>\n\n\n\n<p class=\"wp-block-paragraph\">Dans son allocution, le ministre a exprim\u00e9 la fiert\u00e9 et la reconnaissance de l\u2019institution militaire pour les performances accomplies par les membres de la compagnie sur le terrain. Il a salu\u00e9 leur professionnalisme et leur pr\u00e9paration, soulignant qu\u2019ils ont \u00e9t\u00e9 de v\u00e9ritables ambassadeurs de la Tunisie, contribuant \u00e0 hisser haut le drapeau national et \u00e0 renforcer la confiance de la communaut\u00e9 internationale dans les comp\u00e9tences et l\u2019int\u00e9grit\u00e9 du militaire tunisien. Il a \u00e9galement rendu hommage aux soldats tomb\u00e9s en martyr lors de l\u2019accomplissement de leur devoir en R\u00e9publique centrafricaine, affirmant que leur m\u00e9moire demeurera \u00e0 jamais vivante et source de fiert\u00e9 pour les forces arm\u00e9es tunisiennes.<\/p>\n\n\n\n<p class=\"wp-block-paragraph\">Le ministre a par ailleurs rappel\u00e9 que, dans le cadre de son engagement constant envers les conventions et trait\u00e9s internationaux, et de sa contribution active \u00e0 la promotion de la paix et de la s\u00e9curit\u00e9 internationales ainsi qu\u2019aux valeurs de solidarit\u00e9, la Tunisie participe depuis 1960 aux op\u00e9rations de maintien de la paix sous l\u2019\u00e9gide des Nations Unies. Cet engagement s\u2019inscrit dans un choix strat\u00e9gique durable et dans une vision globale visant \u00e0 renforcer l\u2019ouverture de l\u2019institution militaire sur son environnement r\u00e9gional et international.<\/p>\n\n\n\n<p class=\"wp-block-paragraph\">\u00c0 l\u2019issue de la c\u00e9r\u00e9monie, le ministre de la D\u00e9fense nationale, accompagn\u00e9 des chefs d\u2019\u00e9tat-major des trois arm\u00e9es, a proc\u00e9d\u00e9 \u00e0 la d\u00e9coration des membres de la compagnie d\u2019intervention rapide l\u00e9g\u00e8re, les appelant \u00e0 poursuivre leur mission avec le m\u00eame engagement et la m\u00eame discipline, et \u00e0 mettre \u00e0 profit les comp\u00e9tences acquises afin d\u2019am\u00e9liorer les performances et renforcer l\u2019\u00e9tat de pr\u00e9paration des forces arm\u00e9es, au service de la nation et de ses int\u00e9r\u00eats sup\u00e9rieurs.<\/p>\n\n\n\n<p class=\"wp-block-paragraph\">Il convient de rappeler que la Tunisie a particip\u00e9, depuis 1960, \u00e0 25 missions onusiennes, mobilisant pr\u00e8s de 15 000 militaires. Elle poursuit aujourd\u2019hui sa contribution \u00e0 ces op\u00e9rations, notamment \u00e0 travers un bataillon d\u2019infanterie l\u00e9g\u00e8re et une unit\u00e9 de transport a\u00e9rien en R\u00e9publique centrafricaine, ainsi que des officiers observateurs d\u00e9ploy\u00e9s dans plusieurs pays africains.<\/p>\n\n\n\n<p class=\"wp-block-paragraph\"><strong>Source: Communiqu\u00e9<\/strong><\/p>\n","protected":false},"excerpt":{"rendered":"<p>Le ministre de la D\u00e9fense nationale, M. Khaled Sehili, a pr\u00e9sid\u00e9, ce mardi 7 avril 2026 , \u00e0 la base militaire d\u2019Al Aouina, une c\u00e9r\u00e9monie militaire organis\u00e9e \u00e0 l\u2019occasion du retour d\u00e9finitif de la compagnie d\u2019intervention rapide l\u00e9g\u00e8re en provenance de la R\u00e9publique centrafricaine. \u00c0 cette occasion, les membres de l\u2019unit\u00e9 ont \u00e9t\u00e9 d\u00e9cor\u00e9s de [&hellip;]<\/p>\n","protected":false},"author":4,"featured_media":72243,"comment_status":"open","ping_status":"closed","sticky":false,"template":"","format":"standard","meta":{"content-type":"","jnews-multi-image_gallery":[],"jnews_single_post":{"format":"standard"},"jnews_primary_category":[],"jnews_override_bookmark_settings":[],"jnews_review":[],"enable_review":"","type":"","name":"","summary":"","brand":"","sku":"","good":[],"bad":[],"score_override":"","override_value":"","rating":[],"price":[],"jnews_post_split":[],"footnotes":""},"categories":[2],"tags":[13168,18073,1099],"class_list":["post-72242","post","type-post","status-publish","format-standard","has-post-thumbnail","hentry","category-news-politique","tag-casques-bleus-tunisiens","tag-centrafrique","tag-nations-unies"],"_links":{"self":[{"href":"https:\/\/www.africanchallenges.com\/index.php?rest_route=\/wp\/v2\/posts\/72242","targetHints":{"allow":["GET"]}}],"collection":[{"href":"https:\/\/www.africanchallenges.com\/index.php?rest_route=\/wp\/v2\/posts"}],"about":[{"href":"https:\/\/www.africanchallenges.com\/index.php?rest_route=\/wp\/v2\/types\/post"}],"author":[{"embeddable":true,"href":"https:\/\/www.africanchallenges.com\/index.php?rest_route=\/wp\/v2\/users\/4"}],"replies":[{"embeddable":true,"href":"https:\/\/www.africanchallenges.com\/index.php?rest_route=%2Fwp%2Fv2%2Fcomments&post=72242"}],"version-history":[{"count":2,"href":"https:\/\/www.africanchallenges.com\/index.php?rest_route=\/wp\/v2\/posts\/72242\/revisions"}],"predecessor-version":[{"id":72245,"href":"https:\/\/www.africanchallenges.com\/index.php?rest_route=\/wp\/v2\/posts\/72242\/revisions\/72245"}],"wp:featuredmedia":[{"embeddable":true,"href":"https:\/\/www.africanchallenges.com\/index.php?rest_route=\/wp\/v2\/media\/72243"}],"wp:attachment":[{"href":"https:\/\/www.africanchallenges.com\/index.php?rest_route=%2Fwp%2Fv2%2Fmedia&parent=72242"}],"wp:term":[{"taxonomy":"category","embeddable":true,"href":"https:\/\/www.africanchallenges.com\/index.php?rest_route=%2Fwp%2Fv2%2Fcategories&post=72242"},{"taxonomy":"post_tag","embeddable":true,"href":"https:\/\/www.africanchallenges.com\/index.php?rest_route=%2Fwp%2Fv2%2Ftags&post=72242"}],"curies":[{"name":"wp","href":"https:\/\/api.w.org\/{rel}","templated":true}]}}