{"id":72208,"date":"2026-04-06T18:56:32","date_gmt":"2026-04-06T17:56:32","guid":{"rendered":"https:\/\/www.africanchallenges.com\/?p=72208"},"modified":"2026-04-06T18:56:34","modified_gmt":"2026-04-06T17:56:34","slug":"kais-saied-a-monastir-hommage-a-bourguiba-et-message-ferme-aux-medias-publics","status":"publish","type":"post","link":"https:\/\/www.africanchallenges.com\/?p=72208","title":{"rendered":"Ka\u00efs Sa\u00efed \u00e0 Monastir : hommage \u00e0 Bourguiba et message ferme aux m\u00e9dias publics"},"content":{"rendered":"\n<p class=\"wp-block-paragraph\">Le Pr\u00e9sident de la R\u00e9publique, Ka\u00efs Sa\u00efed, a effectu\u00e9, ce lundi 6 avril 2026, une visite \u00e0 Monastir, au cours de laquelle il s\u2019est rendu au mausol\u00e9e de Habib Bourguiba.<\/p>\n\n\n\n<p class=\"wp-block-paragraph\">\u00c0 cette occasion, le Chef de l\u2019\u00c9tat s\u2019est recueilli \u00e0 la m\u00e9moire du leader de l\u2019ind\u00e9pendance, saluant son r\u00f4le historique dans la construction de l\u2019\u00c9tat tunisien moderne et r\u00e9affirmant son attachement aux valeurs fondatrices de la R\u00e9publique.<\/p>\n\n\n\n<p class=\"wp-block-paragraph\">En marge de cette visite, le Pr\u00e9sident de la R\u00e9publique a parcouru plusieurs art\u00e8res de la ville, o\u00f9 il a \u00e9chang\u00e9 directement avec les citoyens et pris connaissance de leurs pr\u00e9occupations, notamment en mati\u00e8re de conditions de vie et de d\u00e9veloppement r\u00e9gional.<\/p>\n\n\n\n<p class=\"wp-block-paragraph\">Dans ce contexte, le Pr\u00e9sident de la R\u00e9publique a adress\u00e9 un message fort aux m\u00e9dias publics, en particulier \u00e0 T\u00e9l\u00e9vision Tunisienne, les appelant \u00e0 revoir leur ligne \u00e9ditoriale afin qu\u2019elle soit davantage en phase avec les attentes du peuple tunisien et les enjeux actuels du pays. Il a insist\u00e9 sur la n\u00e9cessit\u00e9 d\u2019un discours responsable, fid\u00e8le \u00e0 la r\u00e9alit\u00e9 et contribuant \u00e0 \u00e9clairer l\u2019opinion publique dans le respect de l\u2019int\u00e9r\u00eat national.<\/p>\n\n\n\n<p class=\"wp-block-paragraph\">Le Pr\u00e9sident a soulign\u00e9 que, malgr\u00e9 les indicateurs de croissance et les chiffres positifs, il est essentiel que ces r\u00e9sultats se traduisent concr\u00e8tement dans la vie quotidienne des citoyens. Il a pr\u00e9cis\u00e9 que le travail se poursuit pour d\u00e9manteler les r\u00e9seaux de sp\u00e9culation et de monopole, afin de prot\u00e9ger le pouvoir d\u2019achat et assurer le bon fonctionnement du march\u00e9.<\/p>\n\n\n\n<p class=\"wp-block-paragraph\">Il a \u00e9galement annonc\u00e9 que de nombreuses v\u00e9rit\u00e9s seront r\u00e9v\u00e9l\u00e9es au peuple tunisien concernant les fonds d\u00e9tourn\u00e9s et les biens spoli\u00e9s, pr\u00e9cisant qu\u2019aucune concession ne sera faite et que l\u2019\u00c9tat continuera \u00e0 r\u00e9cup\u00e9rer ces ressources au b\u00e9n\u00e9fice de la nation.<\/p>\n\n\n\n<p class=\"wp-block-paragraph\">Le Pr\u00e9sident a enfin rappel\u00e9 que des pr\u00e9paratifs sont en cours pour permettre aux jeunes de prendre progressivement le relais, afin de concr\u00e9tiser les aspirations du peuple tunisien et de participer activement \u00e0 la construction de l\u2019avenir du pays.<\/p>\n\n\n\n<p class=\"wp-block-paragraph\">Cette visite s\u2019inscrit dans le cadre du suivi constant par le Pr\u00e9sident de la R\u00e9publique de la situation g\u00e9n\u00e9rale du pays et de sa volont\u00e9 de rester \u00e0 l\u2019\u00e9coute des Tunisiens.<\/p>\n\n\n\n<p class=\"wp-block-paragraph\"><\/p>\n\n\n\n<p class=\"wp-block-paragraph\"><\/p>\n\n\n\n<p class=\"wp-block-paragraph\"><\/p>\n\n\n\n<p class=\"wp-block-paragraph\"><\/p>\n\n\n\n<p class=\"wp-block-paragraph\"><\/p>\n","protected":false},"excerpt":{"rendered":"<p>Le Pr\u00e9sident de la R\u00e9publique, Ka\u00efs Sa\u00efed, a effectu\u00e9, ce lundi 6 avril 2026, une visite \u00e0 Monastir, au cours de laquelle il s\u2019est rendu au mausol\u00e9e de Habib Bourguiba. \u00c0 cette occasion, le Chef de l\u2019\u00c9tat s\u2019est recueilli \u00e0 la m\u00e9moire du leader de l\u2019ind\u00e9pendance, saluant son r\u00f4le historique dans la construction de l\u2019\u00c9tat [&hellip;]<\/p>\n","protected":false},"author":4,"featured_media":72209,"comment_status":"open","ping_status":"closed","sticky":false,"template":"","format":"standard","meta":{"content-type":"","jnews-multi-image_gallery":[],"jnews_single_post":{"format":"standard"},"jnews_primary_category":[],"jnews_override_bookmark_settings":[],"jnews_review":[],"enable_review":"","type":"","name":"","summary":"","brand":"","sku":"","good":[],"bad":[],"score_override":"","override_value":"","rating":[],"price":[],"jnews_post_split":[],"footnotes":""},"categories":[2],"tags":[18049,238,3694,534],"class_list":["post-72208","post","type-post","status-publish","format-standard","has-post-thumbnail","hentry","category-news-politique","tag-bourguiba","tag-hommage","tag-kais-saied","tag-monastir"],"_links":{"self":[{"href":"https:\/\/www.africanchallenges.com\/index.php?rest_route=\/wp\/v2\/posts\/72208","targetHints":{"allow":["GET"]}}],"collection":[{"href":"https:\/\/www.africanchallenges.com\/index.php?rest_route=\/wp\/v2\/posts"}],"about":[{"href":"https:\/\/www.africanchallenges.com\/index.php?rest_route=\/wp\/v2\/types\/post"}],"author":[{"embeddable":true,"href":"https:\/\/www.africanchallenges.com\/index.php?rest_route=\/wp\/v2\/users\/4"}],"replies":[{"embeddable":true,"href":"https:\/\/www.africanchallenges.com\/index.php?rest_route=%2Fwp%2Fv2%2Fcomments&post=72208"}],"version-history":[{"count":1,"href":"https:\/\/www.africanchallenges.com\/index.php?rest_route=\/wp\/v2\/posts\/72208\/revisions"}],"predecessor-version":[{"id":72210,"href":"https:\/\/www.africanchallenges.com\/index.php?rest_route=\/wp\/v2\/posts\/72208\/revisions\/72210"}],"wp:featuredmedia":[{"embeddable":true,"href":"https:\/\/www.africanchallenges.com\/index.php?rest_route=\/wp\/v2\/media\/72209"}],"wp:attachment":[{"href":"https:\/\/www.africanchallenges.com\/index.php?rest_route=%2Fwp%2Fv2%2Fmedia&parent=72208"}],"wp:term":[{"taxonomy":"category","embeddable":true,"href":"https:\/\/www.africanchallenges.com\/index.php?rest_route=%2Fwp%2Fv2%2Fcategories&post=72208"},{"taxonomy":"post_tag","embeddable":true,"href":"https:\/\/www.africanchallenges.com\/index.php?rest_route=%2Fwp%2Fv2%2Ftags&post=72208"}],"curies":[{"name":"wp","href":"https:\/\/api.w.org\/{rel}","templated":true}]}}