{"id":72174,"date":"2026-04-06T10:00:00","date_gmt":"2026-04-06T09:00:00","guid":{"rendered":"https:\/\/www.africanchallenges.com\/?p=72174"},"modified":"2026-04-06T00:17:21","modified_gmt":"2026-04-05T23:17:21","slug":"tunisie-transition-energetique-quatre-centrales-photovoltaiques-entrent-en-service-a-medenine","status":"publish","type":"post","link":"https:\/\/www.africanchallenges.com\/?p=72174","title":{"rendered":"Tunisie-Transition \u00e9nerg\u00e9tique : quatre centrales photovolta\u00efques entrent en service \u00e0 M\u00e9denine"},"content":{"rendered":"\n<p class=\"wp-block-paragraph\">Le secr\u00e9taire d\u2019\u00c9tat charg\u00e9 de la transition \u00e9nerg\u00e9tique, Wael Chouchane, a pr\u00e9sid\u00e9, samedi 4 avril 2026, la c\u00e9r\u00e9monie d\u2019inauguration de quatre centrales de production d\u2019\u00e9lectricit\u00e9 \u00e0 partir de l\u2019\u00e9nergie solaire photovolta\u00efque dans le gouvernorat de M\u00e9denine.<\/p>\n\n\n\n<p class=\"wp-block-paragraph\">D\u2019une capacit\u00e9 de 2 m\u00e9gawatts chacune, ces installations sont entr\u00e9es en exploitation dans le cadre de la cinqui\u00e8me vague du r\u00e9gime des autorisations, lanc\u00e9e par le minist\u00e8re le 17 octobre 2024.<\/p>\n\n\n\n<p class=\"wp-block-paragraph\">La c\u00e9r\u00e9monie s\u2019est d\u00e9roul\u00e9e en pr\u00e9sence du gouverneur de M\u00e9denine, Walid Taboubi, du PDG de la Soci\u00e9t\u00e9 tunisienne de l\u2019\u00e9lectricit\u00e9 et du gaz, Fay\u00e7al Trifa, ainsi que de plusieurs responsables nationaux, r\u00e9gionaux et repr\u00e9sentants des entreprises en charge des projets.<\/p>\n\n\n\n<p class=\"wp-block-paragraph\"><strong>Un levier pour la transition \u00e9nerg\u00e9tique<\/strong><\/p>\n\n\n\n<p class=\"wp-block-paragraph\">\u00c0 cette occasion, Wael Chouchane a soulign\u00e9 l\u2019importance de ces projets dans la diversification du mix \u00e9nerg\u00e9tique et la dynamisation \u00e9conomique et sociale de la r\u00e9gion.<\/p>\n\n\n\n<p class=\"wp-block-paragraph\">Il a affirm\u00e9 que ces centrales contribuent \u00e0 renforcer la s\u00e9curit\u00e9 \u00e9nerg\u00e9tique, \u00e0 am\u00e9liorer l\u2019approvisionnement en \u00e9lectricit\u00e9 et \u00e0 adapter le r\u00e9seau face aux d\u00e9fis climatiques, tout en posant les bases d\u2019un mod\u00e8le \u00e9nerg\u00e9tique plus durable.<\/p>\n\n\n\n<p class=\"wp-block-paragraph\"><strong>Des retomb\u00e9es \u00e9conomiques significatives<\/strong><\/p>\n\n\n\n<p class=\"wp-block-paragraph\">Le co\u00fbt total de ces projets est estim\u00e9 \u00e0 16 millions de dinars. Ils devraient permettre de r\u00e9duire le co\u00fbt de production de l\u2019\u00e9lectricit\u00e9 d\u2019environ 1,5 million de dinars par an, tout en diminuant les importations de gaz naturel \u00e0 hauteur de 4,5 millions de dinars annuellement.<\/p>\n\n\n\n<p class=\"wp-block-paragraph\">Ces initiatives s\u2019inscrivent dans le cadre de la strat\u00e9gie \u00e9nerg\u00e9tique nationale visant \u00e0 porter la part des \u00e9nergies renouvelables \u00e0 35 % de la production \u00e9lectrique d\u2019ici 2030 et \u00e0 50 % \u00e0 l\u2019horizon 2035.<\/p>\n\n\n\n<p class=\"wp-block-paragraph\"><strong>Suivi des projets d\u2019infrastructure \u00e9lectrique<\/strong><\/p>\n\n\n\n<p class=\"wp-block-paragraph\">En marge de cette visite, le secr\u00e9taire d\u2019\u00c9tat s\u2019est rendu sur le chantier d\u2019une station de transformation haute et moyenne tension situ\u00e9e sur la route de Ras Jedir, \u00e0 Ben Guerdane.<\/p>\n\n\n\n<p class=\"wp-block-paragraph\">Ce projet comprend la r\u00e9alisation d\u2019une station de transformation d\u2019une capacit\u00e9 de 33\/225 kilovolts, l\u2019installation de transformateurs pour une capacit\u00e9 globale de pr\u00e8s de 80 MVA, ainsi que la mise en place d\u2019une ligne \u00e9lectrique a\u00e9rienne de 225 kilovolts.<\/p>\n\n\n\n<p class=\"wp-block-paragraph\">Cette infrastructure permettra de renforcer l\u2019interconnexion \u00e9lectrique entre M\u00e9denine et Abou Kammach en Libye. Le taux d\u2019avancement des travaux a atteint 82 %.<\/p>\n\n\n\n<p class=\"wp-block-paragraph\"><strong>Respect des d\u00e9lais et s\u00e9curit\u00e9 \u00e9nerg\u00e9tique<\/strong><\/p>\n\n\n\n<p class=\"wp-block-paragraph\">Wael Chouchane a insist\u00e9 sur la n\u00e9cessit\u00e9 de finaliser ce projet, dont le co\u00fbt est estim\u00e9 \u00e0 17 millions de dinars, dans les d\u00e9lais impartis, afin d\u2019assurer la continuit\u00e9 de l\u2019approvisionnement en \u00e9lectricit\u00e9 dans la r\u00e9gion.<\/p>\n","protected":false},"excerpt":{"rendered":"<p>Le secr\u00e9taire d\u2019\u00c9tat charg\u00e9 de la transition \u00e9nerg\u00e9tique, Wael Chouchane, a pr\u00e9sid\u00e9, samedi 4 avril 2026, la c\u00e9r\u00e9monie d\u2019inauguration de quatre centrales de production d\u2019\u00e9lectricit\u00e9 \u00e0 partir de l\u2019\u00e9nergie solaire photovolta\u00efque dans le gouvernorat de M\u00e9denine. D\u2019une capacit\u00e9 de 2 m\u00e9gawatts chacune, ces installations sont entr\u00e9es en exploitation dans le cadre de la cinqui\u00e8me vague [&hellip;]<\/p>\n","protected":false},"author":4,"featured_media":72175,"comment_status":"open","ping_status":"closed","sticky":false,"template":"","format":"standard","meta":{"content-type":"","jnews-multi-image_gallery":[],"jnews_single_post":{"format":"standard"},"jnews_primary_category":[],"jnews_override_bookmark_settings":[],"jnews_review":[],"enable_review":"","type":"","name":"","summary":"","brand":"","sku":"","good":[],"bad":[],"score_override":"","override_value":"","rating":[],"price":[],"jnews_post_split":[],"footnotes":""},"categories":[43,73],"tags":[18038,13682,8118],"class_list":["post-72174","post","type-post","status-publish","format-standard","has-post-thumbnail","hentry","category-eco-business","category-eco","tag-centrales-photovoltaiques","tag-medenine-2","tag-transition-energetique"],"_links":{"self":[{"href":"https:\/\/www.africanchallenges.com\/index.php?rest_route=\/wp\/v2\/posts\/72174","targetHints":{"allow":["GET"]}}],"collection":[{"href":"https:\/\/www.africanchallenges.com\/index.php?rest_route=\/wp\/v2\/posts"}],"about":[{"href":"https:\/\/www.africanchallenges.com\/index.php?rest_route=\/wp\/v2\/types\/post"}],"author":[{"embeddable":true,"href":"https:\/\/www.africanchallenges.com\/index.php?rest_route=\/wp\/v2\/users\/4"}],"replies":[{"embeddable":true,"href":"https:\/\/www.africanchallenges.com\/index.php?rest_route=%2Fwp%2Fv2%2Fcomments&post=72174"}],"version-history":[{"count":2,"href":"https:\/\/www.africanchallenges.com\/index.php?rest_route=\/wp\/v2\/posts\/72174\/revisions"}],"predecessor-version":[{"id":72178,"href":"https:\/\/www.africanchallenges.com\/index.php?rest_route=\/wp\/v2\/posts\/72174\/revisions\/72178"}],"wp:featuredmedia":[{"embeddable":true,"href":"https:\/\/www.africanchallenges.com\/index.php?rest_route=\/wp\/v2\/media\/72175"}],"wp:attachment":[{"href":"https:\/\/www.africanchallenges.com\/index.php?rest_route=%2Fwp%2Fv2%2Fmedia&parent=72174"}],"wp:term":[{"taxonomy":"category","embeddable":true,"href":"https:\/\/www.africanchallenges.com\/index.php?rest_route=%2Fwp%2Fv2%2Fcategories&post=72174"},{"taxonomy":"post_tag","embeddable":true,"href":"https:\/\/www.africanchallenges.com\/index.php?rest_route=%2Fwp%2Fv2%2Ftags&post=72174"}],"curies":[{"name":"wp","href":"https:\/\/api.w.org\/{rel}","templated":true}]}}