{"id":72172,"date":"2026-04-06T09:35:00","date_gmt":"2026-04-06T08:35:00","guid":{"rendered":"https:\/\/www.africanchallenges.com\/?p=72172"},"modified":"2026-04-06T00:07:57","modified_gmt":"2026-04-05T23:07:57","slug":"energies-renouvelables-la-commission-de-lindustrie-auditionne-experts-et-ingenieurs-sur-des-projets-strategiques","status":"publish","type":"post","link":"https:\/\/www.africanchallenges.com\/?p=72172","title":{"rendered":"\u00c9nergies renouvelables : la Commission de l\u2019industrie auditionne experts et ing\u00e9nieurs sur des projets strat\u00e9giques"},"content":{"rendered":"\n<p class=\"wp-block-paragraph\">La Commission de l\u2019industrie, du commerce, des ressources naturelles, de l\u2019\u00e9nergie et de l\u2019environnement a tenu, le 2 avril 2026, deux s\u00e9ances d\u2019audition consacr\u00e9es \u00e0 l\u2019examen de cinq projets de loi relatifs \u00e0 des accords de concession pour la production d\u2019\u00e9lectricit\u00e9 \u00e0 partir des \u00e9nergies renouvelables.<\/p>\n\n\n\n<p class=\"wp-block-paragraph\">Pr\u00e9sid\u00e9es par Mohamed Amine Mbareki, en pr\u00e9sence de plusieurs membres et d\u00e9put\u00e9s, ces r\u00e9unions ont permis d\u2019entendre, dans la matin\u00e9e, des experts du minist\u00e8re de l\u2019Enseignement sup\u00e9rieur et de la Recherche scientifique, puis, dans l\u2019apr\u00e8s-midi, des repr\u00e9sentants de l\u2019Ordre des ing\u00e9nieurs tunisiens.<\/p>\n\n\n\n<p class=\"wp-block-paragraph\"><strong>Un potentiel \u00e9nerg\u00e9tique \u00e0 renforcer<\/strong><\/p>\n\n\n\n<p class=\"wp-block-paragraph\">Selon les experts, la Tunisie dispose actuellement d\u2019environ 1086 m\u00e9gawatts d\u2019\u00e9nergies renouvelables, soit 15 % de la capacit\u00e9 install\u00e9e et 6 % de la production nationale, d\u2019apr\u00e8s des donn\u00e9es de 2024.<\/p>\n\n\n\n<p class=\"wp-block-paragraph\">Ils ont soulign\u00e9 que le recours aux \u00e9nergies renouvelables constitue d\u00e9sormais un choix strat\u00e9gique incontournable pour garantir la souverainet\u00e9 \u00e9nerg\u00e9tique, notamment \u00e0 travers le d\u00e9veloppement de l\u2019\u00e9nergie solaire photovolta\u00efque, particuli\u00e8rement adapt\u00e9e aux ressources naturelles et aux conditions climatiques du pays.<\/p>\n\n\n\n<p class=\"wp-block-paragraph\">Les intervenants ont \u00e9galement insist\u00e9 sur la n\u00e9cessit\u00e9 de r\u00e9aliser des \u00e9tudes environnementales et g\u00e9ologiques approfondies pour chaque projet, en tenant compte de l\u2019acceptabilit\u00e9 sociale et des sp\u00e9cificit\u00e9s des r\u00e9gions concern\u00e9es.<\/p>\n\n\n\n<p class=\"wp-block-paragraph\"><strong>Des projets cl\u00e9s pour atteindre les objectifs 2030<\/strong><\/p>\n\n\n\n<p class=\"wp-block-paragraph\">Les cinq projets examin\u00e9s devraient permettre de produire 600 m\u00e9gawatts suppl\u00e9mentaires, contribuant \u00e0 porter la part des \u00e9nergies renouvelables \u00e0 16 % du mix \u00e9nerg\u00e9tique, avec un objectif de 35 % \u00e0 l\u2019horizon 2030.<\/p>\n\n\n\n<p class=\"wp-block-paragraph\">Les experts ont toutefois exprim\u00e9 des r\u00e9serves concernant certaines m\u00e9thodes de calcul de la production \u00e9nerg\u00e9tique, mettant en garde contre leur impact sur les estimations li\u00e9es aux importations de gaz et aux co\u00fbts en devises.<\/p>\n\n\n\n<p class=\"wp-block-paragraph\">Ils ont \u00e9galement recommand\u00e9 une r\u00e9duction de la dur\u00e9e des concessions, afin qu\u2019elle ne d\u00e9passe pas 20 ans dans les futurs projets, permettant \u00e0 l\u2019\u00c9tat de conserver une marge d\u2019exploitation \u00e0 long terme.<\/p>\n\n\n\n<p class=\"wp-block-paragraph\"><strong>Appel \u00e0 une plus grande implication nationale<\/strong><\/p>\n\n\n\n<p class=\"wp-block-paragraph\">Les d\u00e9put\u00e9s ont insist\u00e9 sur l\u2019importance d\u2019impliquer davantage les comp\u00e9tences tunisiennes et les institutions de recherche dans ces projets, affirmant que la transition \u00e9nerg\u00e9tique est devenue une n\u00e9cessit\u00e9 nationale li\u00e9e \u00e0 la s\u00e9curit\u00e9 \u00e9nerg\u00e9tique et au d\u00e9veloppement \u00e9conomique.<\/p>\n\n\n\n<p class=\"wp-block-paragraph\">Plusieurs intervenants ont appel\u00e9 \u00e0 cr\u00e9er un cadre juridique favorisant la participation des investisseurs tunisiens aux c\u00f4t\u00e9s des partenaires \u00e9trangers, ainsi qu\u2019\u00e0 renforcer le partenariat public-priv\u00e9.<\/p>\n\n\n\n<p class=\"wp-block-paragraph\"><strong>D\u00e9fis techniques et enjeu de souverainet\u00e9 \u00e9nerg\u00e9tique<\/strong><\/p>\n\n\n\n<p class=\"wp-block-paragraph\">De leur c\u00f4t\u00e9, les repr\u00e9sentants de l\u2019Ordre des ing\u00e9nieurs ont mis l\u2019accent sur la n\u00e9cessit\u00e9 de renforcer la flexibilit\u00e9 du syst\u00e8me \u00e9lectrique, notamment \u00e0 travers l\u2019am\u00e9lioration des capacit\u00e9s de stockage, la gestion de la demande et la modernisation du r\u00e9seau.<\/p>\n\n\n\n<p class=\"wp-block-paragraph\">Ils ont soulign\u00e9 que la transition \u00e9nerg\u00e9tique ne peut reposer sur une seule source, mais n\u00e9cessite un mix \u00e9nerg\u00e9tique \u00e9quilibr\u00e9 combinant renouvelables, centrales classiques flexibles et interconnexion r\u00e9gionale.<\/p>\n\n\n\n<p class=\"wp-block-paragraph\">Par ailleurs, ils ont alert\u00e9 sur l\u2019importance croissante de la dimension num\u00e9rique dans les infrastructures \u00e9nerg\u00e9tiques modernes, affirmant que :\u00ab ma\u00eetriser les donn\u00e9es, c\u2019est ma\u00eetriser l\u2019\u00e9nergie \u00bb.<\/p>\n\n\n\n<p class=\"wp-block-paragraph\"><strong>Enjeu carbone et comp\u00e9titivit\u00e9 des exportations<\/strong><\/p>\n\n\n\n<p class=\"wp-block-paragraph\">Les discussions ont \u00e9galement port\u00e9 sur la baisse de l\u2019empreinte carbone, devenue un facteur cl\u00e9 de comp\u00e9titivit\u00e9, notamment avec l\u2019entr\u00e9e en vigueur du m\u00e9canisme d\u2019ajustement carbone aux fronti\u00e8res de l\u2019Union europ\u00e9enne en 2026.<\/p>\n\n\n\n<p class=\"wp-block-paragraph\">Les experts ont rappel\u00e9 que pr\u00e8s de 70 % des exportations tunisiennes sont destin\u00e9es au march\u00e9 europ\u00e9en, ce qui renforce l\u2019urgence d\u2019acc\u00e9l\u00e9rer la transition \u00e9nerg\u00e9tique.<\/p>\n\n\n\n<p class=\"wp-block-paragraph\"><strong>Vers une vision globale et int\u00e9gr\u00e9e<\/strong><\/p>\n\n\n\n<p class=\"wp-block-paragraph\">Les intervenants ont recommand\u00e9 plusieurs mesures pour renforcer la souverainet\u00e9 \u00e9nerg\u00e9tique, notamment :<\/p>\n\n\n\n<p class=\"wp-block-paragraph\">-le d\u00e9veloppement du stockage \u00e9nerg\u00e9tique<\/p>\n\n\n\n<p class=\"wp-block-paragraph\">-le renforcement des r\u00e9seaux \u00e9lectriques<\/p>\n\n\n\n<p class=\"wp-block-paragraph\">-l\u2019interconnexion r\u00e9gionale<\/p>\n\n\n\n<p class=\"wp-block-paragraph\">-la mise en place d\u2019une gouvernance claire des donn\u00e9es \u00e9nerg\u00e9tiques<\/p>\n\n\n\n<p class=\"wp-block-paragraph\">-l\u2019int\u00e9gration des exigences de cybers\u00e9curit\u00e9<\/p>\n\n\n\n<p class=\"wp-block-paragraph\">Ils ont conclu que la souverainet\u00e9 \u00e9nerg\u00e9tique ne se limite plus \u00e0 la production, mais repose sur un syst\u00e8me int\u00e9gr\u00e9 incluant infrastructures, donn\u00e9es, s\u00e9curit\u00e9 num\u00e9rique et performance environnementale.<\/p>\n\n\n\n<p class=\"wp-block-paragraph\"><\/p>\n\n\n\n<p class=\"wp-block-paragraph\"><\/p>\n","protected":false},"excerpt":{"rendered":"<p>La Commission de l\u2019industrie, du commerce, des ressources naturelles, de l\u2019\u00e9nergie et de l\u2019environnement a tenu, le 2 avril 2026, deux s\u00e9ances d\u2019audition consacr\u00e9es \u00e0 l\u2019examen de cinq projets de loi relatifs \u00e0 des accords de concession pour la production d\u2019\u00e9lectricit\u00e9 \u00e0 partir des \u00e9nergies renouvelables. Pr\u00e9sid\u00e9es par Mohamed Amine Mbareki, en pr\u00e9sence de plusieurs [&hellip;]<\/p>\n","protected":false},"author":4,"featured_media":69470,"comment_status":"open","ping_status":"closed","sticky":false,"template":"","format":"standard","meta":{"content-type":"","jnews-multi-image_gallery":[],"jnews_single_post":{"format":"standard"},"jnews_primary_category":[],"jnews_override_bookmark_settings":[],"jnews_review":[],"enable_review":"","type":"","name":"","summary":"","brand":"","sku":"","good":[],"bad":[],"score_override":"","override_value":"","rating":[],"price":[],"jnews_post_split":[],"footnotes":""},"categories":[2],"tags":[16914,18035,17659],"class_list":["post-72172","post","type-post","status-publish","format-standard","has-post-thumbnail","hentry","category-news-politique","tag-commission-de-lindustrie","tag-energies-renouvelables-4","tag-projets-strategiques"],"_links":{"self":[{"href":"https:\/\/www.africanchallenges.com\/index.php?rest_route=\/wp\/v2\/posts\/72172","targetHints":{"allow":["GET"]}}],"collection":[{"href":"https:\/\/www.africanchallenges.com\/index.php?rest_route=\/wp\/v2\/posts"}],"about":[{"href":"https:\/\/www.africanchallenges.com\/index.php?rest_route=\/wp\/v2\/types\/post"}],"author":[{"embeddable":true,"href":"https:\/\/www.africanchallenges.com\/index.php?rest_route=\/wp\/v2\/users\/4"}],"replies":[{"embeddable":true,"href":"https:\/\/www.africanchallenges.com\/index.php?rest_route=%2Fwp%2Fv2%2Fcomments&post=72172"}],"version-history":[{"count":1,"href":"https:\/\/www.africanchallenges.com\/index.php?rest_route=\/wp\/v2\/posts\/72172\/revisions"}],"predecessor-version":[{"id":72173,"href":"https:\/\/www.africanchallenges.com\/index.php?rest_route=\/wp\/v2\/posts\/72172\/revisions\/72173"}],"wp:featuredmedia":[{"embeddable":true,"href":"https:\/\/www.africanchallenges.com\/index.php?rest_route=\/wp\/v2\/media\/69470"}],"wp:attachment":[{"href":"https:\/\/www.africanchallenges.com\/index.php?rest_route=%2Fwp%2Fv2%2Fmedia&parent=72172"}],"wp:term":[{"taxonomy":"category","embeddable":true,"href":"https:\/\/www.africanchallenges.com\/index.php?rest_route=%2Fwp%2Fv2%2Fcategories&post=72172"},{"taxonomy":"post_tag","embeddable":true,"href":"https:\/\/www.africanchallenges.com\/index.php?rest_route=%2Fwp%2Fv2%2Ftags&post=72172"}],"curies":[{"name":"wp","href":"https:\/\/api.w.org\/{rel}","templated":true}]}}