{"id":72146,"date":"2026-04-06T08:20:00","date_gmt":"2026-04-06T07:20:00","guid":{"rendered":"https:\/\/www.africanchallenges.com\/?p=72146"},"modified":"2026-04-06T00:49:56","modified_gmt":"2026-04-05T23:49:56","slug":"mission-economique-tunisienne-a-abidjan","status":"publish","type":"post","link":"https:\/\/www.africanchallenges.com\/?p=72146","title":{"rendered":"Mission \u00e9conomique tunisienne \u00e0 Abidjan"},"content":{"rendered":"\n<p class=\"wp-block-paragraph\">La mission \u00e9conomique tunisienne \u00e0 Abidjan s\u2019est achev\u00e9e le mercredi 1er avril 2026 par une journ\u00e9e riche en visites de terrain, \u00e9changes institutionnels et moments de bilan, venant consolider les acquis des journ\u00e9es pr\u00e9c\u00e9dentes.<\/p>\n\n\n\n<p class=\"wp-block-paragraph\"><strong> Programme de la matin\u00e9e : immersion et d\u00e9couvertes terrain<\/strong><\/p>\n\n\n\n<p class=\"wp-block-paragraph\">La journ\u00e9e a d\u00e9but\u00e9 par une audience au Minist\u00e8re de l\u2019Environnement et de la Transition \u00e9cologique, permettant d\u2019explorer les opportunit\u00e9s de coop\u00e9ration dans les domaines du d\u00e9veloppement durable et de la transition \u00e9cologique.<\/p>\n\n\n\n<p class=\"wp-block-paragraph\">La d\u00e9l\u00e9gation s\u2019est ensuite rendue sur le terrain \u00e0 travers plusieurs visites strat\u00e9giques :<\/p>\n\n\n\n<p class=\"wp-block-paragraph\">&#8211; Visite de ECOTI SA (filiale du Groupe Al Badr), La Soci\u00e9t\u00e9 \u00c9cologique Tuniso-Ivoirienne (<a href=\"https:\/\/l.facebook.com\/l.php?u=http%3A%2F%2FECOTI.SA%2F%3Ffbclid%3DIwZXh0bgNhZW0CMTAAYnJpZBExNzNLYkM3NHNrM2xqMFllb3NydGMGYXBwX2lkEDIyMjAzOTE3ODgyMDA4OTIAAR5alEfXQoxsPu1E8f7jyLtIMTaFkABqjnO596_1veFiBcbC0PT6-xK1L15ePg_aem_PrfdUqPvG2T1BYUbm1vOHQ&amp;h=AT4rHpaNEkjP_0APFP8Pzr8--_L2g6Gjcuf0BMjoeIT6eFCVmuiJrufiVq6CNloc09aiF-Y75ytaU3jhhTcf8f6FaZHSj_0RsSoWlYJ1g22jZISxrWOGK25s9metHXqsgByAIk8oRmo7xJiQiRbkDaKIALcnbA&amp;__tn__=-UK-R&amp;c[0]=AT52Vawe9nJbhwpoSZS3_gIBpV4cHhjF5xv6r5KKOsNfn57tdkbz9sw9Hfw3JQDO6MLRrcsrzYSBy1kEyGVqAiBRxZrD6_14OIRfMS240TXgOcWujzoYxc-q1ALap1vj6MUWsnPldkdJv7-Rr29zgjIUQYFz_xUEl5pR2faNyojgmVaeyxR7WX2fUfPSr2k\" target=\"_blank\" rel=\"noreferrer noopener\">ECOTI.SA<\/a>), Leader Africain dans le secteur de la gestion des d\u00e9chets m\u00e9nagers. Elle exerce dans la collecte, le traitement et la valorisation des d\u00e9chets et assure les services de nettoiement, de collecte et de transfert des d\u00e9chets m\u00e9nagers et assimil\u00e9s dans le secteur 1, Nord-Est d\u2019Abidjan au niveau des communes d\u2019Abobo, d\u2019Anyama, Bingerville, Cocody et du Plateau.<\/p>\n\n\n\n<p class=\"wp-block-paragraph\">&#8211; Visite de la Plateforme \u00c9conomique Industrielle d\u2019Abidjan (PEIA), Fruit d\u2019un partenariat public-priv\u00e9 entre le gouvernement de C\u00f4te d\u2019Ivoire et Arise IIP, une zone industrielle int\u00e9gr\u00e9e d\u00e9di\u00e9e \u00e0 l\u2019agro-transformation, \u00e0 la cr\u00e9ation de valeur ajout\u00e9e et \u00e0 la substitution.<\/p>\n\n\n\n<p class=\"wp-block-paragraph\">&#8211; Visite du Groupe Soroubat\/ <a href=\"https:\/\/www.facebook.com\/nourmonyholding?__cft__[0]=AZYgMoC2A6HdcfQ6Wtkgyl5JsPuQQoEMDcckCR8eFn80uPNXvX-ybS5YqZC8CGB1kXy2WvqnH8ktmlWyVz4O3s0qA5bs5uEXTx3215bAtyTBTOp0ACqtJ-rYE08kIMwLYhmJkfcC-fFFs8fZXI7yzqaedB51JqEJU_lrOMBbG603Fw&amp;__tn__=-]K-R\">Nourmony Holding SA<\/a>, un fleuron tunisien reconnu, fortement engag\u00e9 dans la r\u00e9alisation de grands projets d\u2019infrastructure en Afrique. \u00c0 travers Nourmony Holding, structure m\u00e8re d\u2019un ensemble de filiales, le Groupe a su se diversifier et s\u2019implanter durablement dans plusieurs secteurs cl\u00e9s du paysage \u00e9conomique en C\u00f4te d\u2019Ivoire, notamment la construction, l\u2019automobile, les hydrocarbures, la sant\u00e9, la distribution, l\u2019imprimerie, les services et l\u2019agropastoral.<\/p>\n\n\n\n<p class=\"wp-block-paragraph\"><strong> Apr\u00e8s-midi &amp; soir\u00e9e : bilan institutionnel et cl\u00f4ture officielle<\/strong><\/p>\n\n\n\n<p class=\"wp-block-paragraph\">Dans l\u2019apr\u00e8s-midi, la d\u00e9l\u00e9gation officielle de CONECT, accompagn\u00e9e de SEM l\u2019Ambassadeur de Tunisie en C\u00f4te d\u2019Ivoire et de SEM l\u2019Ambassadeur de C\u00f4te d\u2019Ivoire en Tunisie, a tenu une audience de cl\u00f4ture et d\u2019\u00e9valuation avec le Directeur de cabinet de la Ministre d\u2019\u00c9tat, Ministre des Affaires \u00c9trang\u00e8res et de la Coop\u00e9ration Internationale, marquant une \u00e9tape importante dans l\u2019appr\u00e9ciation des r\u00e9sultats de la mission et l\u2019identification des perspectives futures.<\/p>\n\n\n\n<p class=\"wp-block-paragraph\">La mission s\u2019est conclue par un cocktail de cl\u00f4ture et d\u2019\u00e9valuation, offert par la Chambre de Commerce et d\u2019Industrie Tunisie\u2013C\u00f4te d\u2019Ivoire, dans une atmosph\u00e8re conviviale favorisant les derniers \u00e9changes entre partenaires.<\/p>\n\n\n\n<p class=\"wp-block-paragraph\"><\/p>\n","protected":false},"excerpt":{"rendered":"<p>La mission \u00e9conomique tunisienne \u00e0 Abidjan s\u2019est achev\u00e9e le mercredi 1er avril 2026 par une journ\u00e9e riche en visites de terrain, \u00e9changes institutionnels et moments de bilan, venant consolider les acquis des journ\u00e9es pr\u00e9c\u00e9dentes. Programme de la matin\u00e9e : immersion et d\u00e9couvertes terrain La journ\u00e9e a d\u00e9but\u00e9 par une audience au Minist\u00e8re de l\u2019Environnement et [&hellip;]<\/p>\n","protected":false},"author":4,"featured_media":72147,"comment_status":"open","ping_status":"closed","sticky":false,"template":"","format":"standard","meta":{"content-type":"","jnews-multi-image_gallery":[],"jnews_single_post":{"format":"standard"},"jnews_primary_category":[],"jnews_override_bookmark_settings":[],"jnews_review":[],"enable_review":"","type":"","name":"","summary":"","brand":"","sku":"","good":[],"bad":[],"score_override":"","override_value":"","rating":[],"price":[],"jnews_post_split":[],"footnotes":""},"categories":[43,73],"tags":[202,18024],"class_list":["post-72146","post","type-post","status-publish","format-standard","has-post-thumbnail","hentry","category-eco-business","category-eco","tag-abidjan","tag-mission-economique-tunisienne"],"_links":{"self":[{"href":"https:\/\/www.africanchallenges.com\/index.php?rest_route=\/wp\/v2\/posts\/72146","targetHints":{"allow":["GET"]}}],"collection":[{"href":"https:\/\/www.africanchallenges.com\/index.php?rest_route=\/wp\/v2\/posts"}],"about":[{"href":"https:\/\/www.africanchallenges.com\/index.php?rest_route=\/wp\/v2\/types\/post"}],"author":[{"embeddable":true,"href":"https:\/\/www.africanchallenges.com\/index.php?rest_route=\/wp\/v2\/users\/4"}],"replies":[{"embeddable":true,"href":"https:\/\/www.africanchallenges.com\/index.php?rest_route=%2Fwp%2Fv2%2Fcomments&post=72146"}],"version-history":[{"count":1,"href":"https:\/\/www.africanchallenges.com\/index.php?rest_route=\/wp\/v2\/posts\/72146\/revisions"}],"predecessor-version":[{"id":72148,"href":"https:\/\/www.africanchallenges.com\/index.php?rest_route=\/wp\/v2\/posts\/72146\/revisions\/72148"}],"wp:featuredmedia":[{"embeddable":true,"href":"https:\/\/www.africanchallenges.com\/index.php?rest_route=\/wp\/v2\/media\/72147"}],"wp:attachment":[{"href":"https:\/\/www.africanchallenges.com\/index.php?rest_route=%2Fwp%2Fv2%2Fmedia&parent=72146"}],"wp:term":[{"taxonomy":"category","embeddable":true,"href":"https:\/\/www.africanchallenges.com\/index.php?rest_route=%2Fwp%2Fv2%2Fcategories&post=72146"},{"taxonomy":"post_tag","embeddable":true,"href":"https:\/\/www.africanchallenges.com\/index.php?rest_route=%2Fwp%2Fv2%2Ftags&post=72146"}],"curies":[{"name":"wp","href":"https:\/\/api.w.org\/{rel}","templated":true}]}}