{"id":72110,"date":"2026-04-02T08:15:00","date_gmt":"2026-04-02T07:15:00","guid":{"rendered":"https:\/\/www.africanchallenges.com\/?p=72110"},"modified":"2026-04-01T21:38:30","modified_gmt":"2026-04-01T20:38:30","slug":"tunisie-conseil-des-universites-focus-sur-la-qualite-des-formations-et-les-nouvelles-reformes","status":"publish","type":"post","link":"https:\/\/www.africanchallenges.com\/?p=72110","title":{"rendered":"Tunisie-Conseil des Universit\u00e9s : focus sur la qualit\u00e9 des formations et les nouvelles r\u00e9formes"},"content":{"rendered":"\n<p class=\"wp-block-paragraph\">Le ministre de l\u2019Enseignement sup\u00e9rieur et de la Recherche scientifique, M. Moncef Bela\u00efd, a pr\u00e9sid\u00e9, ce 1er avril 2026, \u00e0 la Cit\u00e9 des Sciences \u00e0 Tunis, une r\u00e9union du Conseil des Universit\u00e9s, en pr\u00e9sence du chef de cabinet, M. Mourad Belassoued, des pr\u00e9sidentes et pr\u00e9sidents d\u2019universit\u00e9s ainsi que de l\u2019ensemble des membres du Conseil.<\/p>\n\n\n\n<p class=\"wp-block-paragraph\">Les travaux ont d\u00e9but\u00e9 par une \u00e9valuation des examens du premier semestre et un examen des conditions de d\u00e9marrage du deuxi\u00e8me semestre de l\u2019ann\u00e9e universitaire 2025-2026. Le Conseil a \u00e9galement abord\u00e9 la question de la gouvernance des travaux des commissions de doctorat et d\u2019habilitation, ainsi que celle de l\u2019accr\u00e9ditation et de la r\u00e9accr\u00e9ditation des \u00e9tablissements universitaires pour la d\u00e9livrance des dipl\u00f4mes de doctorat et d\u2019habilitation universitaire.<\/p>\n\n\n\n<p class=\"wp-block-paragraph\">Par ailleurs, les membres du Conseil ont examin\u00e9 un projet de d\u00e9cision relatif au r\u00e9gime des \u00e9tudes et des examens \u00e0 l\u2019\u00c9cole nationale des sciences de l\u2019informatique, en vue de l\u2019obtention du dipl\u00f4me national d\u2019ing\u00e9nieur, ainsi que la normalisation des crit\u00e8res d\u2019octroi de l\u2019habilitation universitaire.<\/p>\n\n\n\n<p class=\"wp-block-paragraph\">Le Conseil s\u2019est \u00e9galement pench\u00e9 sur un projet de r\u00e9vision du d\u00e9cret n\u00b0516 de 1973, relatif \u00e0 l\u2019organisation de la vie universitaire. Il a, en outre, suivi l\u2019\u00e9tat d\u2019avancement de la campagne d\u2019accr\u00e9ditation pour l\u2019ann\u00e9e universitaire 2026-2027, ainsi que le processus d\u2019\u00e9laboration du r\u00e9f\u00e9rentiel national des dipl\u00f4mes universitaires.<\/p>\n\n\n\n<p class=\"wp-block-paragraph\">Enfin, les discussions ont port\u00e9 sur une proposition de changement d\u2019appellation de l\u2019Institut sup\u00e9rieur des \u00e9tudes juridiques de Gab\u00e8s, ainsi que sur l\u2019int\u00e9gration d\u2019un centre r\u00e9gional de recherche sur les grandes cultures parmi les \u00e9tablissements universitaires relevant de l\u2019Universit\u00e9 de Jendouba.<\/p>\n\n\n\n<p class=\"wp-block-paragraph\"><strong>Avec Communiqu\u00e9<\/strong><\/p>\n","protected":false},"excerpt":{"rendered":"<p>Le ministre de l\u2019Enseignement sup\u00e9rieur et de la Recherche scientifique, M. Moncef Bela\u00efd, a pr\u00e9sid\u00e9, ce 1er avril 2026, \u00e0 la Cit\u00e9 des Sciences \u00e0 Tunis, une r\u00e9union du Conseil des Universit\u00e9s, en pr\u00e9sence du chef de cabinet, M. Mourad Belassoued, des pr\u00e9sidentes et pr\u00e9sidents d\u2019universit\u00e9s ainsi que de l\u2019ensemble des membres du Conseil. Les [&hellip;]<\/p>\n","protected":false},"author":4,"featured_media":72111,"comment_status":"open","ping_status":"closed","sticky":false,"template":"","format":"standard","meta":{"content-type":"","jnews-multi-image_gallery":[],"jnews_single_post":{"format":"standard"},"jnews_primary_category":[],"jnews_override_bookmark_settings":[],"jnews_review":[],"enable_review":"","type":"","name":"","summary":"","brand":"","sku":"","good":[],"bad":[],"score_override":"","override_value":"","rating":[],"price":[],"jnews_post_split":[],"footnotes":""},"categories":[5],"tags":[14389,12241,952,54],"class_list":["post-72110","post","type-post","status-publish","format-standard","has-post-thumbnail","hentry","category-edufor","tag-conseil-des-universites","tag-formations","tag-reformes","tag-tunisie"],"_links":{"self":[{"href":"https:\/\/www.africanchallenges.com\/index.php?rest_route=\/wp\/v2\/posts\/72110","targetHints":{"allow":["GET"]}}],"collection":[{"href":"https:\/\/www.africanchallenges.com\/index.php?rest_route=\/wp\/v2\/posts"}],"about":[{"href":"https:\/\/www.africanchallenges.com\/index.php?rest_route=\/wp\/v2\/types\/post"}],"author":[{"embeddable":true,"href":"https:\/\/www.africanchallenges.com\/index.php?rest_route=\/wp\/v2\/users\/4"}],"replies":[{"embeddable":true,"href":"https:\/\/www.africanchallenges.com\/index.php?rest_route=%2Fwp%2Fv2%2Fcomments&post=72110"}],"version-history":[{"count":1,"href":"https:\/\/www.africanchallenges.com\/index.php?rest_route=\/wp\/v2\/posts\/72110\/revisions"}],"predecessor-version":[{"id":72112,"href":"https:\/\/www.africanchallenges.com\/index.php?rest_route=\/wp\/v2\/posts\/72110\/revisions\/72112"}],"wp:featuredmedia":[{"embeddable":true,"href":"https:\/\/www.africanchallenges.com\/index.php?rest_route=\/wp\/v2\/media\/72111"}],"wp:attachment":[{"href":"https:\/\/www.africanchallenges.com\/index.php?rest_route=%2Fwp%2Fv2%2Fmedia&parent=72110"}],"wp:term":[{"taxonomy":"category","embeddable":true,"href":"https:\/\/www.africanchallenges.com\/index.php?rest_route=%2Fwp%2Fv2%2Fcategories&post=72110"},{"taxonomy":"post_tag","embeddable":true,"href":"https:\/\/www.africanchallenges.com\/index.php?rest_route=%2Fwp%2Fv2%2Ftags&post=72110"}],"curies":[{"name":"wp","href":"https:\/\/api.w.org\/{rel}","templated":true}]}}