{"id":72101,"date":"2026-04-01T21:00:34","date_gmt":"2026-04-01T20:00:34","guid":{"rendered":"https:\/\/www.africanchallenges.com\/?p=72101"},"modified":"2026-04-01T21:00:35","modified_gmt":"2026-04-01T20:00:35","slug":"tunisie-niger-des-perspectives-prometteuses-pour-le-developpement-des-relations-economiques-et-du-partenariat","status":"publish","type":"post","link":"https:\/\/www.africanchallenges.com\/?p=72101","title":{"rendered":"Tunisie \u2013 Niger : des perspectives prometteuses pour le d\u00e9veloppement des relations \u00e9conomiques et du partenariat"},"content":{"rendered":"\n<p class=\"wp-block-paragraph\">Le mercredi 1er avril 2026, le ministre du Commerce et du D\u00e9veloppement des exportations, M. Samir Abid, et le ministre du Commerce et de l\u2019Industrie de la R\u00e9publique du Niger, M. Abdoulaye Seydou, ont pr\u00e9sid\u00e9 le Forum des hommes d\u2019affaires tuniso-nig\u00e9rien, tenu au si\u00e8ge du Centre de Promotion des Exportations (CEPEX), en pr\u00e9sence du Pr\u00e9sident-Directeur G\u00e9n\u00e9ral du Centre, de l\u2019ambassadeur du Niger en Tunisie (r\u00e9sidant \u00e0 Alger), ainsi que d\u2019un groupe d\u2019hommes d\u2019affaires des deux pays.<\/p>\n\n\n\n<p class=\"wp-block-paragraph\">\u00c0 cette occasion, M. Samir Abid a soulign\u00e9 que l\u2019organisation de ce forum, r\u00e9unissant des d\u00e9l\u00e9gations officielles et des op\u00e9rateurs \u00e9conomiques, refl\u00e8te l\u2019int\u00e9r\u00eat du Niger pour le renforcement des relations \u00e9conomiques et commerciales avec la Tunisie, ainsi que la volont\u00e9 commune de porter la coop\u00e9ration bilat\u00e9rale et le partenariat \u00e0 des niveaux sup\u00e9rieurs, en phase avec les aspirations des deux peuples.<\/p>\n\n\n\n<p class=\"wp-block-paragraph\">Le ministre a \u00e9galement rappel\u00e9 que la Tunisie a fait le choix strat\u00e9gique de s\u2019ancrer davantage dans l\u2019espace africain et de renforcer son int\u00e9gration. \u00c0 ce titre, elle figure parmi les premiers pays \u00e0 avoir particip\u00e9 \u00e0 l\u2019initiative commerciale li\u00e9e \u00e0 la Zone de libre-\u00e9change continentale africaine (ZLECAf), avec pr\u00e8s de 400 op\u00e9rations d\u2019exportation r\u00e9alis\u00e9es par des entreprises tunisiennes vers les march\u00e9s africains, notamment dans des secteurs \u00e0 forte valeur ajout\u00e9e tels que les composants m\u00e9caniques et \u00e9lectroniques, le textile et habillement, ainsi que les industries agroalimentaires.<\/p>\n\n\n\n<p class=\"wp-block-paragraph\">Par ailleurs, M. Samir Abid a indiqu\u00e9 que le volume des \u00e9changes commerciaux entre la Tunisie et le Niger demeure en de\u00e7\u00e0 des potentialit\u00e9s existantes, compte tenu des besoins du march\u00e9 nig\u00e9rien, de l\u2019expertise industrielle tunisienne et des opportunit\u00e9s offertes par la ZLECAf. Il a appel\u00e9 \u00e0 structurer et diversifier les \u00e9changes dans les deux sens, \u00e0 encourager les partenariats industriels et \u00e0 faciliter les investissements, des orientations partag\u00e9es par son homologue nig\u00e9rien.<\/p>\n\n\n\n<p class=\"wp-block-paragraph\">Dans ce contexte, le ministre a soulign\u00e9 que l\u2019ouverture vers les pays d\u2019Afrique subsaharienne constitue un enjeu strat\u00e9gique majeur. Il a annonc\u00e9 le lancement d\u2019un projet de corridor terrestre continental, en coordination avec la Libye, reliant le poste frontalier de Ras Jedir aux pays d\u2019Afrique subsaharienne, notamment le Niger, le Tchad, le Mali, le Burkina Faso et la R\u00e9publique centrafricaine.<\/p>\n\n\n\n<p class=\"wp-block-paragraph\">Ce projet permettra de r\u00e9duire les co\u00fbts et les d\u00e9lais d\u2019exportation, de surmonter les contraintes logistiques et de transport, tout en contribuant \u00e0 renforcer l\u2019int\u00e9gration \u00e9conomique africaine.<\/p>\n\n\n\n<p class=\"wp-block-paragraph\"><strong>Source : Communiqu\u00e9<\/strong><\/p>\n","protected":false},"excerpt":{"rendered":"<p>Le mercredi 1er avril 2026, le ministre du Commerce et du D\u00e9veloppement des exportations, M. Samir Abid, et le ministre du Commerce et de l\u2019Industrie de la R\u00e9publique du Niger, M. Abdoulaye Seydou, ont pr\u00e9sid\u00e9 le Forum des hommes d\u2019affaires tuniso-nig\u00e9rien, tenu au si\u00e8ge du Centre de Promotion des Exportations (CEPEX), en pr\u00e9sence du Pr\u00e9sident-Directeur [&hellip;]<\/p>\n","protected":false},"author":4,"featured_media":72102,"comment_status":"open","ping_status":"closed","sticky":false,"template":"","format":"standard","meta":{"content-type":"","jnews-multi-image_gallery":[],"jnews_single_post":{"format":"standard"},"jnews_primary_category":[],"jnews_override_bookmark_settings":[],"jnews_review":[],"enable_review":"","type":"","name":"","summary":"","brand":"","sku":"","good":[],"bad":[],"score_override":"","override_value":"","rating":[],"price":[],"jnews_post_split":[],"footnotes":""},"categories":[43,73],"tags":[2251,205,355,6561,54],"class_list":["post-72101","post","type-post","status-publish","format-standard","has-post-thumbnail","hentry","category-eco-business","category-eco","tag-developpement-2","tag-niger","tag-partenariat","tag-relations-economiques","tag-tunisie"],"_links":{"self":[{"href":"https:\/\/www.africanchallenges.com\/index.php?rest_route=\/wp\/v2\/posts\/72101","targetHints":{"allow":["GET"]}}],"collection":[{"href":"https:\/\/www.africanchallenges.com\/index.php?rest_route=\/wp\/v2\/posts"}],"about":[{"href":"https:\/\/www.africanchallenges.com\/index.php?rest_route=\/wp\/v2\/types\/post"}],"author":[{"embeddable":true,"href":"https:\/\/www.africanchallenges.com\/index.php?rest_route=\/wp\/v2\/users\/4"}],"replies":[{"embeddable":true,"href":"https:\/\/www.africanchallenges.com\/index.php?rest_route=%2Fwp%2Fv2%2Fcomments&post=72101"}],"version-history":[{"count":1,"href":"https:\/\/www.africanchallenges.com\/index.php?rest_route=\/wp\/v2\/posts\/72101\/revisions"}],"predecessor-version":[{"id":72103,"href":"https:\/\/www.africanchallenges.com\/index.php?rest_route=\/wp\/v2\/posts\/72101\/revisions\/72103"}],"wp:featuredmedia":[{"embeddable":true,"href":"https:\/\/www.africanchallenges.com\/index.php?rest_route=\/wp\/v2\/media\/72102"}],"wp:attachment":[{"href":"https:\/\/www.africanchallenges.com\/index.php?rest_route=%2Fwp%2Fv2%2Fmedia&parent=72101"}],"wp:term":[{"taxonomy":"category","embeddable":true,"href":"https:\/\/www.africanchallenges.com\/index.php?rest_route=%2Fwp%2Fv2%2Fcategories&post=72101"},{"taxonomy":"post_tag","embeddable":true,"href":"https:\/\/www.africanchallenges.com\/index.php?rest_route=%2Fwp%2Fv2%2Ftags&post=72101"}],"curies":[{"name":"wp","href":"https:\/\/api.w.org\/{rel}","templated":true}]}}