{"id":72081,"date":"2026-04-01T17:06:14","date_gmt":"2026-04-01T16:06:14","guid":{"rendered":"https:\/\/www.africanchallenges.com\/?p=72081"},"modified":"2026-04-01T17:06:16","modified_gmt":"2026-04-01T16:06:16","slug":"tunisie-la-chambre-tuniso-belgo-luxembourgeoise-renforce-sa-gouvernance-avec-un-nouveau-conseil-dadministration","status":"publish","type":"post","link":"https:\/\/www.africanchallenges.com\/?p=72081","title":{"rendered":"Tunisie : La Chambre Tuniso-Belgo-Luxembourgeoise renforce sa gouvernance avec un nouveau Conseil d\u2019Administration"},"content":{"rendered":"\n<p class=\"wp-block-paragraph\">L\u2019Assembl\u00e9e g\u00e9n\u00e9rale de la Chambre de Commerce Tuniso-Belgo-Luxembourgeoise, qui s\u2019est r\u00e9unie le 31 Mars \u00e0 l\u2019IACE, a \u00e9lu un nouveau Conseil d\u2019Administration, pour un mandat de 3 ans.<\/p>\n\n\n\n<p class=\"wp-block-paragraph\"><strong>Les nouveaux membres du conseil sont:<\/strong><\/p>\n\n\n\n<p class=\"wp-block-paragraph\">Kais FEKIH : Pr\u00e9sident<\/p>\n\n\n\n<p class=\"wp-block-paragraph\">Nadine Muys : Administrateur<\/p>\n\n\n\n<p class=\"wp-block-paragraph\">Rym Jaouchi : Secr\u00e9taire g\u00e9n\u00e9rale<\/p>\n\n\n\n<p class=\"wp-block-paragraph\">Tony Vanwijnsberghe : Administrateur<\/p>\n\n\n\n<p class=\"wp-block-paragraph\">Samir Ben Abdallah Vice-pr\u00e9sident<\/p>\n\n\n\n<p class=\"wp-block-paragraph\">Mahmoud BEN SALAH : Tr\u00e9sorier<\/p>\n\n\n\n<p class=\"wp-block-paragraph\">Hedi Bahri : Administrateur<\/p>\n\n\n\n<p class=\"wp-block-paragraph\">Slim Kechaou : Administrateur<\/p>\n\n\n\n<p class=\"wp-block-paragraph\">Hassen Sellami : Administrateur<\/p>\n\n\n\n<p class=\"wp-block-paragraph\">Yassine Maazoun : Administrateur<\/p>\n","protected":false},"excerpt":{"rendered":"<p>L\u2019Assembl\u00e9e g\u00e9n\u00e9rale de la Chambre de Commerce Tuniso-Belgo-Luxembourgeoise, qui s\u2019est r\u00e9unie le 31 Mars \u00e0 l\u2019IACE, a \u00e9lu un nouveau Conseil d\u2019Administration, pour un mandat de 3 ans. Les nouveaux membres du conseil sont: Kais FEKIH : Pr\u00e9sident Nadine Muys : Administrateur Rym Jaouchi : Secr\u00e9taire g\u00e9n\u00e9rale Tony Vanwijnsberghe : Administrateur Samir Ben Abdallah Vice-pr\u00e9sident [&hellip;]<\/p>\n","protected":false},"author":4,"featured_media":72082,"comment_status":"open","ping_status":"closed","sticky":false,"template":"","format":"standard","meta":{"content-type":"","jnews-multi-image_gallery":[],"jnews_single_post":{"format":"standard"},"jnews_primary_category":[],"jnews_override_bookmark_settings":[],"jnews_review":[],"enable_review":"","type":"","name":"","summary":"","brand":"","sku":"","good":[],"bad":[],"score_override":"","override_value":"","rating":[],"price":[],"jnews_post_split":[],"footnotes":""},"categories":[2],"tags":[3621,4523,17547],"class_list":["post-72081","post","type-post","status-publish","format-standard","has-post-thumbnail","hentry","category-news-politique","tag-chambre-de-commerce-tuniso-belgo-luxembourgeoise","tag-conseil-dadministration","tag-election-3"],"_links":{"self":[{"href":"https:\/\/www.africanchallenges.com\/index.php?rest_route=\/wp\/v2\/posts\/72081","targetHints":{"allow":["GET"]}}],"collection":[{"href":"https:\/\/www.africanchallenges.com\/index.php?rest_route=\/wp\/v2\/posts"}],"about":[{"href":"https:\/\/www.africanchallenges.com\/index.php?rest_route=\/wp\/v2\/types\/post"}],"author":[{"embeddable":true,"href":"https:\/\/www.africanchallenges.com\/index.php?rest_route=\/wp\/v2\/users\/4"}],"replies":[{"embeddable":true,"href":"https:\/\/www.africanchallenges.com\/index.php?rest_route=%2Fwp%2Fv2%2Fcomments&post=72081"}],"version-history":[{"count":1,"href":"https:\/\/www.africanchallenges.com\/index.php?rest_route=\/wp\/v2\/posts\/72081\/revisions"}],"predecessor-version":[{"id":72083,"href":"https:\/\/www.africanchallenges.com\/index.php?rest_route=\/wp\/v2\/posts\/72081\/revisions\/72083"}],"wp:featuredmedia":[{"embeddable":true,"href":"https:\/\/www.africanchallenges.com\/index.php?rest_route=\/wp\/v2\/media\/72082"}],"wp:attachment":[{"href":"https:\/\/www.africanchallenges.com\/index.php?rest_route=%2Fwp%2Fv2%2Fmedia&parent=72081"}],"wp:term":[{"taxonomy":"category","embeddable":true,"href":"https:\/\/www.africanchallenges.com\/index.php?rest_route=%2Fwp%2Fv2%2Fcategories&post=72081"},{"taxonomy":"post_tag","embeddable":true,"href":"https:\/\/www.africanchallenges.com\/index.php?rest_route=%2Fwp%2Fv2%2Ftags&post=72081"}],"curies":[{"name":"wp","href":"https:\/\/api.w.org\/{rel}","templated":true}]}}