{"id":71942,"date":"2026-03-30T17:04:26","date_gmt":"2026-03-30T16:04:26","guid":{"rendered":"https:\/\/www.africanchallenges.com\/?p=71942"},"modified":"2026-03-30T17:46:36","modified_gmt":"2026-03-30T16:46:36","slug":"fita2026-une-9%e1%b5%89-edition-ambitieuse-au-service-du-developpement-des-chaines-de-valeur-africaines-2","status":"publish","type":"post","link":"https:\/\/www.africanchallenges.com\/?p=71942","title":{"rendered":"FITA2026 : Une 9\u1d49\u00a0\u00e9dition ambitieuse au service du d\u00e9veloppement des cha\u00eenes de valeur africaines"},"content":{"rendered":"\n<p class=\"wp-block-paragraph\">Dans le cadre des pr\u00e9paratifs de&nbsp;<strong>la 9<\/strong><strong>\u1d49&nbsp;<\/strong><strong>\u00e9dition de la Conf\u00e9rence internationale Financing Investment and Trade in Africa \u2013 FITA2026, qui se tiendra les 28 et 29 avril 2026 \u00e0 Tunis, sous le Haut Patronage de Son Excellence le Pr\u00e9sident de la R\u00e9publique tunisienne<\/strong>, le&nbsp;<strong>Tunisia Africa Business Council (TABC)&nbsp;<\/strong>a organis\u00e9, le mercredi 25 mars 2026 \u00e0 son si\u00e8ge, une conf\u00e9rence de presse consacr\u00e9e \u00e0 la pr\u00e9sentation de cette nouvelle \u00e9dition.<\/p>\n\n\n\n<p class=\"wp-block-paragraph\">Cette rencontre avec les m\u00e9dias a \u00e9t\u00e9 l\u2019occasion de d\u00e9voiler les grandes orientations de FITA2026, plac\u00e9e&nbsp;<strong>sous le th\u00e8me : \u00ab Cha\u00eenes de valeur africaines : d\u00e9velopper des leviers strat\u00e9giques pour la transformation du continent \u00bb<\/strong><\/p>\n\n\n\n<p class=\"wp-block-paragraph\">Dans un contexte o\u00f9 l\u2019Afrique cherche \u00e0 renforcer son industrialisation, \u00e0 valoriser ses ressources localement et \u00e0 acc\u00e9l\u00e9rer son int\u00e9gration \u00e9conomique,&nbsp;<strong>FITA2026<\/strong>&nbsp;met l\u2019accent sur le r\u00f4le structurant des cha\u00eenes de valeur en tant que moteur de transformation \u00e9conomique, de cr\u00e9ation d\u2019emplois qualifi\u00e9s et de d\u00e9veloppement durable.<\/p>\n\n\n\n<p class=\"wp-block-paragraph\"><strong>Un<\/strong><strong>&nbsp;programme riche et structur\u00e9 autour des enjeux cl\u00e9s du continent<\/strong><\/p>\n\n\n\n<p class=\"wp-block-paragraph\">v&nbsp;&nbsp;Le programme de FITA2026 s\u2019articule autour de plus de 30 sessions r\u00e9parties sur deux journ\u00e9es, comprenant :<\/p>\n\n\n\n<p class=\"wp-block-paragraph\">v&nbsp;&nbsp;<strong>Des panels minist\u00e9riels et strat\u00e9giques<\/strong>&nbsp;consacr\u00e9s aux infrastructures, \u00e0 l\u2019industrialisation, au financement et au commerce intra-africain<\/p>\n\n\n\n<p class=\"wp-block-paragraph\">v&nbsp;&nbsp;<strong>Des panels<\/strong>&nbsp;th\u00e9matiques abordant notamment les corridors \u00e9nerg\u00e9tiques, l\u2019intelligence artificielle, le droit de l\u2019investissement et les technologies vertes<\/p>\n\n\n\n<p class=\"wp-block-paragraph\">v&nbsp;&nbsp;<strong>Plusieurs side events<\/strong>&nbsp;organis\u00e9s avec des partenaires internationaux, mettant en avant des opportunit\u00e9s concr\u00e8tes d\u2019investissement, notamment avec le Canada (pays invit\u00e9 d\u2019honneur), la Guin\u00e9e (pays invit\u00e9 d\u2019honneur africain), ainsi que plusieurs pays africains<\/p>\n\n\n\n<p class=\"wp-block-paragraph\">v&nbsp;&nbsp;<strong>Plusieurs workshops \u00e0 forte valeur ajout\u00e9e&nbsp;<\/strong>portant sur l\u2019innovation, l\u2019entrepreneuriat, le textile, l\u2019emploi et les startups africaines<\/p>\n\n\n\n<p class=\"wp-block-paragraph\">v&nbsp;&nbsp;<strong>Une Deal Room<\/strong>&nbsp;d\u00e9di\u00e9e \u00e0 la mise en relation entre porteurs de projets et investisseurs, \u00e0 travers des rencontres cibl\u00e9es favorisant la concr\u00e9tisation de partenariats<\/p>\n\n\n\n<p class=\"wp-block-paragraph\">v&nbsp;&nbsp;<strong>Des rencontres BtoB, BtoG et BtoI<\/strong>&nbsp;visant \u00e0 renforcer les \u00e9changes \u00e9conomiques et les opportunit\u00e9s d\u2019affaires<\/p>\n\n\n\n<p class=\"wp-block-paragraph\">Le programme pr\u00e9voit \u00e9galement une c\u00e9r\u00e9monie de signature de conventions de partenariat, ainsi qu\u2019une session de cl\u00f4ture consacr\u00e9e aux recommandations strat\u00e9giques et aux perspectives futures.<\/p>\n\n\n\n<p class=\"wp-block-paragraph\"><strong>Une forte mobilisation international<\/strong><\/p>\n\n\n\n<p class=\"wp-block-paragraph\"><strong>FITA2026&nbsp;<\/strong>se distingue par une mobilisation internationale de haut niveau, avec la participation attendue de d\u00e9cideurs publics, d\u2019institutions financi\u00e8res, d\u2019investisseurs, de patronats, de chambres de commerce, d\u2019entreprises et d\u2019experts, en provenance de plusieurs pays africains, europ\u00e9ens, am\u00e9ricains et asiatiques.<\/p>\n\n\n\n<p class=\"wp-block-paragraph\">Deux pays seront particuli\u00e8rement \u00e0 l\u2019honneur lors de cette \u00e9dition :<\/p>\n\n\n\n<p class=\"wp-block-paragraph\">\u00b7&nbsp;&nbsp;&nbsp;&nbsp;&nbsp;&nbsp;&nbsp;&nbsp;&nbsp;<strong>Le Canada, en tant que pays invit\u00e9 d\u2019honneur international<\/strong><\/p>\n\n\n\n<p class=\"wp-block-paragraph\">\u00b7&nbsp;&nbsp;&nbsp;&nbsp;&nbsp;&nbsp;&nbsp;&nbsp;&nbsp;<strong>La Guin\u00e9e, en tant que pays invit\u00e9 d\u2019honneur africain<\/strong><\/p>\n\n\n\n<p class=\"wp-block-paragraph\">Plusieurs d\u00e9l\u00e9gations officielles et \u00e9conomiques prendront \u00e9galement part \u00e0 l\u2019\u00e9v\u00e9nement, t\u00e9moignant de l\u2019int\u00e9r\u00eat croissant pour le d\u00e9veloppement de partenariats \u00e9conomiques structurants \u00e0 l\u2019\u00e9chelle du continent.<\/p>\n\n\n\n<p class=\"wp-block-paragraph\"><strong>Un<\/strong><strong>&nbsp;appel \u00e0 la mobilisation des entreprises tunisiennes<\/strong><\/p>\n\n\n\n<p class=\"wp-block-paragraph\">\u00c0 travers&nbsp;<strong>FITA2026,<\/strong>&nbsp;le&nbsp;<strong>Tunisia Africa Business Council<\/strong>&nbsp;lance un appel fort aux entreprises tunisiennes, tous secteurs confondus, \u00e0 saisir pleinement les opportunit\u00e9s offertes par cette plateforme unique.<\/p>\n\n\n\n<p class=\"wp-block-paragraph\">Dans un contexte o\u00f9 l\u2019Afrique constitue un march\u00e9 en pleine croissance et un espace strat\u00e9gique pour le d\u00e9veloppement des exportations, l\u2019internationalisation et l\u2019investissement,&nbsp;<strong>FITA2026&nbsp;<\/strong>repr\u00e9sente une opportunit\u00e9 concr\u00e8te pour :<\/p>\n\n\n\n<p class=\"wp-block-paragraph\">\u00fc&nbsp;&nbsp;Identifier de nouveaux march\u00e9s et partenaires en Afrique<\/p>\n\n\n\n<p class=\"wp-block-paragraph\">\u00fc&nbsp;&nbsp;Acc\u00e9der \u00e0 des projets structurants \u00e0 fort potentiel d\u2019investissement<\/p>\n\n\n\n<p class=\"wp-block-paragraph\">\u00fc&nbsp;&nbsp;Renforcer leur positionnement dans les cha\u00eenes de valeur africaines<\/p>\n\n\n\n<p class=\"wp-block-paragraph\">\u00fc&nbsp;&nbsp;D\u00e9velopper des partenariats industriels, commerciaux et financiers durables<\/p>\n\n\n\n<p class=\"wp-block-paragraph\">\u00fc&nbsp;&nbsp;B\u00e9n\u00e9ficier de rencontres cibl\u00e9es avec des d\u00e9cideurs publics, des investisseurs et des institutions internationales<\/p>\n\n\n\n<p class=\"wp-block-paragraph\">Le&nbsp;<strong>TABC<\/strong>&nbsp;encourage ainsi vivement les op\u00e9rateurs \u00e9conomiques tunisiens \u00e0 participer activement \u00e0 cette \u00e9dition, \u00e0 s\u2019inscrire d\u00e8s \u00e0 pr\u00e9sent et \u00e0 tirer pleinement profit des nombreuses opportunit\u00e9s de networking, de financement et de d\u00e9veloppement de projets.<\/p>\n\n\n\n<p class=\"wp-block-paragraph\"><strong>Lien d\u2019i<\/strong><strong>nscription:&nbsp;<\/strong><a rel=\"noreferrer noopener\" target=\"_blank\" href=\"http:\/\/www.fita2026.com\/\"><strong>www.fita2026.com<\/strong><\/a><\/p>\n\n\n\n<p class=\"wp-block-paragraph\"><strong>Avec Communiqu\u00e9<\/strong><\/p>\n","protected":false},"excerpt":{"rendered":"<p>Dans le cadre des pr\u00e9paratifs de&nbsp;la 9\u1d49&nbsp;\u00e9dition de la Conf\u00e9rence internationale Financing Investment and Trade in Africa \u2013 FITA2026, qui se tiendra les 28 et 29 avril 2026 \u00e0 Tunis, sous le Haut Patronage de Son Excellence le Pr\u00e9sident de la R\u00e9publique tunisienne, le&nbsp;Tunisia Africa Business Council (TABC)&nbsp;a organis\u00e9, le mercredi 25 mars 2026 \u00e0 [&hellip;]<\/p>\n","protected":false},"author":4,"featured_media":71946,"comment_status":"open","ping_status":"closed","sticky":false,"template":"","format":"standard","meta":{"content-type":"","jnews-multi-image_gallery":[],"jnews_single_post":{"format":"standard"},"jnews_primary_category":[],"jnews_override_bookmark_settings":[],"jnews_review":[],"enable_review":"","type":"","name":"","summary":"","brand":"","sku":"","good":[],"bad":[],"score_override":"","override_value":"","rating":[],"price":[],"jnews_post_split":[],"footnotes":""},"categories":[43,73],"tags":[17911,2251,17185,54],"class_list":["post-71942","post","type-post","status-publish","format-standard","has-post-thumbnail","hentry","category-eco-business","category-eco","tag-chaines-de-valeur-africaines","tag-developpement-2","tag-fita2026","tag-tunisie"],"_links":{"self":[{"href":"https:\/\/www.africanchallenges.com\/index.php?rest_route=\/wp\/v2\/posts\/71942","targetHints":{"allow":["GET"]}}],"collection":[{"href":"https:\/\/www.africanchallenges.com\/index.php?rest_route=\/wp\/v2\/posts"}],"about":[{"href":"https:\/\/www.africanchallenges.com\/index.php?rest_route=\/wp\/v2\/types\/post"}],"author":[{"embeddable":true,"href":"https:\/\/www.africanchallenges.com\/index.php?rest_route=\/wp\/v2\/users\/4"}],"replies":[{"embeddable":true,"href":"https:\/\/www.africanchallenges.com\/index.php?rest_route=%2Fwp%2Fv2%2Fcomments&post=71942"}],"version-history":[{"count":2,"href":"https:\/\/www.africanchallenges.com\/index.php?rest_route=\/wp\/v2\/posts\/71942\/revisions"}],"predecessor-version":[{"id":71948,"href":"https:\/\/www.africanchallenges.com\/index.php?rest_route=\/wp\/v2\/posts\/71942\/revisions\/71948"}],"wp:featuredmedia":[{"embeddable":true,"href":"https:\/\/www.africanchallenges.com\/index.php?rest_route=\/wp\/v2\/media\/71946"}],"wp:attachment":[{"href":"https:\/\/www.africanchallenges.com\/index.php?rest_route=%2Fwp%2Fv2%2Fmedia&parent=71942"}],"wp:term":[{"taxonomy":"category","embeddable":true,"href":"https:\/\/www.africanchallenges.com\/index.php?rest_route=%2Fwp%2Fv2%2Fcategories&post=71942"},{"taxonomy":"post_tag","embeddable":true,"href":"https:\/\/www.africanchallenges.com\/index.php?rest_route=%2Fwp%2Fv2%2Ftags&post=71942"}],"curies":[{"name":"wp","href":"https:\/\/api.w.org\/{rel}","templated":true}]}}