{"id":71847,"date":"2026-03-25T23:53:28","date_gmt":"2026-03-25T22:53:28","guid":{"rendered":"https:\/\/www.africanchallenges.com\/?p=71847"},"modified":"2026-03-25T23:53:30","modified_gmt":"2026-03-25T22:53:30","slug":"clusters-et-cooperation-regionale-le-maghreb-au-coeur-du-dialogue-euromed-sur-linnovation","status":"publish","type":"post","link":"https:\/\/www.africanchallenges.com\/?p=71847","title":{"rendered":"Clusters et coop\u00e9ration r\u00e9gionale : le Maghreb au c\u0153ur du dialogue EuroMed sur l\u2019innovation"},"content":{"rendered":"\n<p class=\"wp-block-paragraph\">Le S\u00e9minaire EuroMed sur les politiques des clusters \u2013 \u00c9dition Maghreb s\u2019est tenu le mercredi 25 mars 2026 \u00e0 Tunis, r\u00e9unissant des d\u00e9cideurs politiques, des acteurs des secteurs public et priv\u00e9, des repr\u00e9sentants de clusters ainsi que des experts internationaux, autour du r\u00f4le strat\u00e9gique des clusters dans le renforcement de l\u2019industrialisation et de l\u2019innovation au Maghreb.<\/p>\n\n\n\n<p class=\"wp-block-paragraph\">La c\u00e9r\u00e9monie d\u2019ouverture a \u00e9t\u00e9 marqu\u00e9e par les interventions de Mme Afef Chachi Tayari Cheffe de cabinet du Minist\u00e8re de l\u2019Industrie, des Mines et de l\u2019\u00c9nergie, de M. Giuseppe Perrone, Ambassadeur de l\u2019Union europ\u00e9enne en Tunisie, de Mme Maryse Louis, D\u00e9l\u00e9gu\u00e9e G\u00e9n\u00e9ral du Forum Euro-M\u00e9diterran\u00e9en des Instituts de Sciences \u00c9conomiques (Femise Network), M. Tarek CHERIF, Pr\u00e9sident du r\u00e9seau ANIMA Investment Network et M. Omar Bouzouada, Directeur G\u00e9n\u00e9ral de l\u2019Agence de Promotion de l\u2019Industrie et de l\u2019Innovation (APII).<\/p>\n\n\n\n<p class=\"wp-block-paragraph\">Ce s\u00e9minaire a constitu\u00e9 une v\u00e9ritable plateforme de dialogue et de partage d\u2019exp\u00e9riences, permettant d\u2019identifier des solutions concr\u00e8tes pour renforcer la comp\u00e9titivit\u00e9 des clusters et consolider leur r\u00f4le dans le d\u00e9veloppement \u00e9conomique r\u00e9gional.<\/p>\n\n\n\n<p class=\"wp-block-paragraph\">Les \u00e9changes se sont articul\u00e9s autour de trois axes majeurs. Le premier a port\u00e9 sur la mont\u00e9e en gamme industrielle, l\u2019innovation et l\u2019int\u00e9gration dans les cha\u00eenes de valeur mondiales. \u00c0 cet \u00e9gard, il a \u00e9t\u00e9 soulign\u00e9 que les clusters sont appel\u00e9s \u00e0 \u00e9voluer vers des secteurs \u00e0 plus forte valeur ajout\u00e9e et \u00e0 adopter des technologies avanc\u00e9es afin de stimuler la comp\u00e9titivit\u00e9 et la cr\u00e9ation d\u2019emplois.<\/p>\n\n\n\n<p class=\"wp-block-paragraph\">Le deuxi\u00e8me axe a trait\u00e9 du financement de l\u2019innovation et de la mobilisation de l\u2019investissement priv\u00e9. Les discussions ont mis en \u00e9vidence la n\u00e9cessit\u00e9 de diversifier les sources de financement et de renforcer la confiance des investisseurs, dans le but de r\u00e9duire la d\u00e9pendance aux financements publics.<\/p>\n\n\n\n<p class=\"wp-block-paragraph\">Enfin, le troisi\u00e8me axe a abord\u00e9 le d\u00e9veloppement des comp\u00e9tences et le renforcement des synergies entre la recherche et l\u2019industrie, afin de mieux aligner les formations sur les besoins du march\u00e9 et de soutenir durablement l\u2019innovation ainsi que la transformation industrielle.<\/p>\n\n\n\n<p class=\"wp-block-paragraph\">Le s\u00e9minaire a adopt\u00e9 un format interactif, combinant des interventions d\u2019experts et des ateliers sectoriels consacr\u00e9s \u00e0 l\u2019industrie, au num\u00e9rique et \u00e0 l\u2019\u00e9nergie verte. Cette approche a permis aux participants d\u2019\u00e9changer leurs exp\u00e9riences, d\u2019identifier les meilleures pratiques et d\u2019explorer des solutions adapt\u00e9es aux sp\u00e9cificit\u00e9s nationales et r\u00e9gionales.<\/p>\n\n\n\n<p class=\"wp-block-paragraph\">Les clusters constituent un levier strat\u00e9gique pour la diversification industrielle, l\u2019innovation et l\u2019int\u00e9gration \u00e9conomique des pays du Maghreb dans les cha\u00eenes de valeur mondiales. Leur plein potentiel reste n\u00e9anmoins limit\u00e9 par des cadres r\u00e9glementaires fragment\u00e9s, un acc\u00e8s restreint au financement de l\u2019innovation et un d\u00e9calage entre les comp\u00e9tences disponibles et les besoins industriels. Ce s\u00e9minaire a offert une plateforme essentielle pour renforcer la coop\u00e9ration entre acteurs publics, priv\u00e9s et acad\u00e9miques et identifier des solutions concr\u00e8tes \u00e0 ces d\u00e9fis.<\/p>\n\n\n\n<p class=\"wp-block-paragraph\">L\u2019\u00e9v\u00e9nement a \u00e9galement mis en lumi\u00e8re les initiatives existantes en Tunisie, au Maroc et en Alg\u00e9rie dans des secteurs strat\u00e9giques tels que l\u2019automobile, l\u2019\u00e9lectronique, les \u00e9nergies renouvelables et les technologies num\u00e9riques. Il a permis d\u2019explorer des opportunit\u00e9s de partenariats \u00e0 l\u2019\u00e9chelle euro-m\u00e9diterran\u00e9enne, consolidant ainsi un \u00e9cosyst\u00e8me d\u2019innovation plus int\u00e9gr\u00e9 et performant dans la r\u00e9gion.<\/p>\n\n\n\n<p class=\"wp-block-paragraph\"><\/p>\n","protected":false},"excerpt":{"rendered":"<p>Le S\u00e9minaire EuroMed sur les politiques des clusters \u2013 \u00c9dition Maghreb s\u2019est tenu le mercredi 25 mars 2026 \u00e0 Tunis, r\u00e9unissant des d\u00e9cideurs politiques, des acteurs des secteurs public et priv\u00e9, des repr\u00e9sentants de clusters ainsi que des experts internationaux, autour du r\u00f4le strat\u00e9gique des clusters dans le renforcement de l\u2019industrialisation et de l\u2019innovation au [&hellip;]<\/p>\n","protected":false},"author":4,"featured_media":71848,"comment_status":"open","ping_status":"closed","sticky":false,"template":"","format":"standard","meta":{"content-type":"","jnews-multi-image_gallery":[],"jnews_single_post":{"format":"standard"},"jnews_primary_category":[],"jnews_override_bookmark_settings":[],"jnews_review":[],"enable_review":"","type":"","name":"","summary":"","brand":"","sku":"","good":[],"bad":[],"score_override":"","override_value":"","rating":[],"price":[],"jnews_post_split":[],"footnotes":""},"categories":[43,73],"tags":[17912,1232,2582],"class_list":["post-71847","post","type-post","status-publish","format-standard","has-post-thumbnail","hentry","category-eco-business","category-eco","tag-dialogue-euromed","tag-innovation","tag-maghreb"],"_links":{"self":[{"href":"https:\/\/www.africanchallenges.com\/index.php?rest_route=\/wp\/v2\/posts\/71847","targetHints":{"allow":["GET"]}}],"collection":[{"href":"https:\/\/www.africanchallenges.com\/index.php?rest_route=\/wp\/v2\/posts"}],"about":[{"href":"https:\/\/www.africanchallenges.com\/index.php?rest_route=\/wp\/v2\/types\/post"}],"author":[{"embeddable":true,"href":"https:\/\/www.africanchallenges.com\/index.php?rest_route=\/wp\/v2\/users\/4"}],"replies":[{"embeddable":true,"href":"https:\/\/www.africanchallenges.com\/index.php?rest_route=%2Fwp%2Fv2%2Fcomments&post=71847"}],"version-history":[{"count":1,"href":"https:\/\/www.africanchallenges.com\/index.php?rest_route=\/wp\/v2\/posts\/71847\/revisions"}],"predecessor-version":[{"id":71849,"href":"https:\/\/www.africanchallenges.com\/index.php?rest_route=\/wp\/v2\/posts\/71847\/revisions\/71849"}],"wp:featuredmedia":[{"embeddable":true,"href":"https:\/\/www.africanchallenges.com\/index.php?rest_route=\/wp\/v2\/media\/71848"}],"wp:attachment":[{"href":"https:\/\/www.africanchallenges.com\/index.php?rest_route=%2Fwp%2Fv2%2Fmedia&parent=71847"}],"wp:term":[{"taxonomy":"category","embeddable":true,"href":"https:\/\/www.africanchallenges.com\/index.php?rest_route=%2Fwp%2Fv2%2Fcategories&post=71847"},{"taxonomy":"post_tag","embeddable":true,"href":"https:\/\/www.africanchallenges.com\/index.php?rest_route=%2Fwp%2Fv2%2Ftags&post=71847"}],"curies":[{"name":"wp","href":"https:\/\/api.w.org\/{rel}","templated":true}]}}