{"id":71823,"date":"2026-03-24T22:30:00","date_gmt":"2026-03-24T21:30:00","guid":{"rendered":"https:\/\/www.africanchallenges.com\/?p=71823"},"modified":"2026-03-24T22:30:41","modified_gmt":"2026-03-24T21:30:41","slug":"tunisie-e-consulat-le-ministre-des-affaires-etrangeres-reunit-les-chefs-de-missions-consulaires-en-allemagne","status":"publish","type":"post","link":"https:\/\/www.africanchallenges.com\/?p=71823","title":{"rendered":"Tunisie \u2013 E-Consulat : le ministre des Affaires \u00e9trang\u00e8res r\u00e9unit les chefs de missions consulaires en Allemagne"},"content":{"rendered":"\n<p class=\"wp-block-paragraph\">M. Mohamed Ali Nafti, Ministre des Affaires Etrang\u00e8res, de la Migration et des Tunisiens \u00e0 l\u2019Etranger, a pr\u00e9sid\u00e9, le 24 mars 2026, \u00e0 l\u2019occasion de la visite officielle qu\u2019il effectue \u00e0 Berlin, une r\u00e9union au si\u00e8ge de l\u2019Ambassade de Tunisie avec les Chefs des Missions Consulaires \u00e0 D\u00fcsseldorf, Hambourg et Munich, ainsi que des repr\u00e9sentants de l\u2019Agence de Promotion de l\u2019Investissement Ext\u00e9rieur (FIPA) et du bureau de l\u2019Office National du Tourisme (ONTT) en Allemagne.<\/p>\n\n\n\n<p class=\"wp-block-paragraph\">Cette r\u00e9union a port\u00e9 sur le fonctionnement de ces Missions et sur les moyens de renforcer l\u2019efficacit\u00e9 de la performance consulaire, \u00e0 la lumi\u00e8re de l\u2019adoption de la \u00ab plateforme du consulat num\u00e9rique E-Consulat \u00bb et du \u00ab portail des services administratifs \u00e0 l\u2019\u00e9tranger \u00bb, ainsi que sur les pr\u00e9paratifs pour la saison estivale du retour des membres de la communaut\u00e9 tunisienne au pays.<\/p>\n\n\n\n<p class=\"wp-block-paragraph\">\u00c0 cette occasion, M. le Ministre a insist\u00e9 sur la n\u00e9cessit\u00e9 de renforcer la coordination entre l\u2019Ambassade et les missions consulaires et a recommand\u00e9 d\u2019intensifier les efforts pour mieux encadrer la communaut\u00e9 tunisienne, am\u00e9liorer les services qui lui sont fournis et renforcer la communication avec elle, conform\u00e9ment aux instructions de Son Excellence Monsieur le Pr\u00e9sident de la R\u00e9publique.<\/p>\n\n\n\n<p class=\"wp-block-paragraph\">Par ailleurs, la r\u00e9union a \u00e9galement abord\u00e9 les principales activit\u00e9s des structures tunisiennes accr\u00e9dit\u00e9es en Allemagne ainsi que les \u00e9v\u00e9nements \u00e9conomiques et touristiques programm\u00e9s au cours de l\u2019ann\u00e9e en cours, en plus des moyens de promouvoir davantage la coop\u00e9ration bilat\u00e9rale, notamment dans les domaines du tourisme, de l\u2019\u00e9conomie et de l\u2019investissement, d\u2019autant plus que la Tunisie et l\u2019Allemagne c\u00e9l\u00e8brent cette ann\u00e9e le 70e anniversaire de l\u2019\u00e9tablissement de leurs relations diplomatiques.<\/p>\n\n\n\n<p class=\"wp-block-paragraph\">M. le Ministre a r\u00e9affirm\u00e9 la n\u00e9cessit\u00e9 d\u2019assurer une bonne coordination entre les diff\u00e9rentes structures de l\u2019\u00c9tat et leurs repr\u00e9sentations en Allemagne, dans l\u2019int\u00e9r\u00eat sup\u00e9rieur de la Tunisie. Il a \u00e9galement soulign\u00e9 l\u2019importance d\u2019impliquer les comp\u00e9tences tunisiennes actives en Allemagne dans la promotion de la Tunisie en tant que destination touristique privil\u00e9gi\u00e9e, sachant que la Tunisie a accueilli plus de 318 000 touristes allemands et constitue une destination de choix pour les investisseurs allemands, compte tenu de l\u2019int\u00e9r\u00eat croissant pour le climat d\u2019investissement en Tunisie.<\/p>\n","protected":false},"excerpt":{"rendered":"<p>M. Mohamed Ali Nafti, Ministre des Affaires Etrang\u00e8res, de la Migration et des Tunisiens \u00e0 l\u2019Etranger, a pr\u00e9sid\u00e9, le 24 mars 2026, \u00e0 l\u2019occasion de la visite officielle qu\u2019il effectue \u00e0 Berlin, une r\u00e9union au si\u00e8ge de l\u2019Ambassade de Tunisie avec les Chefs des Missions Consulaires \u00e0 D\u00fcsseldorf, Hambourg et Munich, ainsi que des repr\u00e9sentants [&hellip;]<\/p>\n","protected":false},"author":4,"featured_media":71824,"comment_status":"open","ping_status":"closed","sticky":false,"template":"","format":"standard","meta":{"content-type":"","jnews-multi-image_gallery":[],"jnews_single_post":{"format":"standard"},"jnews_primary_category":[],"jnews_override_bookmark_settings":[],"jnews_review":[],"enable_review":"","type":"","name":"","summary":"","brand":"","sku":"","good":[],"bad":[],"score_override":"","override_value":"","rating":[],"price":[],"jnews_post_split":[],"footnotes":""},"categories":[2],"tags":[17367,4176,10150,54],"class_list":["post-71823","post","type-post","status-publish","format-standard","has-post-thumbnail","hentry","category-news-politique","tag-e-consulat","tag-preparatifs","tag-saison-estivale","tag-tunisie"],"_links":{"self":[{"href":"https:\/\/www.africanchallenges.com\/index.php?rest_route=\/wp\/v2\/posts\/71823","targetHints":{"allow":["GET"]}}],"collection":[{"href":"https:\/\/www.africanchallenges.com\/index.php?rest_route=\/wp\/v2\/posts"}],"about":[{"href":"https:\/\/www.africanchallenges.com\/index.php?rest_route=\/wp\/v2\/types\/post"}],"author":[{"embeddable":true,"href":"https:\/\/www.africanchallenges.com\/index.php?rest_route=\/wp\/v2\/users\/4"}],"replies":[{"embeddable":true,"href":"https:\/\/www.africanchallenges.com\/index.php?rest_route=%2Fwp%2Fv2%2Fcomments&post=71823"}],"version-history":[{"count":1,"href":"https:\/\/www.africanchallenges.com\/index.php?rest_route=\/wp\/v2\/posts\/71823\/revisions"}],"predecessor-version":[{"id":71825,"href":"https:\/\/www.africanchallenges.com\/index.php?rest_route=\/wp\/v2\/posts\/71823\/revisions\/71825"}],"wp:featuredmedia":[{"embeddable":true,"href":"https:\/\/www.africanchallenges.com\/index.php?rest_route=\/wp\/v2\/media\/71824"}],"wp:attachment":[{"href":"https:\/\/www.africanchallenges.com\/index.php?rest_route=%2Fwp%2Fv2%2Fmedia&parent=71823"}],"wp:term":[{"taxonomy":"category","embeddable":true,"href":"https:\/\/www.africanchallenges.com\/index.php?rest_route=%2Fwp%2Fv2%2Fcategories&post=71823"},{"taxonomy":"post_tag","embeddable":true,"href":"https:\/\/www.africanchallenges.com\/index.php?rest_route=%2Fwp%2Fv2%2Ftags&post=71823"}],"curies":[{"name":"wp","href":"https:\/\/api.w.org\/{rel}","templated":true}]}}