{"id":71814,"date":"2026-03-24T22:04:58","date_gmt":"2026-03-24T21:04:58","guid":{"rendered":"https:\/\/www.africanchallenges.com\/?p=71814"},"modified":"2026-03-24T22:04:59","modified_gmt":"2026-03-24T21:04:59","slug":"industrie-et-emploi-lutica-et-la-giz-sunissent-pour-lexcellence-de-la-plasturgie-tunisienne","status":"publish","type":"post","link":"https:\/\/www.africanchallenges.com\/?p=71814","title":{"rendered":"Industrie et Emploi : L\u2019UTICA et la GIZ s&rsquo;unissent pour l&rsquo;excellence de la plasturgie tunisienne"},"content":{"rendered":"\n<p class=\"wp-block-paragraph\"><strong>L\u2019Union Tunisienne de l\u2019Industrie, du Commerce et de l\u2019Artisanat (UTICA) organise, ce mercredi 26 mars 2025, une rencontre de haut niveau d\u00e9di\u00e9e \u00e0 l\u2019avenir de la plasturgie en Tunisie. Sous le th\u00e8me \u00ab La coop\u00e9ration publique-priv\u00e9 : levier d&rsquo;excellence pour l&rsquo;industrie de la plasturgie \u00bb, cet \u00e9v\u00e9nement mettra en lumi\u00e8re le succ\u00e8s du projet FIESP II comme moteur de qualification et d&#8217;employabilit\u00e9.<\/strong><\/p>\n\n\n\n<p class=\"wp-block-paragraph\">Le secteur de la plasturgie, pilier de l&rsquo;industrie nationale, franchit une nouvelle \u00e9tape dans sa modernisation. En s&rsquo;appuyant sur un partenariat tripartite entre le&nbsp;<strong>Minist\u00e8re de l\u2019Emploi et de la Formation Professionnelle<\/strong>, l\u2019<strong>UTICA<\/strong>&nbsp;et la&nbsp;<strong>GIZ<\/strong>&nbsp;(Coop\u00e9ration allemande), le projet&nbsp;<strong>FIESP II<\/strong>&nbsp;incarne aujourd&rsquo;hui un mod\u00e8le d&rsquo;efficacit\u00e9 pour l&rsquo;insertion des jeunes talents.<\/p>\n\n\n\n<p class=\"wp-block-paragraph\"><strong>Une formation ax\u00e9e sur l&#8217;emploi imm\u00e9diat<\/strong><\/p>\n\n\n\n<p class=\"wp-block-paragraph\">L&rsquo;innovation majeure de cette approche r\u00e9side dans sa capacit\u00e9 \u00e0 aligner, en temps r\u00e9el, les cursus de formation technique avec les besoins pointus des industriels. Cette synergie public-priv\u00e9 permet non seulement de renforcer les capacit\u00e9s des jeunes Tunisiens, mais aussi de garantir aux entreprises une main-d&rsquo;\u0153uvre qualifi\u00e9e, pr\u00eate \u00e0 relever les d\u00e9fis de l&rsquo;excellence industrielle.<\/p>\n\n\n\n<p class=\"wp-block-paragraph\"><strong>Un panel d&rsquo;experts pour tracer l&rsquo;avenir<\/strong><\/p>\n\n\n\n<p class=\"wp-block-paragraph\">La rencontre r\u00e9unira des figures centrales de l&rsquo;\u00e9cosyst\u00e8me formation-emploi :<\/p>\n\n\n\n<ul class=\"wp-block-list\">\n<li><strong>M. Dieter Br\u00e4uer<\/strong>, Chef du projet FIESP (GIZ) ;<\/li>\n\n\n\n<li><strong>M. Laroussi Oueslati<\/strong>, Coordinateur du projet au Minist\u00e8re de l\u2019Emploi ;<\/li>\n\n\n\n<li><strong>M. Omar Chaqchaq<\/strong>, Pr\u00e9sident de l\u2019Unit\u00e9 d\u2019Appui \u00e0 la formation et d\u2019Employabilit\u00e9 Plasturgie ;<\/li>\n\n\n\n<li><strong>Mme Ameni Ben Ali<\/strong>, Charg\u00e9e de la direction p\u00e9dagogique \u00e0 l\u2019ATFP.<\/li>\n<\/ul>\n\n\n\n<p class=\"wp-block-paragraph\"><\/p>\n\n\n\n<p class=\"wp-block-paragraph\">Ensemble, ils d\u00e9tailleront comment cette strat\u00e9gie contribue concr\u00e8tement \u00e0 dynamiser l\u2019\u00e9conomie nationale en transformant les d\u00e9fis de recrutement en opportunit\u00e9s de croissance durable.<\/p>\n\n\n\n<p class=\"wp-block-paragraph\"><strong>Focus : Les objectifs strat\u00e9giques du projet FIESP II<\/strong><\/p>\n\n\n\n<p class=\"wp-block-paragraph\">Le projet&nbsp;<strong>FIESP II<\/strong>&nbsp;(Formation Inter-Entreprises et de Soutien \u00e0 l\u2019Emploi) ne se limite pas \u00e0 la formation classique. Il repose sur trois piliers fondamentaux pour le secteur de la plasturgie :<\/p>\n\n\n\n<ol class=\"wp-block-list\">\n<li><strong>L&rsquo;approche par comp\u00e9tences (APC) :<\/strong>\u00a0D\u00e9velopper des modules de formation \u00ab\u00a0sur mesure\u00a0\u00bb qui r\u00e9pondent aux exigences techniques imm\u00e9diates des usines de plasturgie.<\/li>\n\n\n\n<li><strong>L&rsquo;alternance renforc\u00e9e :<\/strong>\u00a0Intensifier l&rsquo;immersion des apprenants en milieu professionnel pour r\u00e9duire le temps d&rsquo;adaptation lors du premier emploi.<\/li>\n\n\n\n<li><strong>L&rsquo;excellence industrielle :<\/strong>\u00a0Accompagner la mont\u00e9e en gamme des entreprises tunisiennes en leur fournissant une main-d&rsquo;\u0153uvre capable de manipuler les technologies de pointe et de respecter les normes internationales.<\/li>\n<\/ol>\n","protected":false},"excerpt":{"rendered":"<p>L\u2019Union Tunisienne de l\u2019Industrie, du Commerce et de l\u2019Artisanat (UTICA) organise, ce mercredi 26 mars 2025, une rencontre de haut niveau d\u00e9di\u00e9e \u00e0 l\u2019avenir de la plasturgie en Tunisie. Sous le th\u00e8me \u00ab La coop\u00e9ration publique-priv\u00e9 : levier d&rsquo;excellence pour l&rsquo;industrie de la plasturgie \u00bb, cet \u00e9v\u00e9nement mettra en lumi\u00e8re le succ\u00e8s du projet FIESP [&hellip;]<\/p>\n","protected":false},"author":4,"featured_media":71815,"comment_status":"open","ping_status":"closed","sticky":false,"template":"","format":"standard","meta":{"content-type":"","jnews-multi-image_gallery":[],"jnews_single_post":{"format":"standard"},"jnews_primary_category":[],"jnews_override_bookmark_settings":[],"jnews_review":[],"enable_review":"","type":"","name":"","summary":"","brand":"","sku":"","good":[],"bad":[],"score_override":"","override_value":"","rating":[],"price":[],"jnews_post_split":[],"footnotes":""},"categories":[43,73],"tags":[75,607,17896,54,1105],"class_list":["post-71814","post","type-post","status-publish","format-standard","has-post-thumbnail","hentry","category-eco-business","category-eco","tag-emploi","tag-giz","tag-plasturgie-tunisienne","tag-tunisie","tag-utica"],"_links":{"self":[{"href":"https:\/\/www.africanchallenges.com\/index.php?rest_route=\/wp\/v2\/posts\/71814","targetHints":{"allow":["GET"]}}],"collection":[{"href":"https:\/\/www.africanchallenges.com\/index.php?rest_route=\/wp\/v2\/posts"}],"about":[{"href":"https:\/\/www.africanchallenges.com\/index.php?rest_route=\/wp\/v2\/types\/post"}],"author":[{"embeddable":true,"href":"https:\/\/www.africanchallenges.com\/index.php?rest_route=\/wp\/v2\/users\/4"}],"replies":[{"embeddable":true,"href":"https:\/\/www.africanchallenges.com\/index.php?rest_route=%2Fwp%2Fv2%2Fcomments&post=71814"}],"version-history":[{"count":1,"href":"https:\/\/www.africanchallenges.com\/index.php?rest_route=\/wp\/v2\/posts\/71814\/revisions"}],"predecessor-version":[{"id":71816,"href":"https:\/\/www.africanchallenges.com\/index.php?rest_route=\/wp\/v2\/posts\/71814\/revisions\/71816"}],"wp:featuredmedia":[{"embeddable":true,"href":"https:\/\/www.africanchallenges.com\/index.php?rest_route=\/wp\/v2\/media\/71815"}],"wp:attachment":[{"href":"https:\/\/www.africanchallenges.com\/index.php?rest_route=%2Fwp%2Fv2%2Fmedia&parent=71814"}],"wp:term":[{"taxonomy":"category","embeddable":true,"href":"https:\/\/www.africanchallenges.com\/index.php?rest_route=%2Fwp%2Fv2%2Fcategories&post=71814"},{"taxonomy":"post_tag","embeddable":true,"href":"https:\/\/www.africanchallenges.com\/index.php?rest_route=%2Fwp%2Fv2%2Ftags&post=71814"}],"curies":[{"name":"wp","href":"https:\/\/api.w.org\/{rel}","templated":true}]}}