{"id":71777,"date":"2026-03-23T12:35:40","date_gmt":"2026-03-23T11:35:40","guid":{"rendered":"https:\/\/www.africanchallenges.com\/?p=71777"},"modified":"2026-03-23T12:36:25","modified_gmt":"2026-03-23T11:36:25","slug":"guerre-au-moyen-orient-le-conseil-des-ministres-arabes-de-linterieur-condamne-fermement-les-agressions-repetees-de-liran-contre-les-etats-du-golfe","status":"publish","type":"post","link":"https:\/\/www.africanchallenges.com\/?p=71777","title":{"rendered":"Guerre au Moyen-Orient : Le Conseil des ministres arabes de l\u2019Int\u00e9rieur condamne fermement les agressions r\u00e9p\u00e9t\u00e9es de l\u2019Iran contre les \u00c9tats du Golfe"},"content":{"rendered":"\n<p class=\"wp-block-paragraph\">&nbsp;Le Secr\u00e9tariat g\u00e9n\u00e9ral du Conseil des ministres arabes de l\u2019Int\u00e9rieur a exprim\u00e9 sa ferme condamnation et sa d\u00e9nonciation des agressions iraniennes malveillantes et r\u00e9p\u00e9t\u00e9es visant des pays arabes, ainsi que des pratiques hostiles d\u00e9lib\u00e9r\u00e9es ciblant des sites civils et des infrastructures vitales d\u2019\u00e9nergie et de gaz aux \u00c9mirats arabes unis, au Royaume d\u2019Arabie saoudite, au Royaume de Bahre\u00efn, \u00e0 l\u2019\u00c9tat du Qatar, \u00e0 l\u2019\u00c9tat du Kowe\u00eft, au Sultanat d\u2019Oman et dans d\u2019autres pays arabes.<\/p>\n\n\n\n<p class=\"wp-block-paragraph\">Dans un communiqu\u00e9 publi\u00e9 aujourd\u2019hui, le Secr\u00e9tariat g\u00e9n\u00e9ral a indiqu\u00e9 que cette agression constitue une violation flagrante de l\u2019ensemble des lois et conventions internationales ainsi que des principes de bon voisinage, et repr\u00e9sente une dangereuse escalade susceptible d\u2019exposer les int\u00e9r\u00eats \u00e9conomiques r\u00e9gionaux et mondiaux \u00e0 de graves risques, tout en mena\u00e7ant la paix et la s\u00e9curit\u00e9 internationales.<\/p>\n\n\n\n<p class=\"wp-block-paragraph\">Le communiqu\u00e9 ajoute que, tout en condamnant fermement cette agression terroriste continue et brutale ainsi que les actes de sabotage syst\u00e9matiques men\u00e9s par l\u2019Iran, le Secr\u00e9tariat r\u00e9affirme sa pleine solidarit\u00e9 avec les pays arabes fr\u00e8res et son soutien total \u00e0 toutes les mesures qu\u2019ils prennent pour repousser cette agression, d\u00e9fendre leur s\u00e9curit\u00e9 et leur souverainet\u00e9 et prot\u00e9ger leurs territoires.<\/p>\n\n\n\n<p class=\"wp-block-paragraph\">Il a \u00e9galement salu\u00e9 les r\u00f4les h\u00e9ro\u00efques assum\u00e9s par les forces arm\u00e9es arabes, les services de s\u00e9curit\u00e9 et les autorit\u00e9s de d\u00e9fense civile dans la lutte contre ces menaces et dans la mise en \u00e9chec de toutes les tentatives visant \u00e0 porter atteinte \u00e0 la s\u00e9curit\u00e9 et \u00e0 la stabilit\u00e9 des pays arabes, ainsi qu\u2019\u00e0 la protection de leurs infrastructures, de leurs citoyens et de leurs r\u00e9sidents.<\/p>\n","protected":false},"excerpt":{"rendered":"<p>&nbsp;Le Secr\u00e9tariat g\u00e9n\u00e9ral du Conseil des ministres arabes de l\u2019Int\u00e9rieur a exprim\u00e9 sa ferme condamnation et sa d\u00e9nonciation des agressions iraniennes malveillantes et r\u00e9p\u00e9t\u00e9es visant des pays arabes, ainsi que des pratiques hostiles d\u00e9lib\u00e9r\u00e9es ciblant des sites civils et des infrastructures vitales d\u2019\u00e9nergie et de gaz aux \u00c9mirats arabes unis, au Royaume d\u2019Arabie saoudite, au [&hellip;]<\/p>\n","protected":false},"author":4,"featured_media":71779,"comment_status":"open","ping_status":"closed","sticky":false,"template":"","format":"standard","meta":{"content-type":"","jnews-multi-image_gallery":[],"jnews_single_post":{"format":"standard"},"jnews_primary_category":[],"jnews_override_bookmark_settings":[],"jnews_review":[],"enable_review":"","type":"","name":"","summary":"","brand":"","sku":"","good":[],"bad":[],"score_override":"","override_value":"","rating":[],"price":[],"jnews_post_split":[],"footnotes":""},"categories":[2],"tags":[7406,14702,6212,17888],"class_list":["post-71777","post","type-post","status-publish","format-standard","has-post-thumbnail","hentry","category-news-politique","tag-agressions","tag-conseil-des-ministres-arabes-de-linterieur-2","tag-iran","tag-les-etats-du-golfe"],"_links":{"self":[{"href":"https:\/\/www.africanchallenges.com\/index.php?rest_route=\/wp\/v2\/posts\/71777","targetHints":{"allow":["GET"]}}],"collection":[{"href":"https:\/\/www.africanchallenges.com\/index.php?rest_route=\/wp\/v2\/posts"}],"about":[{"href":"https:\/\/www.africanchallenges.com\/index.php?rest_route=\/wp\/v2\/types\/post"}],"author":[{"embeddable":true,"href":"https:\/\/www.africanchallenges.com\/index.php?rest_route=\/wp\/v2\/users\/4"}],"replies":[{"embeddable":true,"href":"https:\/\/www.africanchallenges.com\/index.php?rest_route=%2Fwp%2Fv2%2Fcomments&post=71777"}],"version-history":[{"count":1,"href":"https:\/\/www.africanchallenges.com\/index.php?rest_route=\/wp\/v2\/posts\/71777\/revisions"}],"predecessor-version":[{"id":71780,"href":"https:\/\/www.africanchallenges.com\/index.php?rest_route=\/wp\/v2\/posts\/71777\/revisions\/71780"}],"wp:featuredmedia":[{"embeddable":true,"href":"https:\/\/www.africanchallenges.com\/index.php?rest_route=\/wp\/v2\/media\/71779"}],"wp:attachment":[{"href":"https:\/\/www.africanchallenges.com\/index.php?rest_route=%2Fwp%2Fv2%2Fmedia&parent=71777"}],"wp:term":[{"taxonomy":"category","embeddable":true,"href":"https:\/\/www.africanchallenges.com\/index.php?rest_route=%2Fwp%2Fv2%2Fcategories&post=71777"},{"taxonomy":"post_tag","embeddable":true,"href":"https:\/\/www.africanchallenges.com\/index.php?rest_route=%2Fwp%2Fv2%2Ftags&post=71777"}],"curies":[{"name":"wp","href":"https:\/\/api.w.org\/{rel}","templated":true}]}}