{"id":71774,"date":"2026-03-23T12:10:58","date_gmt":"2026-03-23T11:10:58","guid":{"rendered":"https:\/\/www.africanchallenges.com\/?p=71774"},"modified":"2026-03-23T12:30:41","modified_gmt":"2026-03-23T11:30:41","slug":"sable-et-jasmin-la-force-partagee-des-femmes-emiraties-et-tunisiennes","status":"publish","type":"post","link":"https:\/\/www.africanchallenges.com\/?p=71774","title":{"rendered":"Sable et Jasmin : La Force Partag\u00e9e des Femmes \u00c9miraties et Tunisiennes"},"content":{"rendered":"\n<p class=\"wp-block-paragraph\">L&rsquo;Ambassade des \u00c9mirats Arabes Unis en Tunisie a organis\u00e9 le 13 mars 2026, une soir\u00e9e Ramadanesque intitul\u00e9e \u00ab\u00a0l&rsquo;esprit d&rsquo;une femme\u00a0\u00bb dans la capitale tunisienne, c\u00e9l\u00e9brant la force et la d\u00e9termination des femmes \u00e9miraties et tunisiennes ainsi que leur contribution \u00e0 l&rsquo;avenir. Cet \u00e9v\u00e9nement constitue un pont pour \u00e9changer des exp\u00e9riences et promouvoir la coexistence, dans le cadre de l&rsquo;activation du r\u00f4le des femmes dans le d\u00e9veloppement et le partenariat entre les deux nations.<\/p>\n\n\n\n<p class=\"wp-block-paragraph\">Sous le th\u00e8me \u00ab\u00a0l&rsquo;\u00e2me d&rsquo;une femme\u00a0\u00bb, la soir\u00e9e met en avant une c\u00e9l\u00e9bration de la force, de la patience et de l&rsquo;ambition, tout en soulignant le r\u00f4le des femmes dans la construction des nations et leur capacit\u00e9 \u00e0 r\u00e9aliser l&rsquo;impossible.<\/p>\n\n\n\n<p class=\"wp-block-paragraph\">Cette soir\u00e9e culturelle s&rsquo;inscrit dans le cadre des \u00e9changes culturels qui illustrent la profondeur des relations bilat\u00e9rales entre la Tunisie et les \u00c9mirats Arabes Unis.<\/p>\n\n\n\n<p class=\"wp-block-paragraph\">Dans son discours, l&rsquo;ambassadrice des \u00c9mirats Arabes Unis en Tunisie, Dr Imen Ahmed Sellami,  a soulign\u00e9 que cette rencontre visait \u00e0 renforcer les liens historiques \u00e9tablis entre les \u00c9mirats Arabes Unis et la R\u00e9publique Tunisienne, fond\u00e9s sur une vision commune d&rsquo;un avenir meilleur et prosp\u00e8re pour les peuples des deux pays. <\/p>\n\n\n\n<p class=\"wp-block-paragraph\">Elle a ajout\u00e9 que le choix du slogan \u00ab\u00a0l&rsquo;esprit d&rsquo;une femme\u00a0\u00bb pour honorer les femmes t\u00e9moigne d&rsquo;une profonde appr\u00e9ciation de leur statut et de leur r\u00f4le fondamental dans la soci\u00e9t\u00e9, car elles en sont le pouls vivant et l&rsquo;esprit renouvel\u00e9, et ont toujours \u00e9t\u00e9 un pilier essentiel de la marche vers le progr\u00e8s et la renaissance. <\/p>\n\n\n\n<p class=\"wp-block-paragraph\">L&rsquo;ambassadrice \u00e9miratie a \u00e9galement soulign\u00e9 que les femmes du monde arabe ont assum\u00e9 d&rsquo;importantes responsabilit\u00e9s \u00e0 travers diverses \u00e9tapes historiques et ont contribu\u00e9 de mani\u00e8re significative au d\u00e9veloppement social et \u00e0 la renaissance \u00e9conomique, o\u00f9 la m\u00e9moire arabe regorge de mod\u00e8les f\u00e9minins inspirants ayant prouv\u00e9 leur capacit\u00e9 de leadership et de cr\u00e9ativit\u00e9 dans divers domaines.<\/p>\n\n\n\n<p class=\"wp-block-paragraph\">Dans ce contexte, Dr Imen Ahmed Sellami a mis en avant l&rsquo;importance que les \u00c9mirats Arabes Unis accordent \u00e0 l&rsquo;autonomisation des femmes, sous la direction \u00e9clair\u00e9e de Son Altesse Cheikh \u00ab\u00a0Mohammed bin Zayed Al Nahyan\u00a0\u00bb, qui place l&rsquo;autonomisation des femmes au centre de la vision de l&rsquo;\u00c9tat pour le d\u00e9veloppement national, consid\u00e9r\u00e9e comme un \u00e9l\u00e9ment cl\u00e9 dans la construction de l&rsquo;avenir de la nation et contribuant activement au progr\u00e8s de la soci\u00e9t\u00e9.<\/p>\n\n\n\n<p class=\"wp-block-paragraph\">La diplmate  \u00e9miratie \u00e9galement exprim\u00e9 sa gratitude et son appr\u00e9ciation envers Son Altesse Sheikha Fatima Bint Mubarak, surnomm\u00e9e \u00ab\u00a0la m\u00e8re des \u00c9mirats\u00a0\u00bb, pr\u00e9sidente de l&rsquo;Union g\u00e9n\u00e9rale des femmes, pr\u00e9sidente du Conseil supr\u00eame de la maternit\u00e9 et de l&rsquo;enfance, ainsi que pr\u00e9sidente supr\u00eame de la Fondation pour le d\u00e9veloppement de la famille, louant le r\u00f4le pr\u00e9pond\u00e9rant qu&rsquo;elle joue dans le soutien aux femmes et le renforcement de leur position en tant que partenaires essentielles dans le processus de d\u00e9veloppement global aux \u00c9mirats Arabes Unis. <\/p>\n\n\n\n<p class=\"wp-block-paragraph\">En \u00e9voquant les femmes tunisiennes, l&rsquo;ambassadeur a soulign\u00e9 qu&rsquo;elles incarnent un mod\u00e8le arabe honorable en mati\u00e8re de leadership et d&rsquo;excellence, gr\u00e2ce \u00e0 leurs r\u00e9alisations dans divers domaines et \u00e0 leur d\u00e9termination \u00e0 contribuer efficacement au processus de d\u00e9veloppement social et \u00e9conomique.<\/p>\n\n\n\n<p class=\"wp-block-paragraph\">Elle a insist\u00e9 sur le fait que c\u00e9l\u00e9brer les femmes lors de telles occasions n&rsquo;est pas seulement un honneur symbolique, mais une affirmation de l&rsquo;engagement collectif \u00e0 progresser vers un avenir plus inclusif et \u00e9quitable, o\u00f9 les opportunit\u00e9s sont accessibles \u00e0 tous sans discrimination, et o\u00f9 les femmes sont de v\u00e9ritables partenaires dans la prise de d\u00e9cision, dans la conduite du d\u00e9veloppement et la construction de soci\u00e9t\u00e9s modernes.<\/p>\n\n\n\n<p class=\"wp-block-paragraph\">\u00c0 la conclusion de son discours, l&rsquo;ambassadrice a rendu hommage \u00e0 toutes les femmes du monde, \u00e0 toutes celles qui luttent, innovent et r\u00e9ussissent malgr\u00e9 les d\u00e9fis.<\/p>\n\n\n\n<p class=\"wp-block-paragraph\">Elle a \u00e9galement rendu hommage aux femmes \u00e9miraties ambitieuses et aux dirigeantes tunisiennes, chaque femme apportant sa contribution \u00e0 la construction de sa soci\u00e9t\u00e9 et \u00e0 la r\u00e9alisation de ses aspirations.<\/p>\n\n\n\n<p class=\"wp-block-paragraph\">La diplomate \u00e9miratie a mis en avant que le soutien et l&rsquo;autonomisation des femmes demeureront un engagement collectif qui se renforce chaque jour, car les soci\u00e9t\u00e9s qui croient en les capacit\u00e9s de leurs femmes et leur offrent toutes les opportunit\u00e9s sont celles qui peuvent b\u00e2tir un avenir plus juste, \u00e9quitable et prosp\u00e8re.<\/p>\n\n\n\n<p class=\"wp-block-paragraph\">L&rsquo;\u00e9v\u00e9nement a \u00e9t\u00e9 le t\u00e9moin d&rsquo;une interaction qui incarne la \u00ab\u00a0volont\u00e9 des \u00c9mirats Arabes Unis et de la Tunisie\u00a0\u00bb de soutenir les femmes.<\/p>\n\n\n\n<figure class=\"wp-block-embed is-type-video is-provider-youtube wp-block-embed-youtube wp-embed-aspect-16-9 wp-has-aspect-ratio\"><div class=\"wp-block-embed__wrapper\">\n<div class=\"jeg_video_container jeg_video_content\"><iframe title=\"Discours de l&#039;ambassadrice des \u00c9mirats Arabes Unis en Tunisie, Dr Imen Ahmed Sellami\" width=\"500\" height=\"281\" src=\"https:\/\/www.youtube.com\/embed\/vFzSZ8d1oVs?feature=oembed\" frameborder=\"0\" allow=\"accelerometer; autoplay; clipboard-write; encrypted-media; gyroscope; picture-in-picture; web-share\" referrerpolicy=\"strict-origin-when-cross-origin\" allowfullscreen><\/iframe><\/div>\n<\/div><\/figure>\n","protected":false},"excerpt":{"rendered":"<p>L&rsquo;Ambassade des \u00c9mirats Arabes Unis en Tunisie a organis\u00e9 le 13 mars 2026, une soir\u00e9e Ramadanesque intitul\u00e9e \u00ab\u00a0l&rsquo;esprit d&rsquo;une femme\u00a0\u00bb dans la capitale tunisienne, c\u00e9l\u00e9brant la force et la d\u00e9termination des femmes \u00e9miraties et tunisiennes ainsi que leur contribution \u00e0 l&rsquo;avenir. Cet \u00e9v\u00e9nement constitue un pont pour \u00e9changer des exp\u00e9riences et promouvoir la coexistence, dans [&hellip;]<\/p>\n","protected":false},"author":3,"featured_media":71775,"comment_status":"open","ping_status":"closed","sticky":false,"template":"","format":"standard","meta":{"content-type":"","jnews-multi-image_gallery":[],"jnews_single_post":{"format":"standard"},"jnews_primary_category":[],"jnews_override_bookmark_settings":[],"jnews_review":[],"enable_review":"","type":"","name":"","summary":"","brand":"","sku":"","good":[],"bad":[],"score_override":"","override_value":"","rating":[],"price":[],"jnews_post_split":[],"footnotes":""},"categories":[44],"tags":[16841,1380,1672,17887,4211,10685],"class_list":["post-71774","post","type-post","status-publish","format-standard","has-post-thumbnail","hentry","category-femme","tag-ambassade-des-emirats-arabes-unis-en-tunisie","tag-esprit","tag-femme","tag-femmes-emiraties","tag-femmes-tunisiennes","tag-imen-ahmed-sellami"],"_links":{"self":[{"href":"https:\/\/www.africanchallenges.com\/index.php?rest_route=\/wp\/v2\/posts\/71774","targetHints":{"allow":["GET"]}}],"collection":[{"href":"https:\/\/www.africanchallenges.com\/index.php?rest_route=\/wp\/v2\/posts"}],"about":[{"href":"https:\/\/www.africanchallenges.com\/index.php?rest_route=\/wp\/v2\/types\/post"}],"author":[{"embeddable":true,"href":"https:\/\/www.africanchallenges.com\/index.php?rest_route=\/wp\/v2\/users\/3"}],"replies":[{"embeddable":true,"href":"https:\/\/www.africanchallenges.com\/index.php?rest_route=%2Fwp%2Fv2%2Fcomments&post=71774"}],"version-history":[{"count":2,"href":"https:\/\/www.africanchallenges.com\/index.php?rest_route=\/wp\/v2\/posts\/71774\/revisions"}],"predecessor-version":[{"id":71778,"href":"https:\/\/www.africanchallenges.com\/index.php?rest_route=\/wp\/v2\/posts\/71774\/revisions\/71778"}],"wp:featuredmedia":[{"embeddable":true,"href":"https:\/\/www.africanchallenges.com\/index.php?rest_route=\/wp\/v2\/media\/71775"}],"wp:attachment":[{"href":"https:\/\/www.africanchallenges.com\/index.php?rest_route=%2Fwp%2Fv2%2Fmedia&parent=71774"}],"wp:term":[{"taxonomy":"category","embeddable":true,"href":"https:\/\/www.africanchallenges.com\/index.php?rest_route=%2Fwp%2Fv2%2Fcategories&post=71774"},{"taxonomy":"post_tag","embeddable":true,"href":"https:\/\/www.africanchallenges.com\/index.php?rest_route=%2Fwp%2Fv2%2Ftags&post=71774"}],"curies":[{"name":"wp","href":"https:\/\/api.w.org\/{rel}","templated":true}]}}