{"id":71754,"date":"2026-03-23T09:00:00","date_gmt":"2026-03-23T08:00:00","guid":{"rendered":"https:\/\/www.africanchallenges.com\/?p=71754"},"modified":"2026-03-23T11:42:55","modified_gmt":"2026-03-23T10:42:55","slug":"tunisie-france-limmigration-au-centre-de-lentretien-telephonique-entre-le-president-de-la-republique-kais-said-et-son-homologue-francais-emmanuel-macron","status":"publish","type":"post","link":"https:\/\/www.africanchallenges.com\/?p=71754","title":{"rendered":"Tunisie -France : L&rsquo;immigration au centre de l&rsquo;entretien t\u00e9l\u00e9phonique entre le Pr\u00e9sident de la R\u00e9publique, Kais Said et son homologue fran\u00e7ais, Emmanuel Macron"},"content":{"rendered":"\n<p class=\"wp-block-paragraph\">Le Pr\u00e9sident de la R\u00e9publique, Kais Said, a re\u00e7u le 20 mars un appel t\u00e9l\u00e9phonique de son homologue fran\u00e7ais, Emmanuel Macron, qui l&rsquo;a f\u00e9licit\u00e9 \u00e0 l&rsquo;occasion de la c\u00e9l\u00e9bration du soixante-dixi\u00e8me anniversaire de la F\u00eate de l&rsquo;Ind\u00e9pendance en Tunisie.<\/p>\n\n\n\n<p class=\"wp-block-paragraph\">Lors de cet appel, le chef de l&rsquo;\u00c9tat a discut\u00e9 de plusieurs sujets, notamment des relations avec l&rsquo;Union europ\u00e9enne et de la n\u00e9cessit\u00e9 de r\u00e9viser l&rsquo;accord d&rsquo;association pour qu&rsquo;il soit plus \u00e9quilibr\u00e9, juste et \u00e9quitable.<\/p>\n\n\n\n<p class=\"wp-block-paragraph\">Par ailleurs, le pr\u00e9sident de la R\u00e9publique a insist\u00e9 sur l&rsquo;importance de r\u00e9cup\u00e9rer les fonds qui ont \u00e9t\u00e9 d\u00e9tourn\u00e9s, car cela constitue un droit fondamental du peuple tunisien, et ces fonds ne doivent pas \u00eatre soumis \u00e0 la prescription ni se perdre dans les m\u00e9andres des proc\u00e9dures judiciaires qui n&rsquo;ont jusqu&rsquo;\u00e0 pr\u00e9sent donn\u00e9 aucun r\u00e9sultat.<\/p>\n\n\n\n<p class=\"wp-block-paragraph\">Concernant la migration clandestine, le chef de l&rsquo;\u00c9tat a soulign\u00e9 la n\u00e9cessit\u00e9 d&rsquo;intensifier les efforts pour garantir le retour volontaire des migrants en situation irr\u00e9guli\u00e8re, en pr\u00e9cisant que la Tunisie a beaucoup contribu\u00e9 et subit les cons\u00e9quences d&rsquo;un syst\u00e8me \u00e9conomique mondial injuste, ainsi que des r\u00e9seaux criminels en Afrique subsaharienne et au nord de la M\u00e9diterran\u00e9e qui exploitent ces victimes. Les organisations internationales comp\u00e9tentes et les pays nordiques doivent jouer pleinement leur r\u00f4le, car la Tunisie a d\u00e8s le d\u00e9part refus\u00e9 d&rsquo;\u00eatre une porte d&rsquo;entr\u00e9e ou un point de transit.<\/p>\n\n\n\n<p class=\"wp-block-paragraph\">De plus, deux pr\u00e9sidents ont discut\u00e9 de l&rsquo;importance de participer aux efforts visant \u00e0 \u00e9tablir une nouvelle l\u00e9gitimit\u00e9 internationale, car la l\u00e9gitimit\u00e9 qui a \u00e9t\u00e9 mise en place apr\u00e8s la Seconde Guerre mondiale a commenc\u00e9 \u00e0 d\u00e9cliner et \u00e0 s&rsquo;\u00e9roder progressivement depuis plusieurs ann\u00e9es. Ils ont \u00e9galement soulign\u00e9 la n\u00e9cessit\u00e9 de d\u00e9velopper de nouveaux concepts et id\u00e9es qui pourraient servir de pr\u00e9curseurs \u00e0 l&rsquo;\u00e9mergence de nouveaux paradigmes, rempla\u00e7ant ainsi ceux qui ne sont plus pertinents.<\/p>\n\n\n\n<p class=\"wp-block-paragraph\">Le chef de l&rsquo;\u00c9tat a discut\u00e9 avec le pr\u00e9sident fran\u00e7ais d&rsquo;un certain nombre d&rsquo;id\u00e9es, notamment de la situation du changement que traverse l&rsquo;humanit\u00e9, qui aspire aujourd&rsquo;hui \u00e0 un nouvel ordre non pas international mais humanitaire. Les piliers les plus importants de cet ordre sont la justice et la libert\u00e9. Lorsque la justice fait d\u00e9faut, l&rsquo;injustice et l&rsquo;agression se r\u00e9pandent, et lorsque les libert\u00e9s sont restreintes, tant sur le plan individuel que collectif, les tentations de tyrannie et d&rsquo;obscurit\u00e9 s&rsquo;installent. Nous attendons avec impatience une nouvelle philosophie et ses trag\u00e9dies.<\/p>\n","protected":false},"excerpt":{"rendered":"<p>Le Pr\u00e9sident de la R\u00e9publique, Kais Said, a re\u00e7u le 20 mars un appel t\u00e9l\u00e9phonique de son homologue fran\u00e7ais, Emmanuel Macron, qui l&rsquo;a f\u00e9licit\u00e9 \u00e0 l&rsquo;occasion de la c\u00e9l\u00e9bration du soixante-dixi\u00e8me anniversaire de la F\u00eate de l&rsquo;Ind\u00e9pendance en Tunisie. Lors de cet appel, le chef de l&rsquo;\u00c9tat a discut\u00e9 de plusieurs sujets, notamment des relations [&hellip;]<\/p>\n","protected":false},"author":4,"featured_media":71755,"comment_status":"open","ping_status":"closed","sticky":false,"template":"","format":"standard","meta":{"content-type":"","jnews-multi-image_gallery":[],"jnews_single_post":{"format":"standard"},"jnews_primary_category":[],"jnews_override_bookmark_settings":[],"jnews_review":[],"enable_review":"","type":"","name":"","summary":"","brand":"","sku":"","good":[],"bad":[],"score_override":"","override_value":"","rating":[],"price":[],"jnews_post_split":[],"footnotes":""},"categories":[2],"tags":[],"class_list":["post-71754","post","type-post","status-publish","format-standard","has-post-thumbnail","hentry","category-news-politique"],"_links":{"self":[{"href":"https:\/\/www.africanchallenges.com\/index.php?rest_route=\/wp\/v2\/posts\/71754","targetHints":{"allow":["GET"]}}],"collection":[{"href":"https:\/\/www.africanchallenges.com\/index.php?rest_route=\/wp\/v2\/posts"}],"about":[{"href":"https:\/\/www.africanchallenges.com\/index.php?rest_route=\/wp\/v2\/types\/post"}],"author":[{"embeddable":true,"href":"https:\/\/www.africanchallenges.com\/index.php?rest_route=\/wp\/v2\/users\/4"}],"replies":[{"embeddable":true,"href":"https:\/\/www.africanchallenges.com\/index.php?rest_route=%2Fwp%2Fv2%2Fcomments&post=71754"}],"version-history":[{"count":1,"href":"https:\/\/www.africanchallenges.com\/index.php?rest_route=\/wp\/v2\/posts\/71754\/revisions"}],"predecessor-version":[{"id":71756,"href":"https:\/\/www.africanchallenges.com\/index.php?rest_route=\/wp\/v2\/posts\/71754\/revisions\/71756"}],"wp:featuredmedia":[{"embeddable":true,"href":"https:\/\/www.africanchallenges.com\/index.php?rest_route=\/wp\/v2\/media\/71755"}],"wp:attachment":[{"href":"https:\/\/www.africanchallenges.com\/index.php?rest_route=%2Fwp%2Fv2%2Fmedia&parent=71754"}],"wp:term":[{"taxonomy":"category","embeddable":true,"href":"https:\/\/www.africanchallenges.com\/index.php?rest_route=%2Fwp%2Fv2%2Fcategories&post=71754"},{"taxonomy":"post_tag","embeddable":true,"href":"https:\/\/www.africanchallenges.com\/index.php?rest_route=%2Fwp%2Fv2%2Ftags&post=71754"}],"curies":[{"name":"wp","href":"https:\/\/api.w.org\/{rel}","templated":true}]}}