{"id":71552,"date":"2026-03-04T20:59:00","date_gmt":"2026-03-04T19:59:00","guid":{"rendered":"https:\/\/www.africanchallenges.com\/?p=71552"},"modified":"2026-03-05T00:03:59","modified_gmt":"2026-03-04T23:03:59","slug":"tunisie-42%e1%b5%89-edition-du-festival-de-la-medina-une-soiree-ramadanesque-memorable-intitulee-voix-de-la-nuit-avec-le-soutien-de-lambassade-de-suisse-en-tunisie-et-de-la-delegation","status":"publish","type":"post","link":"https:\/\/www.africanchallenges.com\/?p=71552","title":{"rendered":"Tunisie-42\u1d49 \u00e9dition du Festival De La M\u00e9dina : une soir\u00e9e ramadanesque m\u00e9morable  intitul\u00e9e \u00ab\u00a0Voix de la nuit\u00a0\u00bb avec  le soutien de l\u2019Ambassade de Suisse en Tunisie et de La D\u00e9l\u00e9gation g\u00e9n\u00e9rale Wallonie-Bruxelles en Tunisie"},"content":{"rendered":"\n<p class=\"wp-block-paragraph\">Dans le cadre de la 42\u1d49 \u00e9dition du Festival De La M\u00e9dina, avec le soutien de l\u2019Ambassade de Suisse en Tunisie et de La D\u00e9l\u00e9gation g\u00e9n\u00e9rale Wallonie-Bruxelles en Tunisie, une soir\u00e9e ramadanesque m\u00e9morable a eu lieu, intitul\u00e9e \u00ab\u00a0Voix de la nuit\u00a0\u00bb, qui a affich\u00e9 complet \u00e0 Dar Lasram. <\/p>\n\n\n\n<p class=\"wp-block-paragraph\">Cet \u00e9v\u00e9nement a pr\u00e9sent\u00e9 la soprano tunisienne \ud83c\uddf9\ud83c\uddf3 Amel Sdiri et le pianiste suisse \ud83c\udde8\ud83c\udded Simon Ho, accompagn\u00e9s par Mohamed Abdelkader Ibn Haj Kacem aux percussions, Aziz Essaied \u00e0 l&rsquo;oud et Zied Chagway au violon.<\/p>\n","protected":false},"excerpt":{"rendered":"<p>Dans le cadre de la 42\u1d49 \u00e9dition du Festival De La M\u00e9dina, avec le soutien de l\u2019Ambassade de Suisse en Tunisie et de La D\u00e9l\u00e9gation g\u00e9n\u00e9rale Wallonie-Bruxelles en Tunisie, une soir\u00e9e ramadanesque m\u00e9morable a eu lieu, intitul\u00e9e \u00ab\u00a0Voix de la nuit\u00a0\u00bb, qui a affich\u00e9 complet \u00e0 Dar Lasram. Cet \u00e9v\u00e9nement a pr\u00e9sent\u00e9 la soprano tunisienne [&hellip;]<\/p>\n","protected":false},"author":4,"featured_media":71553,"comment_status":"open","ping_status":"closed","sticky":false,"template":"","format":"standard","meta":{"content-type":"","jnews-multi-image_gallery":[],"jnews_single_post":{"format":"standard"},"jnews_primary_category":[],"jnews_override_bookmark_settings":[],"jnews_review":[],"enable_review":"","type":"","name":"","summary":"","brand":"","sku":"","good":[],"bad":[],"score_override":"","override_value":"","rating":[],"price":[],"jnews_post_split":[],"footnotes":""},"categories":[17],"tags":[17813,9199,2926,17812],"class_list":["post-71552","post","type-post","status-publish","format-standard","has-post-thumbnail","hentry","category-entertainment","tag-ambassade-de-suisse","tag-delegation-generale-wallonie-bruxelles","tag-festival-de-la-medina","tag-voix-de-la-nuit"],"_links":{"self":[{"href":"https:\/\/www.africanchallenges.com\/index.php?rest_route=\/wp\/v2\/posts\/71552","targetHints":{"allow":["GET"]}}],"collection":[{"href":"https:\/\/www.africanchallenges.com\/index.php?rest_route=\/wp\/v2\/posts"}],"about":[{"href":"https:\/\/www.africanchallenges.com\/index.php?rest_route=\/wp\/v2\/types\/post"}],"author":[{"embeddable":true,"href":"https:\/\/www.africanchallenges.com\/index.php?rest_route=\/wp\/v2\/users\/4"}],"replies":[{"embeddable":true,"href":"https:\/\/www.africanchallenges.com\/index.php?rest_route=%2Fwp%2Fv2%2Fcomments&post=71552"}],"version-history":[{"count":1,"href":"https:\/\/www.africanchallenges.com\/index.php?rest_route=\/wp\/v2\/posts\/71552\/revisions"}],"predecessor-version":[{"id":71554,"href":"https:\/\/www.africanchallenges.com\/index.php?rest_route=\/wp\/v2\/posts\/71552\/revisions\/71554"}],"wp:featuredmedia":[{"embeddable":true,"href":"https:\/\/www.africanchallenges.com\/index.php?rest_route=\/wp\/v2\/media\/71553"}],"wp:attachment":[{"href":"https:\/\/www.africanchallenges.com\/index.php?rest_route=%2Fwp%2Fv2%2Fmedia&parent=71552"}],"wp:term":[{"taxonomy":"category","embeddable":true,"href":"https:\/\/www.africanchallenges.com\/index.php?rest_route=%2Fwp%2Fv2%2Fcategories&post=71552"},{"taxonomy":"post_tag","embeddable":true,"href":"https:\/\/www.africanchallenges.com\/index.php?rest_route=%2Fwp%2Fv2%2Ftags&post=71552"}],"curies":[{"name":"wp","href":"https:\/\/api.w.org\/{rel}","templated":true}]}}