{"id":71530,"date":"2026-03-03T01:14:31","date_gmt":"2026-03-03T00:14:31","guid":{"rendered":"https:\/\/www.africanchallenges.com\/?p=71530"},"modified":"2026-03-03T01:15:08","modified_gmt":"2026-03-03T00:15:08","slug":"calendrier-dorientation-pour-1ere-et-2eme-annee-secondaire","status":"publish","type":"post","link":"https:\/\/www.africanchallenges.com\/?p=71530","title":{"rendered":"Tunisie :Calendrier d\u2019orientation pour 1\u00e8re et 2\u00e8me ann\u00e9e secondaire"},"content":{"rendered":"\n<p class=\"wp-block-paragraph\">Le minist\u00e8re de l\u2019\u00e9ducation d\u00e9butera, durant la deuxi\u00e8me semaine d\u2019avril 2026, l\u2019orientation pr\u00e9liminaire pour tous les \u00e9l\u00e8ves de premi\u00e8re et deuxi\u00e8me ann\u00e9e de secondaire, conform\u00e9ment au calendrier d\u2019orientation scolaire. Cela se fera par le biais du remplissage des fiches d\u2019orientation scolaire sur le site internet parent.education.tn, comme l\u2019a soulign\u00e9 un communiqu\u00e9 publi\u00e9 lundi par le minist\u00e8re de l\u2019\u00e9ducation sur sa page des r\u00e9seaux sociaux.<\/p>\n\n\n\n<p class=\"wp-block-paragraph\">Les \u00e9l\u00e8ves de deuxi\u00e8me ann\u00e9e de secondaire auront uniquement la possibilit\u00e9 de choisir les fili\u00e8res de sp\u00e9cialisation d\u00e9riv\u00e9es du tronc commun, pr\u00e9cise le m\u00eame communiqu\u00e9.<\/p>\n\n\n\n<p class=\"wp-block-paragraph\">Le minist\u00e8re a \u00e9galement indiqu\u00e9 que l\u2019orientation pr\u00e9liminaire se poursuivra durant la troisi\u00e8me semaine d\u2019avril prochain, avec le retrait des fiches d\u2019orientation scolaire par le directeur de l\u2019\u00e9tablissement scolaire et la tenue du conseil d\u2019orientation pr\u00e9liminaire. Cela sera suivi de l\u2019affichage des r\u00e9sultats et de l\u2019information des \u00e9l\u00e8ves.<\/p>\n\n\n\n<p class=\"wp-block-paragraph\">\u00c0 partir de la quatri\u00e8me semaine d\u2019avril et jusqu\u2019\u00e0 la tenue des conseils d\u2019orientation finale, une r\u00e9vision de la proposition d\u2019orientation pr\u00e9liminaire sera effectu\u00e9e par le biais d\u2019entretiens individuels avec les \u00e9l\u00e8ves et leurs parents. La r\u00e9orientation scolaire se d\u00e9roulera du 1er ao\u00fbt au 31 ao\u00fbt 2026.<\/p>\n\n\n\n<p class=\"wp-block-paragraph\">Le minist\u00e8re de l\u2019\u00e9ducation a pr\u00e9cis\u00e9 que les \u00e9l\u00e8ves concern\u00e9s par les r\u00e9sultats de r\u00e9orientation seront inform\u00e9s apr\u00e8s l\u2019approbation du proc\u00e8s-verbal de la commission de r\u00e9orientation dans l\u2019\u00e9tablissement scolaire par le commissaire r\u00e9gional de l\u2019\u00e9ducation, dans un d\u00e9lai ne d\u00e9passant pas la deuxi\u00e8me semaine de septembre 2026.<\/p>\n\n\n\n<p class=\"wp-block-paragraph\">Les demandes de r\u00e9orientation scolaire seront rouvertes durant la troisi\u00e8me semaine de septembre 2026. \u00c0 la fin de la premi\u00e8re semaine du premier mois de l\u2019ann\u00e9e scolaire 2026-2027, les demandes de r\u00e9orientation des \u00e9l\u00e8ves inscrits dans les \u00e9tablissements priv\u00e9s seront collect\u00e9es et transmises au commissariat r\u00e9gional &nbsp;<\/p>\n\n\n\n<p class=\"wp-block-paragraph\">Le minist\u00e8re a mis en avant la possibilit\u00e9 de se retirer de la demande de r\u00e9orientation scolaire jusqu&rsquo;\u00e0 la fin de la deuxi\u00e8me semaine d&rsquo;octobre 2026, en pr\u00e9cisant que les demandes de r\u00e9examen de l&rsquo;orientation scolaire seront examin\u00e9es au plus tard durant la premi\u00e8re semaine d&rsquo;octobre 2026. La commission nationale de r\u00e9examen de l&rsquo;orientation scolaire se rassemblera pour analyser les demandes et rendre ses d\u00e9cisions au plus tard durant la deuxi\u00e8me semaine d&rsquo;octobre 2026.<\/p>\n","protected":false},"excerpt":{"rendered":"<p>Le minist\u00e8re de l\u2019\u00e9ducation d\u00e9butera, durant la deuxi\u00e8me semaine d\u2019avril 2026, l\u2019orientation pr\u00e9liminaire pour tous les \u00e9l\u00e8ves de premi\u00e8re et deuxi\u00e8me ann\u00e9e de secondaire, conform\u00e9ment au calendrier d\u2019orientation scolaire. Cela se fera par le biais du remplissage des fiches d\u2019orientation scolaire sur le site internet parent.education.tn, comme l\u2019a soulign\u00e9 un communiqu\u00e9 publi\u00e9 lundi par le [&hellip;]<\/p>\n","protected":false},"author":4,"featured_media":15711,"comment_status":"open","ping_status":"closed","sticky":false,"template":"","format":"standard","meta":{"content-type":"","jnews-multi-image_gallery":[],"jnews_single_post":{"format":"standard"},"jnews_primary_category":[],"jnews_override_bookmark_settings":[],"jnews_review":[],"enable_review":"","type":"","name":"","summary":"","brand":"","sku":"","good":[],"bad":[],"score_override":"","override_value":"","rating":[],"price":[],"jnews_post_split":[],"footnotes":""},"categories":[5],"tags":[17802,2509,54],"class_list":["post-71530","post","type-post","status-publish","format-standard","has-post-thumbnail","hentry","category-edufor","tag-calendrier-dorientation","tag-ministere-de-leducation-3","tag-tunisie"],"_links":{"self":[{"href":"https:\/\/www.africanchallenges.com\/index.php?rest_route=\/wp\/v2\/posts\/71530","targetHints":{"allow":["GET"]}}],"collection":[{"href":"https:\/\/www.africanchallenges.com\/index.php?rest_route=\/wp\/v2\/posts"}],"about":[{"href":"https:\/\/www.africanchallenges.com\/index.php?rest_route=\/wp\/v2\/types\/post"}],"author":[{"embeddable":true,"href":"https:\/\/www.africanchallenges.com\/index.php?rest_route=\/wp\/v2\/users\/4"}],"replies":[{"embeddable":true,"href":"https:\/\/www.africanchallenges.com\/index.php?rest_route=%2Fwp%2Fv2%2Fcomments&post=71530"}],"version-history":[{"count":2,"href":"https:\/\/www.africanchallenges.com\/index.php?rest_route=\/wp\/v2\/posts\/71530\/revisions"}],"predecessor-version":[{"id":71532,"href":"https:\/\/www.africanchallenges.com\/index.php?rest_route=\/wp\/v2\/posts\/71530\/revisions\/71532"}],"wp:featuredmedia":[{"embeddable":true,"href":"https:\/\/www.africanchallenges.com\/index.php?rest_route=\/wp\/v2\/media\/15711"}],"wp:attachment":[{"href":"https:\/\/www.africanchallenges.com\/index.php?rest_route=%2Fwp%2Fv2%2Fmedia&parent=71530"}],"wp:term":[{"taxonomy":"category","embeddable":true,"href":"https:\/\/www.africanchallenges.com\/index.php?rest_route=%2Fwp%2Fv2%2Fcategories&post=71530"},{"taxonomy":"post_tag","embeddable":true,"href":"https:\/\/www.africanchallenges.com\/index.php?rest_route=%2Fwp%2Fv2%2Ftags&post=71530"}],"curies":[{"name":"wp","href":"https:\/\/api.w.org\/{rel}","templated":true}]}}