{"id":71360,"date":"2026-02-17T14:21:36","date_gmt":"2026-02-17T13:21:36","guid":{"rendered":"https:\/\/www.africanchallenges.com\/?p=71360"},"modified":"2026-02-17T14:22:03","modified_gmt":"2026-02-17T13:22:03","slug":"tunisie-renforcement-de-la-securite-au-sein-des-institutions-educatives-et-prevention-contre-toutes-les-formes-de-violence","status":"publish","type":"post","link":"https:\/\/www.africanchallenges.com\/?p=71360","title":{"rendered":"Tunisie : renforcement de la s\u00e9curit\u00e9 au sein des institutions \u00e9ducatives et pr\u00e9vention contre toutes les formes de violence"},"content":{"rendered":"\n<p class=\"wp-block-paragraph\">Le minist\u00e8re de l\u2019\u00c9ducation a \u00e9mis une note de service, dat\u00e9e du 16 f\u00e9vrier 2026, destin\u00e9e aux d\u00e9l\u00e9gu\u00e9s r\u00e9gionaux et aux directeurs d\u2019\u00e9tablissements scolaires, \u00e9tablissant une s\u00e9rie de mesures strictes pour renforcer la s\u00e9curit\u00e9 au sein des institutions \u00e9ducatives et prot\u00e9ger les \u00e9l\u00e8ves ainsi que l\u2019ensemble de la communaut\u00e9 \u00e9ducative contre toutes les formes de violence. Ce contexte est marqu\u00e9 ces derni\u00e8res ann\u00e9es par une augmentation des incidents en milieu scolaire, notamment des agressions entre \u00e9l\u00e8ves et, dans certains cas, \u00e0 l\u2019encontre des enseignants.<\/p>\n\n\n\n<p class=\"wp-block-paragraph\"><strong>Des r\u00e8gles strictes \u00e0 l\u2019int\u00e9rieur des \u00e9tablissements<\/strong><\/p>\n\n\n\n<p class=\"wp-block-paragraph\">Dans ce document, le minist\u00e8re souligne que l\u2019\u00e9cole publique repr\u00e9sente un pilier social et \u00e9ducatif essentiel, dont la mission va au-del\u00e0 de la simple transmission des connaissances pour inclure la formation aux valeurs, \u00e0 la citoyennet\u00e9 et au respect. Dans cette perspective, plusieurs d\u00e9cisions op\u00e9rationnelles ont \u00e9t\u00e9 mises en place.<\/p>\n\n\n\n<p class=\"wp-block-paragraph\">Il est formellement interdit aux \u00e9l\u00e8ves d\u2019introduire ou d\u2019utiliser des t\u00e9l\u00e9phones portables dans l\u2019enceinte scolaire. Toute prise d\u2019images ou de vid\u00e9os est \u00e9galement prohib\u00e9e en dehors des cadres officiels autoris\u00e9s.<\/p>\n\n\n\n<p class=\"wp-block-paragraph\">La note interdit \u00e9galement l\u2019organisation d\u2019activit\u00e9s connues sous les noms de \u00ab dakhlat el bac \u00bb, \u00ab crackage \u00bb ou toute manifestation similaire pouvant perturber le fonctionnement normal des \u00e9tablissements ou menacer la s\u00e9curit\u00e9. Les responsables sont invit\u00e9s \u00e0 signaler imm\u00e9diatement tout incident et \u00e0 appliquer les sanctions disciplinaires et l\u00e9gales n\u00e9cessaires.<\/p>\n\n\n\n<p class=\"wp-block-paragraph\"><strong>Contr\u00f4le des acc\u00e8s et encadrement des visiteurs<\/strong><\/p>\n\n\n\n<p class=\"wp-block-paragraph\">Le minist\u00e8re impose \u00e9galement un syst\u00e8me de contr\u00f4le physique des entr\u00e9es : un seul portail devra \u00eatre utilis\u00e9 pour l\u2019acc\u00e8s des \u00e9l\u00e8ves et des visiteurs, sous la surveillance d\u2019un agent permanent charg\u00e9 de v\u00e9rifier l\u2019identit\u00e9 des personnes autoris\u00e9es \u00e0 entrer. Les autres acc\u00e8s devront rester ferm\u00e9s, sauf en cas de n\u00e9cessit\u00e9.<\/p>\n\n\n\n<p class=\"wp-block-paragraph\">Les visites des parents devront \u00eatre planifi\u00e9es selon des horaires sp\u00e9cifiques, avec une interdiction d\u2019acc\u00e8s aux salles de classe et aux espaces p\u00e9dagogiques pendant les cours, afin de garantir le bon d\u00e9roulement des activit\u00e9s \u00e9ducatives.<\/p>\n\n\n\n<p class=\"wp-block-paragraph\">Mobilisation du personnel et r\u00f4le central des parents<\/p>\n\n\n\n<p class=\"wp-block-paragraph\">La note demande aux directions d\u2019organiser des r\u00e9unions r\u00e9guli\u00e8res avec l\u2019ensemble du personnel \u00e9ducatif et administratif pour am\u00e9liorer le suivi, l\u2019encadrement et la pr\u00e9vention des comportements \u00e0 risque. Elle souligne \u00e9galement l\u2019importance d\u2019une collaboration \u00e9troite avec les familles.<\/p>\n\n\n\n<p class=\"wp-block-paragraph\">Les parents sont donc invit\u00e9s \u00e0 respecter les enseignants, \u00e0 suivre quotidiennement la scolarit\u00e9 et le comportement de leurs enfants, \u00e0 dialoguer avec eux sur les dangers de la violence \u2014 y compris en ligne \u2014 et \u00e0 promouvoir les valeurs de tol\u00e9rance, de discipline et de responsabilit\u00e9.<\/p>\n\n\n\n<p class=\"wp-block-paragraph\"><strong>Coop\u00e9ration s\u00e9curitaire et suivi de terrain<\/strong><\/p>\n\n\n\n<p class=\"wp-block-paragraph\">Les d\u00e9l\u00e9gu\u00e9s r\u00e9gionaux sont appel\u00e9s \u00e0 renforcer la coordination avec les services s\u00e9curitaires et administratifs pour assurer la protection des abords des \u00e9tablissements. Ils devront \u00e9galement multiplier les visites de terrain pour identifier les difficult\u00e9s susceptibles d\u2019affecter le climat scolaire et accompagner les directions dans leur r\u00e9solution.<\/p>\n\n\n\n<p class=\"wp-block-paragraph\"><strong>Une r\u00e9ponse \u00e0 une violence scolaire en hausse<\/strong><\/p>\n\n\n\n<p class=\"wp-block-paragraph\">Ces mesures interviennent alors que les signalements d\u2019actes de violence en milieu scolaire se sont intensifi\u00e9s ces derni\u00e8res ann\u00e9es, qu\u2019il s\u2019agisse de conflits entre \u00e9l\u00e8ves, de comportements agressifs ou d\u2019incidents visant le personnel \u00e9ducatif. Ce climat a progressivement impos\u00e9 la question de la s\u00e9curit\u00e9 scolaire comme priorit\u00e9 institutionnelle.<\/p>\n\n\n\n<p class=\"wp-block-paragraph\">\u00c0 travers cette note, le minist\u00e8re souligne que l\u2019instauration d\u2019un climat scolaire sain repose sur une responsabilit\u00e9 collective impliquant enseignants, familles, administration et autorit\u00e9s locales.<\/p>\n\n\n\n<p class=\"wp-block-paragraph\">\u00c0 travers cette note, le minist\u00e8re met en avant que l&rsquo;\u00e9tablissement d&rsquo;un environnement scolaire sain d\u00e9pend d&rsquo;une responsabilit\u00e9 partag\u00e9e entre les enseignants, les familles, l&rsquo;administration et les autorit\u00e9s locales. Il souligne l&rsquo;importance d&rsquo;une application stricte de ces mesures, consid\u00e9r\u00e9es comme cruciales pour renforcer la fonction de l&rsquo;\u00e9cole en tant qu&rsquo;espace de valeurs, de stabilit\u00e9 sociale et de d\u00e9veloppement.<\/p>\n","protected":false},"excerpt":{"rendered":"<p>Le minist\u00e8re de l\u2019\u00c9ducation a \u00e9mis une note de service, dat\u00e9e du 16 f\u00e9vrier 2026, destin\u00e9e aux d\u00e9l\u00e9gu\u00e9s r\u00e9gionaux et aux directeurs d\u2019\u00e9tablissements scolaires, \u00e9tablissant une s\u00e9rie de mesures strictes pour renforcer la s\u00e9curit\u00e9 au sein des institutions \u00e9ducatives et prot\u00e9ger les \u00e9l\u00e8ves ainsi que l\u2019ensemble de la communaut\u00e9 \u00e9ducative contre toutes les formes de [&hellip;]<\/p>\n","protected":false},"author":4,"featured_media":53183,"comment_status":"open","ping_status":"closed","sticky":false,"template":"","format":"standard","meta":{"content-type":"","jnews-multi-image_gallery":[],"jnews_single_post":{"format":"standard"},"jnews_primary_category":[],"jnews_override_bookmark_settings":[],"jnews_review":[],"enable_review":"","type":"","name":"","summary":"","brand":"","sku":"","good":[],"bad":[],"score_override":"","override_value":"","rating":[],"price":[],"jnews_post_split":[],"footnotes":""},"categories":[2],"tags":[17733,2666,216,1671],"class_list":["post-71360","post","type-post","status-publish","format-standard","has-post-thumbnail","hentry","category-news-politique","tag-institutions-educatives","tag-ministere-de-leducation-4","tag-securite","tag-violence"],"_links":{"self":[{"href":"https:\/\/www.africanchallenges.com\/index.php?rest_route=\/wp\/v2\/posts\/71360","targetHints":{"allow":["GET"]}}],"collection":[{"href":"https:\/\/www.africanchallenges.com\/index.php?rest_route=\/wp\/v2\/posts"}],"about":[{"href":"https:\/\/www.africanchallenges.com\/index.php?rest_route=\/wp\/v2\/types\/post"}],"author":[{"embeddable":true,"href":"https:\/\/www.africanchallenges.com\/index.php?rest_route=\/wp\/v2\/users\/4"}],"replies":[{"embeddable":true,"href":"https:\/\/www.africanchallenges.com\/index.php?rest_route=%2Fwp%2Fv2%2Fcomments&post=71360"}],"version-history":[{"count":2,"href":"https:\/\/www.africanchallenges.com\/index.php?rest_route=\/wp\/v2\/posts\/71360\/revisions"}],"predecessor-version":[{"id":71363,"href":"https:\/\/www.africanchallenges.com\/index.php?rest_route=\/wp\/v2\/posts\/71360\/revisions\/71363"}],"wp:featuredmedia":[{"embeddable":true,"href":"https:\/\/www.africanchallenges.com\/index.php?rest_route=\/wp\/v2\/media\/53183"}],"wp:attachment":[{"href":"https:\/\/www.africanchallenges.com\/index.php?rest_route=%2Fwp%2Fv2%2Fmedia&parent=71360"}],"wp:term":[{"taxonomy":"category","embeddable":true,"href":"https:\/\/www.africanchallenges.com\/index.php?rest_route=%2Fwp%2Fv2%2Fcategories&post=71360"},{"taxonomy":"post_tag","embeddable":true,"href":"https:\/\/www.africanchallenges.com\/index.php?rest_route=%2Fwp%2Fv2%2Ftags&post=71360"}],"curies":[{"name":"wp","href":"https:\/\/api.w.org\/{rel}","templated":true}]}}