{"id":71338,"date":"2026-02-17T11:47:42","date_gmt":"2026-02-17T10:47:42","guid":{"rendered":"https:\/\/www.africanchallenges.com\/?p=71338"},"modified":"2026-02-17T11:47:43","modified_gmt":"2026-02-17T10:47:43","slug":"tunisie-le-chef-de-letat-plaide-pour-une-revolution-administrative-et-culturelle","status":"publish","type":"post","link":"https:\/\/www.africanchallenges.com\/?p=71338","title":{"rendered":"Tunisie : Le chef de l&rsquo;Etat plaide pour une r\u00e9volution administrative et culturelle"},"content":{"rendered":"\n<p class=\"wp-block-paragraph\">Le pr\u00e9sident de la R\u00e9publique, Ka\u00efs Sa\u00efed, a accueilli hier apr\u00e8s-midi, le 16 f\u00e9vrier, au palais de Carthage, la cheffe du gouvernement, Sara Zaafrani Zenzri.<\/p>\n\n\n\n<p class=\"wp-block-paragraph\">D&rsquo;apr\u00e8s un communiqu\u00e9 \u00e9mis par la pr\u00e9sidence, cette rencontre a \u00e9t\u00e9 consacr\u00e9e \u00e0 la situation g\u00e9n\u00e9rale du pays, en mettant l&rsquo;accent sur le fonctionnement de plusieurs services publics consid\u00e9r\u00e9s comme d\u00e9faillants.<\/p>\n\n\n\n<p class=\"wp-block-paragraph\">Le chef de l\u2019\u00c9tat a mentionn\u00e9 la gestion de certains \u00e9tablissements et administrations qui, selon ses dires, \u00ab ne sont pas dirig\u00e9s comme il se doit \u00bb. Il a jug\u00e9 que ces dysfonctionnements ne r\u00e9sultent pas du hasard, mais s&rsquo;inscrivent dans une volont\u00e9 d\u00e9lib\u00e9r\u00e9e de \u00ab raviver les tensions \u00bb par ce qu&rsquo;il qualifie de \u00ab r\u00e9sidus de l&rsquo;ancien syst\u00e8me \u00bb, accus\u00e9s de tenter de se repositionner sur la sc\u00e8ne politique.<\/p>\n\n\n\n<p class=\"wp-block-paragraph\">Le pr\u00e9sident a d\u00e9clar\u00e9 que ces pratiques ne peuvent se poursuivre et que la Tunisie traverse une phase d\u00e9cisive de son histoire. Selon lui, le pays ne se limite pas \u00e0 une simple continuit\u00e9 de la lutte pour la lib\u00e9ration nationale ou \u00e0 une r\u00e9forme l\u00e9gislative, mais doit s&rsquo;engager dans une \u00ab r\u00e9volution administrative \u00bb accompagn\u00e9e d&rsquo;une \u00ab r\u00e9volution culturelle \u00bb.<\/p>\n\n\n\n<p class=\"wp-block-paragraph\">Ka\u00efs Sa\u00efed a r\u00e9affirm\u00e9 que le travail se poursuit \u00ab sans interruption \u00bb afin d&rsquo;accorder davantage de place aux jeunes et de r\u00e9tablir les droits de ceux qui ont \u00e9t\u00e9 victimes d&rsquo;exclusion et de corruption.<\/p>\n\n\n\n<p class=\"wp-block-paragraph\">Il a soulign\u00e9 que les objectifs de la r\u00e9volution du 17 d\u00e9cembre 2010 ne seront pleinement r\u00e9alis\u00e9s qu&rsquo;\u00e0 travers l&rsquo;\u00e9tablissement de la justice sociale. Cette r\u00e9f\u00e9rence \u00e0 cette date symbolique souligne, une fois de plus, l&rsquo;attachement du chef de l\u2019\u00c9tat \u00e0 la dimension fondatrice de ce moment dans l&rsquo;histoire contemporaine tunisienne.<\/p>\n\n\n\n<p class=\"wp-block-paragraph\">Le pr\u00e9sident de la R\u00e9publique a \u00e9galement soulign\u00e9 l&rsquo;importance de pr\u00e9server l&rsquo;unit\u00e9 de l&rsquo;\u00c9tat. Il a estim\u00e9 que certains acteurs n&rsquo;ont pas encore compris l&rsquo;ampleur du moment historique que traverse le pays.<\/p>\n\n\n\n<p class=\"wp-block-paragraph\">Selon lui, \u00ab celui qui se trouve en dehors de l\u2019histoire ne peut en \u00eatre l\u2019acteur \u00bb. Il a ajout\u00e9 que les attentes du peuple tunisien seront satisfaites par des \u00ab patriotes libres \u00bb qui sont conscients que la responsabilit\u00e9 repr\u00e9sente \u00ab une lourde charge et non des privil\u00e8ges \u00bb.<\/p>\n\n\n\n<p class=\"wp-block-paragraph\">Ka\u00efs Sa\u00efed a soulign\u00e9 que quiconque n\u2019\u00e9coute pas les souffrances et les aspirations du peuple n\u2019est pas digne de porter une responsabilit\u00e9 publique. Il a enfin d\u00e9clar\u00e9 que la sc\u00e8ne politique est \u00ab claire \u00bb pour les Tunisiens, mentionnant ceux qui auraient r\u00e9parti les r\u00f4les entre eux et ceux qui en assureraient la mise en sc\u00e8ne.<\/p>\n\n\n\n<p class=\"wp-block-paragraph\"><\/p>\n","protected":false},"excerpt":{"rendered":"<p>Le pr\u00e9sident de la R\u00e9publique, Ka\u00efs Sa\u00efed, a accueilli hier apr\u00e8s-midi, le 16 f\u00e9vrier, au palais de Carthage, la cheffe du gouvernement, Sara Zaafrani Zenzri. D&rsquo;apr\u00e8s un communiqu\u00e9 \u00e9mis par la pr\u00e9sidence, cette rencontre a \u00e9t\u00e9 consacr\u00e9e \u00e0 la situation g\u00e9n\u00e9rale du pays, en mettant l&rsquo;accent sur le fonctionnement de plusieurs services publics consid\u00e9r\u00e9s comme [&hellip;]<\/p>\n","protected":false},"author":4,"featured_media":71339,"comment_status":"open","ping_status":"closed","sticky":false,"template":"","format":"standard","meta":{"content-type":"","jnews-multi-image_gallery":[],"jnews_single_post":{"format":"standard"},"jnews_primary_category":[],"jnews_override_bookmark_settings":[],"jnews_review":[],"enable_review":"","type":"","name":"","summary":"","brand":"","sku":"","good":[],"bad":[],"score_override":"","override_value":"","rating":[],"price":[],"jnews_post_split":[],"footnotes":""},"categories":[2],"tags":[3712,17724,54],"class_list":["post-71338","post","type-post","status-publish","format-standard","has-post-thumbnail","hentry","category-news-politique","tag-kais-saied-2","tag-revolution-administrative","tag-tunisie"],"_links":{"self":[{"href":"https:\/\/www.africanchallenges.com\/index.php?rest_route=\/wp\/v2\/posts\/71338","targetHints":{"allow":["GET"]}}],"collection":[{"href":"https:\/\/www.africanchallenges.com\/index.php?rest_route=\/wp\/v2\/posts"}],"about":[{"href":"https:\/\/www.africanchallenges.com\/index.php?rest_route=\/wp\/v2\/types\/post"}],"author":[{"embeddable":true,"href":"https:\/\/www.africanchallenges.com\/index.php?rest_route=\/wp\/v2\/users\/4"}],"replies":[{"embeddable":true,"href":"https:\/\/www.africanchallenges.com\/index.php?rest_route=%2Fwp%2Fv2%2Fcomments&post=71338"}],"version-history":[{"count":1,"href":"https:\/\/www.africanchallenges.com\/index.php?rest_route=\/wp\/v2\/posts\/71338\/revisions"}],"predecessor-version":[{"id":71340,"href":"https:\/\/www.africanchallenges.com\/index.php?rest_route=\/wp\/v2\/posts\/71338\/revisions\/71340"}],"wp:featuredmedia":[{"embeddable":true,"href":"https:\/\/www.africanchallenges.com\/index.php?rest_route=\/wp\/v2\/media\/71339"}],"wp:attachment":[{"href":"https:\/\/www.africanchallenges.com\/index.php?rest_route=%2Fwp%2Fv2%2Fmedia&parent=71338"}],"wp:term":[{"taxonomy":"category","embeddable":true,"href":"https:\/\/www.africanchallenges.com\/index.php?rest_route=%2Fwp%2Fv2%2Fcategories&post=71338"},{"taxonomy":"post_tag","embeddable":true,"href":"https:\/\/www.africanchallenges.com\/index.php?rest_route=%2Fwp%2Fv2%2Ftags&post=71338"}],"curies":[{"name":"wp","href":"https:\/\/api.w.org\/{rel}","templated":true}]}}