{"id":71308,"date":"2026-02-16T10:02:32","date_gmt":"2026-02-16T09:02:32","guid":{"rendered":"https:\/\/www.africanchallenges.com\/?p=71308"},"modified":"2026-02-16T10:02:33","modified_gmt":"2026-02-16T09:02:33","slug":"retour-sur-la-rencontre-sahafa-med-au-maroc","status":"publish","type":"post","link":"https:\/\/www.africanchallenges.com\/?p=71308","title":{"rendered":"Retour sur la Rencontre Sahafa Med au Maroc"},"content":{"rendered":"\n<p class=\"wp-block-paragraph\">Une soixantaine de journalistes venus de tout le monde arabe \u00e9taient r\u00e9unies les 9 et 10 f\u00e9vrier 2026 \u00e0 Rabat au Maroc \u00e0 l\u2019occasion d\u2019une rencontre Sahafa Med d\u00e9di\u00e9e \u00e0 la couverture m\u00e9diatique des questions environnementales et climatiques. Cette rencontre \u00e9tait organis\u00e9e en partenariat avec le Minist\u00e8re marocain de la Culture, de la Communication et de la Jeunesse et avec le soutien de l\u2019Union europ\u00e9enne.&nbsp;<\/p>\n\n\n\n<p class=\"wp-block-paragraph\">A Rabat, Mabrouka Khedir, journaliste tunisienne fondatrice du m\u00e9dias Cosmos et Khaled Suleiman, journaliste irakien, ont pr\u00e9sent\u00e9 un \u00e9tat des lieux de la situation dans le monde arabe en mati\u00e8re de traitement m\u00e9diatique de l\u2019actualit\u00e9 environnementale. Au cours de cette rencontre, des initiatives visant \u00e0 renforcer et d\u00e9velopper la pr\u00e9sence de sujets concernant le climat ou l\u2019environnement dans les m\u00e9dias arabes ont \u00e9t\u00e9 pr\u00e9sent\u00e9es. Des \u00e9changes ont par ailleurs permis de discuter de la coop\u00e9ration et collaboration entre les journalistes et les scientifiques.&nbsp;<\/p>\n\n\n\n<p class=\"wp-block-paragraph\">Stefano Dotto, repr\u00e9sentant de la DGMENA de l\u2019Union europ\u00e9enne a, pour sa part, rappel\u00e9 au cours de cette rencontre l\u2019engagement de l\u2019Union europ\u00e9enne en faveur des m\u00e9dias ind\u00e9pendants et l\u2019importance du r\u00f4le jou\u00e9 par la soci\u00e9t\u00e9 civile et les journalistes dans la sensibilisation et la prise en compte des enjeux environnementaux.<\/p>\n\n\n\n<p class=\"wp-block-paragraph\">Enfin, le groupe de travail \u00ab&nbsp;Sahafa Med* \u00bb qui rassemble des journalistes de toute la r\u00e9gion sp\u00e9cialiste des questions environnementales a \u00e9t\u00e9 lanc\u00e9 \u00e0 l\u2019occasion de cette rencontre au Maroc. Il se r\u00e9unira r\u00e9guli\u00e8rement afin de favoriser les \u00e9changes et les collaborations entre les journalistes et les m\u00e9dias des diff\u00e9rents pays dans ce domaine.<\/p>\n\n\n\n<p class=\"wp-block-paragraph\"><em>*Le programme Sahafa Med fait partie du projet Bousolah men\u00e9 en partenariat avec ARIJ, avec le soutien de l\u2019Union Europ\u00e9enne<\/em><\/p>\n","protected":false},"excerpt":{"rendered":"<p>Une soixantaine de journalistes venus de tout le monde arabe \u00e9taient r\u00e9unies les 9 et 10 f\u00e9vrier 2026 \u00e0 Rabat au Maroc \u00e0 l\u2019occasion d\u2019une rencontre Sahafa Med d\u00e9di\u00e9e \u00e0 la couverture m\u00e9diatique des questions environnementales et climatiques. Cette rencontre \u00e9tait organis\u00e9e en partenariat avec le Minist\u00e8re marocain de la Culture, de la Communication et [&hellip;]<\/p>\n","protected":false},"author":4,"featured_media":71309,"comment_status":"open","ping_status":"closed","sticky":false,"template":"","format":"standard","meta":{"content-type":"","jnews-multi-image_gallery":[],"jnews_single_post":{"format":"standard"},"jnews_primary_category":[],"jnews_override_bookmark_settings":[],"jnews_review":[],"enable_review":"","type":"","name":"","summary":"","brand":"","sku":"","good":[],"bad":[],"score_override":"","override_value":"","rating":[],"price":[],"jnews_post_split":[],"footnotes":""},"categories":[6],"tags":[17715,349,17714,17713,471],"class_list":["post-71308","post","type-post","status-publish","format-standard","has-post-thumbnail","hentry","category-world","tag-arij","tag-maroc","tag-ministere-marocain-de-la-culture","tag-sahafa-med","tag-union-europeenne"],"_links":{"self":[{"href":"https:\/\/www.africanchallenges.com\/index.php?rest_route=\/wp\/v2\/posts\/71308","targetHints":{"allow":["GET"]}}],"collection":[{"href":"https:\/\/www.africanchallenges.com\/index.php?rest_route=\/wp\/v2\/posts"}],"about":[{"href":"https:\/\/www.africanchallenges.com\/index.php?rest_route=\/wp\/v2\/types\/post"}],"author":[{"embeddable":true,"href":"https:\/\/www.africanchallenges.com\/index.php?rest_route=\/wp\/v2\/users\/4"}],"replies":[{"embeddable":true,"href":"https:\/\/www.africanchallenges.com\/index.php?rest_route=%2Fwp%2Fv2%2Fcomments&post=71308"}],"version-history":[{"count":1,"href":"https:\/\/www.africanchallenges.com\/index.php?rest_route=\/wp\/v2\/posts\/71308\/revisions"}],"predecessor-version":[{"id":71310,"href":"https:\/\/www.africanchallenges.com\/index.php?rest_route=\/wp\/v2\/posts\/71308\/revisions\/71310"}],"wp:featuredmedia":[{"embeddable":true,"href":"https:\/\/www.africanchallenges.com\/index.php?rest_route=\/wp\/v2\/media\/71309"}],"wp:attachment":[{"href":"https:\/\/www.africanchallenges.com\/index.php?rest_route=%2Fwp%2Fv2%2Fmedia&parent=71308"}],"wp:term":[{"taxonomy":"category","embeddable":true,"href":"https:\/\/www.africanchallenges.com\/index.php?rest_route=%2Fwp%2Fv2%2Fcategories&post=71308"},{"taxonomy":"post_tag","embeddable":true,"href":"https:\/\/www.africanchallenges.com\/index.php?rest_route=%2Fwp%2Fv2%2Ftags&post=71308"}],"curies":[{"name":"wp","href":"https:\/\/api.w.org\/{rel}","templated":true}]}}