{"id":71238,"date":"2026-02-11T12:31:27","date_gmt":"2026-02-11T11:31:27","guid":{"rendered":"https:\/\/www.africanchallenges.com\/?p=71238"},"modified":"2026-02-11T12:33:22","modified_gmt":"2026-02-11T11:33:22","slug":"la-tunisie-met-en-avant-son-potentiel-touristique-et-artisanal-lors-du-satit-2026-a-abidjan","status":"publish","type":"post","link":"https:\/\/www.africanchallenges.com\/?p=71238","title":{"rendered":"La Tunisie met en avant son potentiel touristique et artisanal lors du SATIT 2026 \u00e0 Abidjan"},"content":{"rendered":"\n<p class=\"wp-block-paragraph\">L\u2019Ambassadeur de la R\u00e9publique tunisienne en C\u00f4te d\u2019Ivoire, Ziad Sa\u00e2daoui, a dirig\u00e9, le 5 f\u00e9vrier 2026, la c\u00e9r\u00e9monie d\u2019inauguration de la premi\u00e8re \u00e9dition du Salon du tourisme et de l\u2019artisanat tuniso-ivoirien (SATIT 2026), qui s\u2019est tenu \u00e0 Abidjan du 5 au 8 f\u00e9vrier 2026. <\/p>\n\n\n\n<p class=\"wp-block-paragraph\">L\u2019\u00e9v\u00e9nement a eu lieu en pr\u00e9sence de responsables des minist\u00e8res du Tourisme et des Loisirs, ainsi que de l\u2019Industrie, du Commerce et de l\u2019Artisanat, de plusieurs ambassadeurs et membres du corps diplomatique, ainsi que de repr\u00e9sentants de la Chambre de commerce et d\u2019industrie tuniso-ivoirienne. <\/p>\n\n\n\n<p class=\"wp-block-paragraph\">Dans son discours, l\u2019Ambassadeur a mis en exergue l\u2019importance de ce salon comme un espace de valorisation des atouts touristiques de la Tunisie et de la richesse de ses produits artisanaux. <\/p>\n\n\n\n<p class=\"wp-block-paragraph\">Il a \u00e9galement soulign\u00e9 le r\u00f4le du SATIT 2026 en tant que plateforme facilitant les \u00e9changes entre professionnels tunisiens et ivoiriens, ouvrant ainsi des perspectives prometteuses pour les \u00e9changes commerciaux et les investissements.<\/p>\n","protected":false},"excerpt":{"rendered":"<p>L\u2019Ambassadeur de la R\u00e9publique tunisienne en C\u00f4te d\u2019Ivoire, Ziad Sa\u00e2daoui, a dirig\u00e9, le 5 f\u00e9vrier 2026, la c\u00e9r\u00e9monie d\u2019inauguration de la premi\u00e8re \u00e9dition du Salon du tourisme et de l\u2019artisanat tuniso-ivoirien (SATIT 2026), qui s\u2019est tenu \u00e0 Abidjan du 5 au 8 f\u00e9vrier 2026. L\u2019\u00e9v\u00e9nement a eu lieu en pr\u00e9sence de responsables des minist\u00e8res du [&hellip;]<\/p>\n","protected":false},"author":4,"featured_media":71239,"comment_status":"open","ping_status":"closed","sticky":false,"template":"","format":"standard","meta":{"content-type":"","jnews-multi-image_gallery":[],"jnews_single_post":{"format":"standard"},"jnews_primary_category":[],"jnews_override_bookmark_settings":[],"jnews_review":[],"enable_review":"","type":"","name":"","summary":"","brand":"","sku":"","good":[],"bad":[],"score_override":"","override_value":"","rating":[],"price":[],"jnews_post_split":[],"footnotes":""},"categories":[2],"tags":[202,17683,54],"class_list":["post-71238","post","type-post","status-publish","format-standard","has-post-thumbnail","hentry","category-news-politique","tag-abidjan","tag-satit-2026","tag-tunisie"],"_links":{"self":[{"href":"https:\/\/www.africanchallenges.com\/index.php?rest_route=\/wp\/v2\/posts\/71238","targetHints":{"allow":["GET"]}}],"collection":[{"href":"https:\/\/www.africanchallenges.com\/index.php?rest_route=\/wp\/v2\/posts"}],"about":[{"href":"https:\/\/www.africanchallenges.com\/index.php?rest_route=\/wp\/v2\/types\/post"}],"author":[{"embeddable":true,"href":"https:\/\/www.africanchallenges.com\/index.php?rest_route=\/wp\/v2\/users\/4"}],"replies":[{"embeddable":true,"href":"https:\/\/www.africanchallenges.com\/index.php?rest_route=%2Fwp%2Fv2%2Fcomments&post=71238"}],"version-history":[{"count":1,"href":"https:\/\/www.africanchallenges.com\/index.php?rest_route=\/wp\/v2\/posts\/71238\/revisions"}],"predecessor-version":[{"id":71240,"href":"https:\/\/www.africanchallenges.com\/index.php?rest_route=\/wp\/v2\/posts\/71238\/revisions\/71240"}],"wp:featuredmedia":[{"embeddable":true,"href":"https:\/\/www.africanchallenges.com\/index.php?rest_route=\/wp\/v2\/media\/71239"}],"wp:attachment":[{"href":"https:\/\/www.africanchallenges.com\/index.php?rest_route=%2Fwp%2Fv2%2Fmedia&parent=71238"}],"wp:term":[{"taxonomy":"category","embeddable":true,"href":"https:\/\/www.africanchallenges.com\/index.php?rest_route=%2Fwp%2Fv2%2Fcategories&post=71238"},{"taxonomy":"post_tag","embeddable":true,"href":"https:\/\/www.africanchallenges.com\/index.php?rest_route=%2Fwp%2Fv2%2Ftags&post=71238"}],"curies":[{"name":"wp","href":"https:\/\/api.w.org\/{rel}","templated":true}]}}