{"id":71228,"date":"2026-02-11T11:46:25","date_gmt":"2026-02-11T10:46:25","guid":{"rendered":"https:\/\/www.africanchallenges.com\/?p=71228"},"modified":"2026-02-11T11:47:17","modified_gmt":"2026-02-11T10:47:17","slug":"tunisie-le-president-de-la-republique-kais-saied-met-fin-aux-fonctions-de-sami-ben-jannet-en-tant-que-directeur-general-de-linstitut-tunisien-des-etudes-strategiques-ites","status":"publish","type":"post","link":"https:\/\/www.africanchallenges.com\/?p=71228","title":{"rendered":"Tunisie : Le pr\u00e9sident de la R\u00e9publique met  fin aux fonctions de Sami Ben Jannet en tant que directeur g\u00e9n\u00e9ral de l\u2019Institut tunisien des \u00c9tudes Strat\u00e9giques (Ites)"},"content":{"rendered":"\n<p class=\"wp-block-paragraph\">Le pr\u00e9sident de la R\u00e9publique, Ka\u00efs Sa\u00efed, a pris la d\u00e9cision ce mardi 10 f\u00e9vrier 2026 de mettre fin aux fonctions de Sami Ben Jannet en tant que directeur g\u00e9n\u00e9ral de l\u2019Institut tunisien des \u00c9tudes Strat\u00e9giques (Ites). <\/p>\n\n\n\n<p class=\"wp-block-paragraph\">Sami Ben Jannet avait \u00e9t\u00e9 nomm\u00e9 directeur g\u00e9n\u00e9ral de l\u2019Ites le 3 d\u00e9cembre 2019, sous l\u2019autorit\u00e9 de la pr\u00e9sidence de la R\u00e9publique, succ\u00e9dant \u00e0 N\u00e9ji Jalloul, qui avait d\u00e9missionn\u00e9. <\/p>\n\n\n\n<p class=\"wp-block-paragraph\">Haut fonctionnaire au minist\u00e8re des Finances, Sami Ben Jannet occupait auparavant le poste de directeur g\u00e9n\u00e9ral de la R\u00e9gie nationale des tabacs et allumettes (RNTA), qui est sous la tutelle du minist\u00e8re des Finances.<\/p>\n","protected":false},"excerpt":{"rendered":"<p>Le pr\u00e9sident de la R\u00e9publique, Ka\u00efs Sa\u00efed, a pris la d\u00e9cision ce mardi 10 f\u00e9vrier 2026 de mettre fin aux fonctions de Sami Ben Jannet en tant que directeur g\u00e9n\u00e9ral de l\u2019Institut tunisien des \u00c9tudes Strat\u00e9giques (Ites). Sami Ben Jannet avait \u00e9t\u00e9 nomm\u00e9 directeur g\u00e9n\u00e9ral de l\u2019Ites le 3 d\u00e9cembre 2019, sous l\u2019autorit\u00e9 de la [&hellip;]<\/p>\n","protected":false},"author":4,"featured_media":24315,"comment_status":"open","ping_status":"closed","sticky":false,"template":"","format":"standard","meta":{"content-type":"","jnews-multi-image_gallery":[],"jnews_single_post":{"format":"standard"},"jnews_primary_category":[],"jnews_override_bookmark_settings":[],"jnews_review":[],"enable_review":"","type":"","name":"","summary":"","brand":"","sku":"","good":[],"bad":[],"score_override":"","override_value":"","rating":[],"price":[],"jnews_post_split":[],"footnotes":""},"categories":[2],"tags":[1538,3712,17680,54],"class_list":["post-71228","post","type-post","status-publish","format-standard","has-post-thumbnail","hentry","category-news-politique","tag-ites","tag-kais-saied-2","tag-sami-ben-jannet","tag-tunisie"],"_links":{"self":[{"href":"https:\/\/www.africanchallenges.com\/index.php?rest_route=\/wp\/v2\/posts\/71228","targetHints":{"allow":["GET"]}}],"collection":[{"href":"https:\/\/www.africanchallenges.com\/index.php?rest_route=\/wp\/v2\/posts"}],"about":[{"href":"https:\/\/www.africanchallenges.com\/index.php?rest_route=\/wp\/v2\/types\/post"}],"author":[{"embeddable":true,"href":"https:\/\/www.africanchallenges.com\/index.php?rest_route=\/wp\/v2\/users\/4"}],"replies":[{"embeddable":true,"href":"https:\/\/www.africanchallenges.com\/index.php?rest_route=%2Fwp%2Fv2%2Fcomments&post=71228"}],"version-history":[{"count":3,"href":"https:\/\/www.africanchallenges.com\/index.php?rest_route=\/wp\/v2\/posts\/71228\/revisions"}],"predecessor-version":[{"id":71232,"href":"https:\/\/www.africanchallenges.com\/index.php?rest_route=\/wp\/v2\/posts\/71228\/revisions\/71232"}],"wp:featuredmedia":[{"embeddable":true,"href":"https:\/\/www.africanchallenges.com\/index.php?rest_route=\/wp\/v2\/media\/24315"}],"wp:attachment":[{"href":"https:\/\/www.africanchallenges.com\/index.php?rest_route=%2Fwp%2Fv2%2Fmedia&parent=71228"}],"wp:term":[{"taxonomy":"category","embeddable":true,"href":"https:\/\/www.africanchallenges.com\/index.php?rest_route=%2Fwp%2Fv2%2Fcategories&post=71228"},{"taxonomy":"post_tag","embeddable":true,"href":"https:\/\/www.africanchallenges.com\/index.php?rest_route=%2Fwp%2Fv2%2Ftags&post=71228"}],"curies":[{"name":"wp","href":"https:\/\/api.w.org\/{rel}","templated":true}]}}