{"id":71204,"date":"2026-02-10T12:01:02","date_gmt":"2026-02-10T11:01:02","guid":{"rendered":"https:\/\/www.africanchallenges.com\/?p=71204"},"modified":"2026-02-10T12:01:04","modified_gmt":"2026-02-10T11:01:04","slug":"la-tunisie-participe-a-la-cinquieme-reunion-du-groupe-de-travail-intergouvernemental-de-lorganisation-mondiale-de-la-sante-oms","status":"publish","type":"post","link":"https:\/\/www.africanchallenges.com\/?p=71204","title":{"rendered":"La Tunisie participe \u00e0 la cinqui\u00e8me r\u00e9union du Groupe de travail intergouvernemental de l\u2019Organisation mondiale de la Sant\u00e9 (OMS)"},"content":{"rendered":"\n<p class=\"wp-block-paragraph\">La Tunisie a particip\u00e9 hier le lundi 9 f\u00e9vrier, \u00e0 Gen\u00e8ve, \u00e0 la cinqui\u00e8me r\u00e9union du Groupe de travail intergouvernemental de l\u2019Organisation mondiale de la Sant\u00e9 (OMS) d\u00e9di\u00e9e \u00e0 l\u2019accord international sur les pand\u00e9mies, dont les discussions se poursuivront jusqu\u2019au 14 f\u00e9vrier sous la copr\u00e9sidence du Br\u00e9sil et de la Nouvelle-Z\u00e9lande.<\/p>\n\n\n\n<p class=\"wp-block-paragraph\">Des repr\u00e9sentants des organismes comp\u00e9tents du minist\u00e8re tunisien de la Sant\u00e9 participent \u00e0 cette session inaugurale ainsi qu\u2019aux travaux en visioconf\u00e9rence. Leur pr\u00e9sence met en avant l\u2019engagement de la Tunisie dans l\u2019ach\u00e8vement de la r\u00e9daction de l\u2019annexe relative \u00e0 l\u2019article 12 de l\u2019accord, une initiative pour laquelle le pr\u00e9sident de la R\u00e9publique, Ka\u00efs Sa\u00efed, a \u00e9t\u00e9 parmi les premiers \u00e0 plaider.<\/p>\n\n\n\n<p class=\"wp-block-paragraph\">Ce r\u00f4le de leader a \u00e9t\u00e9 officiellement reconnu par l\u2019OMS, qui a remis au chef de l\u2019\u00c9tat le \u00ab blason de l\u2019accord \u00bb le 10 juillet 2025, en reconnaissance de sa contribution essentielle \u00e0 l\u2019adoption de ce m\u00e9canisme international.<\/p>\n\n\n\n<p class=\"wp-block-paragraph\">Ce texte, visant \u00e0 renforcer la r\u00e9silience du syst\u00e8me de sant\u00e9 mondial face aux crises pand\u00e9miques \u00e0 venir, repr\u00e9sente une avanc\u00e9e significative dans la gouvernance sanitaire mondiale.<\/p>\n","protected":false},"excerpt":{"rendered":"<p>La Tunisie a particip\u00e9 hier le lundi 9 f\u00e9vrier, \u00e0 Gen\u00e8ve, \u00e0 la cinqui\u00e8me r\u00e9union du Groupe de travail intergouvernemental de l\u2019Organisation mondiale de la Sant\u00e9 (OMS) d\u00e9di\u00e9e \u00e0 l\u2019accord international sur les pand\u00e9mies, dont les discussions se poursuivront jusqu\u2019au 14 f\u00e9vrier sous la copr\u00e9sidence du Br\u00e9sil et de la Nouvelle-Z\u00e9lande. Des repr\u00e9sentants des organismes [&hellip;]<\/p>\n","protected":false},"author":4,"featured_media":71205,"comment_status":"open","ping_status":"closed","sticky":false,"template":"","format":"standard","meta":{"content-type":"","jnews-multi-image_gallery":[],"jnews_single_post":{"format":"standard"},"jnews_primary_category":[],"jnews_override_bookmark_settings":[],"jnews_review":[],"enable_review":"","type":"","name":"","summary":"","brand":"","sku":"","good":[],"bad":[],"score_override":"","override_value":"","rating":[],"price":[],"jnews_post_split":[],"footnotes":""},"categories":[11],"tags":[1103,17670,1797,54],"class_list":["post-71204","post","type-post","status-publish","format-standard","has-post-thumbnail","hentry","category-health","tag-accord","tag-groupe-de-travail-intergouvernemental-de-lorganisation-mondiale-de-la-sante","tag-reunion","tag-tunisie"],"_links":{"self":[{"href":"https:\/\/www.africanchallenges.com\/index.php?rest_route=\/wp\/v2\/posts\/71204","targetHints":{"allow":["GET"]}}],"collection":[{"href":"https:\/\/www.africanchallenges.com\/index.php?rest_route=\/wp\/v2\/posts"}],"about":[{"href":"https:\/\/www.africanchallenges.com\/index.php?rest_route=\/wp\/v2\/types\/post"}],"author":[{"embeddable":true,"href":"https:\/\/www.africanchallenges.com\/index.php?rest_route=\/wp\/v2\/users\/4"}],"replies":[{"embeddable":true,"href":"https:\/\/www.africanchallenges.com\/index.php?rest_route=%2Fwp%2Fv2%2Fcomments&post=71204"}],"version-history":[{"count":1,"href":"https:\/\/www.africanchallenges.com\/index.php?rest_route=\/wp\/v2\/posts\/71204\/revisions"}],"predecessor-version":[{"id":71206,"href":"https:\/\/www.africanchallenges.com\/index.php?rest_route=\/wp\/v2\/posts\/71204\/revisions\/71206"}],"wp:featuredmedia":[{"embeddable":true,"href":"https:\/\/www.africanchallenges.com\/index.php?rest_route=\/wp\/v2\/media\/71205"}],"wp:attachment":[{"href":"https:\/\/www.africanchallenges.com\/index.php?rest_route=%2Fwp%2Fv2%2Fmedia&parent=71204"}],"wp:term":[{"taxonomy":"category","embeddable":true,"href":"https:\/\/www.africanchallenges.com\/index.php?rest_route=%2Fwp%2Fv2%2Fcategories&post=71204"},{"taxonomy":"post_tag","embeddable":true,"href":"https:\/\/www.africanchallenges.com\/index.php?rest_route=%2Fwp%2Fv2%2Ftags&post=71204"}],"curies":[{"name":"wp","href":"https:\/\/api.w.org\/{rel}","templated":true}]}}